{"id":10546,"date":"2024-07-28T21:22:21","date_gmt":"2024-07-28T19:22:21","guid":{"rendered":"https:\/\/infos-droitshumains.net\/?p=10546"},"modified":"2024-07-28T21:27:51","modified_gmt":"2024-07-28T19:27:51","slug":"julienne-lusenge-lune-des-laureats-du-prix-des-nations-unies-pour-les-droits-de-lhomme-a-recu-des-hommages-dignes-de-son-pays","status":"publish","type":"post","link":"https:\/\/infos-droitshumains.net\/?p=10546","title":{"rendered":"Julienne Lusenge, l&rsquo;une des laur\u00e9ats du prix des Nations Unies pour les Droits de l&rsquo;Homme a re\u00e7u des hommages dignes de son pays"},"content":{"rendered":"\n<p><strong>R\u00e9daction: +243 817 406 088<\/strong><\/p>\n\n\n\n<h3 class=\"wp-block-heading has-vivid-red-color has-text-color has-link-color wp-elements-8cb3c41fe2963d0a9c40b793cf601f88\">Reconnue pour son combat acharn\u00e9 pour la d\u00e9fense des Droits de la femme en R\u00e9publique D\u00e9mocratique du Congo, la coordinatrice de l&rsquo;ONG solidarit\u00e9 f\u00e9minine pour la paix et le d\u00e9veloppement int\u00e9gral (SOFEPADI) avait re\u00e7u, le 15 d\u00e9cembre 2023 \u00e0 New York, le prix des Nations Unies pour les droits de l&rsquo;homme. A cet effet,&nbsp; la pr\u00e9sentation de ce prix a eu lieu ce samedi 27 juillet 2024 \u00e0 Kinshasa. C\u2019\u00e9tait au cours d&rsquo;une c\u00e9r\u00e9monie d&rsquo;hommage \u00e0 la laur\u00e9ate organis\u00e9e par le minist\u00e8re des droits humains et le Bureau Conjoint des Nations Unies aux Droits de l&rsquo;Homme (BCNUDH).<\/h3>\n\n\n\n<figure class=\"wp-block-image alignfull size-large\"><img data-recalc-dims=\"1\" fetchpriority=\"high\" decoding=\"async\" width=\"640\" height=\"853\" src=\"https:\/\/i0.wp.com\/infos-droitshumains.net\/wp-content\/uploads\/2024\/07\/IMG-20240728-WA0048.jpg?resize=640%2C853&#038;ssl=1\" alt=\"\" class=\"wp-image-10551\" srcset=\"https:\/\/i0.wp.com\/infos-droitshumains.net\/wp-content\/uploads\/2024\/07\/IMG-20240728-WA0048.jpg?resize=768%2C1024&amp;ssl=1 768w, https:\/\/i0.wp.com\/infos-droitshumains.net\/wp-content\/uploads\/2024\/07\/IMG-20240728-WA0048.jpg?resize=225%2C300&amp;ssl=1 225w, https:\/\/i0.wp.com\/infos-droitshumains.net\/wp-content\/uploads\/2024\/07\/IMG-20240728-WA0048.jpg?w=960&amp;ssl=1 960w\" sizes=\"(max-width: 640px) 100vw, 640px\" \/><\/figure>\n\n\n\n<p>Ce prix d\u00e9cern\u00e9 aux individu et associations, l\u2019est <em>\u00ab&nbsp;en reconnaissance de leur accomplissement exceptionnel en mati\u00e8re des droits de l&rsquo;homme. c&rsquo;est un prix que l&rsquo;Assembl\u00e9e G\u00e9n\u00e9rale des Nations Unies a institu\u00e9 pour reconna\u00eetre publiquement les r\u00e9alisations de ses laur\u00e9ats et envoy\u00e9 un message au soutien des d\u00e9fenseurs des droits humains du monde entier&nbsp;\u00bb<\/em>, a rappel\u00e9 Patrice Vahard, Directeur de la BCNUDH.<\/p>\n\n\n\n<figure class=\"wp-block-image alignfull size-large\"><img data-recalc-dims=\"1\" decoding=\"async\" width=\"640\" height=\"480\" src=\"https:\/\/i0.wp.com\/infos-droitshumains.net\/wp-content\/uploads\/2024\/07\/IMG-20240728-WA0052.jpg?resize=640%2C480&#038;ssl=1\" alt=\"\" class=\"wp-image-10553\" srcset=\"https:\/\/i0.wp.com\/infos-droitshumains.net\/wp-content\/uploads\/2024\/07\/IMG-20240728-WA0052.jpg?resize=1024%2C768&amp;ssl=1 1024w, https:\/\/i0.wp.com\/infos-droitshumains.net\/wp-content\/uploads\/2024\/07\/IMG-20240728-WA0052.jpg?resize=300%2C225&amp;ssl=1 300w, https:\/\/i0.wp.com\/infos-droitshumains.net\/wp-content\/uploads\/2024\/07\/IMG-20240728-WA0052.jpg?resize=768%2C576&amp;ssl=1 768w, https:\/\/i0.wp.com\/infos-droitshumains.net\/wp-content\/uploads\/2024\/07\/IMG-20240728-WA0052.jpg?w=1280&amp;ssl=1 1280w\" sizes=\"(max-width: 640px) 100vw, 640px\" \/><\/figure>\n\n\n\n<p>De son c\u00f4t\u00e9, la ministre des droits humains a indiqu\u00e9 que la c\u00e9l\u00e9bration de ce prix r\u00e9it\u00e8re l&rsquo;engagement du gouvernement congolais en faveur des droits humains. Parlant de la laur\u00e9ate telle que lui d\u00e9crite par les Nations Unies, Chantal Chambu Mwavita parle d\u2019une femme <em>\u00ab&nbsp;leader et \u00e9prise par la d\u00e9fense des droits de l&rsquo;homme en RD&nbsp;\u00bb<\/em>. Mieux connue pour son soutien aux victimes des violences sexuelles pendant les conflit, <em>\u00ab&nbsp;un accent tr\u00e8s particulier est mis sur son leadership pour l&rsquo;autonomisation de la femme et transformation des conflits, la justice climatique, la protection de l&rsquo;environnement et la sant\u00e9 sexuelle et reproductive&nbsp;\u00bb<\/em>, a par ailleurs insist\u00e9 la ministre des droits humains.<\/p>\n\n\n\n<figure class=\"wp-block-image alignfull size-large\"><img data-recalc-dims=\"1\" decoding=\"async\" width=\"640\" height=\"480\" src=\"https:\/\/i0.wp.com\/infos-droitshumains.net\/wp-content\/uploads\/2024\/07\/IMG-20240728-WA0031.jpg?resize=640%2C480&#038;ssl=1\" alt=\"\" class=\"wp-image-10554\" srcset=\"https:\/\/i0.wp.com\/infos-droitshumains.net\/wp-content\/uploads\/2024\/07\/IMG-20240728-WA0031.jpg?resize=1024%2C768&amp;ssl=1 1024w, https:\/\/i0.wp.com\/infos-droitshumains.net\/wp-content\/uploads\/2024\/07\/IMG-20240728-WA0031.jpg?resize=300%2C225&amp;ssl=1 300w, https:\/\/i0.wp.com\/infos-droitshumains.net\/wp-content\/uploads\/2024\/07\/IMG-20240728-WA0031.jpg?resize=768%2C576&amp;ssl=1 768w, https:\/\/i0.wp.com\/infos-droitshumains.net\/wp-content\/uploads\/2024\/07\/IMG-20240728-WA0031.jpg?w=1280&amp;ssl=1 1280w\" sizes=\"(max-width: 640px) 100vw, 640px\" \/><\/figure>\n\n\n\n<p>\u00c0 l&rsquo;honneur du jour, Julienne Lusenge, laur\u00e9ate du prix des Nations Unies pour les Droits de l&rsquo;Homme a indiqu\u00e9 que ce prix n&rsquo;est pas une reconnaissance personnelle, mais plut\u00f4t une victoire collective pour toutes les femmes et les d\u00e9fenseurs des Droits de l&rsquo;Homme en RDC et du monde entier. ce, avant de r\u00e9v\u00e9ler les motivations de son engagement pour la d\u00e9fense des Droits des femmes.<\/p>\n\n\n\n<p>Elle souligne que depuis plus de 40 ans, son <em>\u00ab&nbsp;engagement est motiv\u00e9 par la conviction profonde que chaque femme a le droit de vivre sans peur, sans violence, avec la possibilit\u00e9 de r\u00e9aliser son plein potentiel et de renforcer le leadership de la femme dans la consolidation de la paix et leur engagement politique&nbsp;\u00bb<\/em>.<\/p>\n\n\n\n<p>Au cours de cette c\u00e9l\u00e9bration , la ministre a remis le prix des Nations Unies pour les droits de l&rsquo;homme \u00e0 Julienne Lusenge et cette derni\u00e8re l&rsquo;a pr\u00e9sent\u00e9 \u00e0 l&rsquo;assistance. Aussi, les stands de certaines structures f\u00e9minines pour la d\u00e9fense des droits de la femme plac\u00e9s pour la circonstance ont \u00e9t\u00e9 visit\u00e9s par les invit\u00e9s.<\/p>\n\n\n\n<figure class=\"wp-block-image alignfull size-large\"><img data-recalc-dims=\"1\" loading=\"lazy\" decoding=\"async\" width=\"640\" height=\"480\" src=\"https:\/\/i0.wp.com\/infos-droitshumains.net\/wp-content\/uploads\/2024\/07\/IMG-20240728-WA0049.jpg?resize=640%2C480&#038;ssl=1\" alt=\"\" class=\"wp-image-10557\" srcset=\"https:\/\/i0.wp.com\/infos-droitshumains.net\/wp-content\/uploads\/2024\/07\/IMG-20240728-WA0049.jpg?resize=1024%2C768&amp;ssl=1 1024w, https:\/\/i0.wp.com\/infos-droitshumains.net\/wp-content\/uploads\/2024\/07\/IMG-20240728-WA0049.jpg?resize=300%2C225&amp;ssl=1 300w, https:\/\/i0.wp.com\/infos-droitshumains.net\/wp-content\/uploads\/2024\/07\/IMG-20240728-WA0049.jpg?resize=768%2C576&amp;ssl=1 768w, https:\/\/i0.wp.com\/infos-droitshumains.net\/wp-content\/uploads\/2024\/07\/IMG-20240728-WA0049.jpg?w=1280&amp;ssl=1 1280w\" sizes=\"(max-width: 640px) 100vw, 640px\" \/><\/figure>\n\n\n\n<p>Il sied de noter que le prix des Nations Unies pour les droits de l&rsquo;homme a \u00e9t\u00e9 institu\u00e9 et d\u00e9cern\u00e9 pour la premi\u00e8re fois en 1966 et il est attribu\u00e9 apr\u00e8s 5ans. Pour l&rsquo;ann\u00e9e 2023, cinq laur\u00e9ats&nbsp; parmi lesquels Julienne Lusenge ont pu arracher ce prix.<\/p>\n\n\n\n<p>AM<\/p>\n","protected":false},"excerpt":{"rendered":"<p>R\u00e9daction: +243 817 406 088 Reconnue pour son combat acharn\u00e9 pour la d\u00e9fense des Droits&#8230;<\/p>\n","protected":false},"author":2,"featured_media":10550,"comment_status":"open","ping_status":"open","sticky":false,"template":"","format":"standard","meta":{"_jetpack_memberships_contains_paid_content":false,"footnotes":""},"categories":[7],"tags":[],"class_list":["post-10546","post","type-post","status-publish","format-standard","has-post-thumbnail","hentry","category-droits-humains"],"yoast_head":"<!-- This site is optimized with the Yoast SEO plugin v27.5 - https:\/\/yoast.com\/product\/yoast-seo-wordpress\/ -->\n<title>Julienne Lusenge, l&#039;une des laur\u00e9ats du prix des Nations Unies pour les Droits de l&#039;Homme a re\u00e7u des hommages dignes de son pays - Infos Droits Humains<\/title>\n<meta name=\"robots\" content=\"index, follow, max-snippet:-1, max-image-preview:large, max-video-preview:-1\" \/>\n<link rel=\"canonical\" href=\"https:\/\/infos-droitshumains.net\/?p=10546\" \/>\n<meta property=\"og:locale\" content=\"fr_FR\" \/>\n<meta property=\"og:type\" content=\"article\" \/>\n<meta property=\"og:title\" content=\"Julienne Lusenge, l&#039;une des laur\u00e9ats du prix des Nations Unies pour les Droits de l&#039;Homme a re\u00e7u des hommages dignes de son pays - Infos Droits Humains\" \/>\n<meta property=\"og:description\" content=\"R\u00e9daction: +243 817 406 088 Reconnue pour son combat acharn\u00e9 pour la d\u00e9fense des Droits...\" \/>\n<meta property=\"og:url\" content=\"https:\/\/infos-droitshumains.net\/?p=10546\" \/>\n<meta property=\"og:site_name\" content=\"Infos Droits Humains\" \/>\n<meta property=\"article:published_time\" content=\"2024-07-28T19:22:21+00:00\" \/>\n<meta property=\"article:modified_time\" content=\"2024-07-28T19:27:51+00:00\" \/>\n<meta property=\"og:image\" content=\"https:\/\/infos-droitshumains.net\/wp-content\/uploads\/2024\/07\/IMG-20240728-WA0032.jpg\" \/>\n\t<meta property=\"og:image:width\" content=\"1280\" \/>\n\t<meta property=\"og:image:height\" content=\"960\" \/>\n\t<meta property=\"og:image:type\" content=\"image\/jpeg\" \/>\n<meta name=\"author\" content=\"Jo\u00ebl Diawa\" \/>\n<meta name=\"twitter:card\" content=\"summary_large_image\" \/>\n<meta name=\"twitter:label1\" content=\"\u00c9crit par\" \/>\n\t<meta name=\"twitter:data1\" content=\"Jo\u00ebl Diawa\" \/>\n\t<meta name=\"twitter:label2\" content=\"Dur\u00e9e de lecture estim\u00e9e\" \/>\n\t<meta name=\"twitter:data2\" content=\"4 minutes\" \/>\n<script type=\"application\/ld+json\" class=\"yoast-schema-graph\">{\"@context\":\"https:\\\/\\\/schema.org\",\"@graph\":[{\"@type\":\"Article\",\"@id\":\"https:\\\/\\\/infos-droitshumains.net\\\/?p=10546#article\",\"isPartOf\":{\"@id\":\"https:\\\/\\\/infos-droitshumains.net\\\/?p=10546\"},\"author\":{\"name\":\"Jo\u00ebl Diawa\",\"@id\":\"https:\\\/\\\/infos-droitshumains.net\\\/#\\\/schema\\\/person\\\/3dc5e921c3302172e0ed4362f96faab7\"},\"headline\":\"Julienne Lusenge, l&rsquo;une des laur\u00e9ats du prix des Nations Unies pour les Droits de l&rsquo;Homme a re\u00e7u des hommages dignes de son pays\",\"datePublished\":\"2024-07-28T19:22:21+00:00\",\"dateModified\":\"2024-07-28T19:27:51+00:00\",\"mainEntityOfPage\":{\"@id\":\"https:\\\/\\\/infos-droitshumains.net\\\/?p=10546\"},\"wordCount\":567,\"commentCount\":2,\"publisher\":{\"@id\":\"https:\\\/\\\/infos-droitshumains.net\\\/#organization\"},\"image\":{\"@id\":\"https:\\\/\\\/infos-droitshumains.net\\\/?p=10546#primaryimage\"},\"thumbnailUrl\":\"https:\\\/\\\/i0.wp.com\\\/infos-droitshumains.net\\\/wp-content\\\/uploads\\\/2024\\\/07\\\/IMG-20240728-WA0032.jpg?fit=1280%2C960&ssl=1\",\"articleSection\":[\"Droits Humains\"],\"inLanguage\":\"fr-FR\",\"potentialAction\":[{\"@type\":\"CommentAction\",\"name\":\"Comment\",\"target\":[\"https:\\\/\\\/infos-droitshumains.net\\\/?p=10546#respond\"]}]},{\"@type\":\"WebPage\",\"@id\":\"https:\\\/\\\/infos-droitshumains.net\\\/?p=10546\",\"url\":\"https:\\\/\\\/infos-droitshumains.net\\\/?p=10546\",\"name\":\"Julienne Lusenge, l'une des laur\u00e9ats du prix des Nations Unies pour les Droits de l'Homme a re\u00e7u des hommages dignes de son pays - Infos Droits Humains\",\"isPartOf\":{\"@id\":\"https:\\\/\\\/infos-droitshumains.net\\\/#website\"},\"primaryImageOfPage\":{\"@id\":\"https:\\\/\\\/infos-droitshumains.net\\\/?p=10546#primaryimage\"},\"image\":{\"@id\":\"https:\\\/\\\/infos-droitshumains.net\\\/?p=10546#primaryimage\"},\"thumbnailUrl\":\"https:\\\/\\\/i0.wp.com\\\/infos-droitshumains.net\\\/wp-content\\\/uploads\\\/2024\\\/07\\\/IMG-20240728-WA0032.jpg?fit=1280%2C960&ssl=1\",\"datePublished\":\"2024-07-28T19:22:21+00:00\",\"dateModified\":\"2024-07-28T19:27:51+00:00\",\"breadcrumb\":{\"@id\":\"https:\\\/\\\/infos-droitshumains.net\\\/?p=10546#breadcrumb\"},\"inLanguage\":\"fr-FR\",\"potentialAction\":[{\"@type\":\"ReadAction\",\"target\":[\"https:\\\/\\\/infos-droitshumains.net\\\/?p=10546\"]}]},{\"@type\":\"ImageObject\",\"inLanguage\":\"fr-FR\",\"@id\":\"https:\\\/\\\/infos-droitshumains.net\\\/?p=10546#primaryimage\",\"url\":\"https:\\\/\\\/i0.wp.com\\\/infos-droitshumains.net\\\/wp-content\\\/uploads\\\/2024\\\/07\\\/IMG-20240728-WA0032.jpg?fit=1280%2C960&ssl=1\",\"contentUrl\":\"https:\\\/\\\/i0.wp.com\\\/infos-droitshumains.net\\\/wp-content\\\/uploads\\\/2024\\\/07\\\/IMG-20240728-WA0032.jpg?fit=1280%2C960&ssl=1\",\"width\":1280,\"height\":960},{\"@type\":\"BreadcrumbList\",\"@id\":\"https:\\\/\\\/infos-droitshumains.net\\\/?p=10546#breadcrumb\",\"itemListElement\":[{\"@type\":\"ListItem\",\"position\":1,\"name\":\"Accueil\",\"item\":\"https:\\\/\\\/infos-droitshumains.net\\\/\"},{\"@type\":\"ListItem\",\"position\":2,\"name\":\"Julienne Lusenge, l&rsquo;une des laur\u00e9ats du prix des Nations Unies pour les Droits de l&rsquo;Homme a re\u00e7u des hommages dignes de son pays\"}]},{\"@type\":\"WebSite\",\"@id\":\"https:\\\/\\\/infos-droitshumains.net\\\/#website\",\"url\":\"https:\\\/\\\/infos-droitshumains.net\\\/\",\"name\":\"Infos Droits Humains\",\"description\":\"S&#039;informer est un droit\",\"publisher\":{\"@id\":\"https:\\\/\\\/infos-droitshumains.net\\\/#organization\"},\"potentialAction\":[{\"@type\":\"SearchAction\",\"target\":{\"@type\":\"EntryPoint\",\"urlTemplate\":\"https:\\\/\\\/infos-droitshumains.net\\\/?s={search_term_string}\"},\"query-input\":{\"@type\":\"PropertyValueSpecification\",\"valueRequired\":true,\"valueName\":\"search_term_string\"}}],\"inLanguage\":\"fr-FR\"},{\"@type\":\"Organization\",\"@id\":\"https:\\\/\\\/infos-droitshumains.net\\\/#organization\",\"name\":\"Infos Droits Humains\",\"url\":\"https:\\\/\\\/infos-droitshumains.net\\\/\",\"logo\":{\"@type\":\"ImageObject\",\"inLanguage\":\"fr-FR\",\"@id\":\"https:\\\/\\\/infos-droitshumains.net\\\/#\\\/schema\\\/logo\\\/image\\\/\",\"url\":\"https:\\\/\\\/i0.wp.com\\\/infos-droitshumains.net\\\/wp-content\\\/uploads\\\/2022\\\/05\\\/Logo.png?fit=333%2C129&ssl=1\",\"contentUrl\":\"https:\\\/\\\/i0.wp.com\\\/infos-droitshumains.net\\\/wp-content\\\/uploads\\\/2022\\\/05\\\/Logo.png?fit=333%2C129&ssl=1\",\"width\":333,\"height\":129,\"caption\":\"Infos Droits Humains\"},\"image\":{\"@id\":\"https:\\\/\\\/infos-droitshumains.net\\\/#\\\/schema\\\/logo\\\/image\\\/\"}},{\"@type\":\"Person\",\"@id\":\"https:\\\/\\\/infos-droitshumains.net\\\/#\\\/schema\\\/person\\\/3dc5e921c3302172e0ed4362f96faab7\",\"name\":\"Jo\u00ebl Diawa\",\"image\":{\"@type\":\"ImageObject\",\"inLanguage\":\"fr-FR\",\"@id\":\"https:\\\/\\\/secure.gravatar.com\\\/avatar\\\/729bea6ff4604c624417803c477363be8e3c7186deaa65713313f9b4b820f41c?s=96&d=mm&r=g\",\"url\":\"https:\\\/\\\/secure.gravatar.com\\\/avatar\\\/729bea6ff4604c624417803c477363be8e3c7186deaa65713313f9b4b820f41c?s=96&d=mm&r=g\",\"contentUrl\":\"https:\\\/\\\/secure.gravatar.com\\\/avatar\\\/729bea6ff4604c624417803c477363be8e3c7186deaa65713313f9b4b820f41c?s=96&d=mm&r=g\",\"caption\":\"Jo\u00ebl Diawa\"},\"sameAs\":[\"https:\\\/\\\/www.infos-droitshumains.net\"],\"url\":\"https:\\\/\\\/infos-droitshumains.net\\\/?author=2\"}]}<\/script>\n<!-- \/ Yoast SEO plugin. -->","yoast_head_json":{"title":"Julienne Lusenge, l'une des laur\u00e9ats du prix des Nations Unies pour les Droits de l'Homme a re\u00e7u des hommages dignes de son pays - Infos Droits Humains","robots":{"index":"index","follow":"follow","max-snippet":"max-snippet:-1","max-image-preview":"max-image-preview:large","max-video-preview":"max-video-preview:-1"},"canonical":"https:\/\/infos-droitshumains.net\/?p=10546","og_locale":"fr_FR","og_type":"article","og_title":"Julienne Lusenge, l'une des laur\u00e9ats du prix des Nations Unies pour les Droits de l'Homme a re\u00e7u des hommages dignes de son pays - Infos Droits Humains","og_description":"R\u00e9daction: +243 817 406 088 Reconnue pour son combat acharn\u00e9 pour la d\u00e9fense des Droits...","og_url":"https:\/\/infos-droitshumains.net\/?p=10546","og_site_name":"Infos Droits Humains","article_published_time":"2024-07-28T19:22:21+00:00","article_modified_time":"2024-07-28T19:27:51+00:00","og_image":[{"width":1280,"height":960,"url":"https:\/\/infos-droitshumains.net\/wp-content\/uploads\/2024\/07\/IMG-20240728-WA0032.jpg","type":"image\/jpeg"}],"author":"Jo\u00ebl Diawa","twitter_card":"summary_large_image","twitter_misc":{"\u00c9crit par":"Jo\u00ebl Diawa","Dur\u00e9e de lecture estim\u00e9e":"4 minutes"},"schema":{"@context":"https:\/\/schema.org","@graph":[{"@type":"Article","@id":"https:\/\/infos-droitshumains.net\/?p=10546#article","isPartOf":{"@id":"https:\/\/infos-droitshumains.net\/?p=10546"},"author":{"name":"Jo\u00ebl Diawa","@id":"https:\/\/infos-droitshumains.net\/#\/schema\/person\/3dc5e921c3302172e0ed4362f96faab7"},"headline":"Julienne Lusenge, l&rsquo;une des laur\u00e9ats du prix des Nations Unies pour les Droits de l&rsquo;Homme a re\u00e7u des hommages dignes de son pays","datePublished":"2024-07-28T19:22:21+00:00","dateModified":"2024-07-28T19:27:51+00:00","mainEntityOfPage":{"@id":"https:\/\/infos-droitshumains.net\/?p=10546"},"wordCount":567,"commentCount":2,"publisher":{"@id":"https:\/\/infos-droitshumains.net\/#organization"},"image":{"@id":"https:\/\/infos-droitshumains.net\/?p=10546#primaryimage"},"thumbnailUrl":"https:\/\/i0.wp.com\/infos-droitshumains.net\/wp-content\/uploads\/2024\/07\/IMG-20240728-WA0032.jpg?fit=1280%2C960&ssl=1","articleSection":["Droits Humains"],"inLanguage":"fr-FR","potentialAction":[{"@type":"CommentAction","name":"Comment","target":["https:\/\/infos-droitshumains.net\/?p=10546#respond"]}]},{"@type":"WebPage","@id":"https:\/\/infos-droitshumains.net\/?p=10546","url":"https:\/\/infos-droitshumains.net\/?p=10546","name":"Julienne Lusenge, l'une des laur\u00e9ats du prix des Nations Unies pour les Droits de l'Homme a re\u00e7u des hommages dignes de son pays - Infos Droits Humains","isPartOf":{"@id":"https:\/\/infos-droitshumains.net\/#website"},"primaryImageOfPage":{"@id":"https:\/\/infos-droitshumains.net\/?p=10546#primaryimage"},"image":{"@id":"https:\/\/infos-droitshumains.net\/?p=10546#primaryimage"},"thumbnailUrl":"https:\/\/i0.wp.com\/infos-droitshumains.net\/wp-content\/uploads\/2024\/07\/IMG-20240728-WA0032.jpg?fit=1280%2C960&ssl=1","datePublished":"2024-07-28T19:22:21+00:00","dateModified":"2024-07-28T19:27:51+00:00","breadcrumb":{"@id":"https:\/\/infos-droitshumains.net\/?p=10546#breadcrumb"},"inLanguage":"fr-FR","potentialAction":[{"@type":"ReadAction","target":["https:\/\/infos-droitshumains.net\/?p=10546"]}]},{"@type":"ImageObject","inLanguage":"fr-FR","@id":"https:\/\/infos-droitshumains.net\/?p=10546#primaryimage","url":"https:\/\/i0.wp.com\/infos-droitshumains.net\/wp-content\/uploads\/2024\/07\/IMG-20240728-WA0032.jpg?fit=1280%2C960&ssl=1","contentUrl":"https:\/\/i0.wp.com\/infos-droitshumains.net\/wp-content\/uploads\/2024\/07\/IMG-20240728-WA0032.jpg?fit=1280%2C960&ssl=1","width":1280,"height":960},{"@type":"BreadcrumbList","@id":"https:\/\/infos-droitshumains.net\/?p=10546#breadcrumb","itemListElement":[{"@type":"ListItem","position":1,"name":"Accueil","item":"https:\/\/infos-droitshumains.net\/"},{"@type":"ListItem","position":2,"name":"Julienne Lusenge, l&rsquo;une des laur\u00e9ats du prix des Nations Unies pour les Droits de l&rsquo;Homme a re\u00e7u des hommages dignes de son pays"}]},{"@type":"WebSite","@id":"https:\/\/infos-droitshumains.net\/#website","url":"https:\/\/infos-droitshumains.net\/","name":"Infos Droits Humains","description":"S&#039;informer est un droit","publisher":{"@id":"https:\/\/infos-droitshumains.net\/#organization"},"potentialAction":[{"@type":"SearchAction","target":{"@type":"EntryPoint","urlTemplate":"https:\/\/infos-droitshumains.net\/?s={search_term_string}"},"query-input":{"@type":"PropertyValueSpecification","valueRequired":true,"valueName":"search_term_string"}}],"inLanguage":"fr-FR"},{"@type":"Organization","@id":"https:\/\/infos-droitshumains.net\/#organization","name":"Infos Droits Humains","url":"https:\/\/infos-droitshumains.net\/","logo":{"@type":"ImageObject","inLanguage":"fr-FR","@id":"https:\/\/infos-droitshumains.net\/#\/schema\/logo\/image\/","url":"https:\/\/i0.wp.com\/infos-droitshumains.net\/wp-content\/uploads\/2022\/05\/Logo.png?fit=333%2C129&ssl=1","contentUrl":"https:\/\/i0.wp.com\/infos-droitshumains.net\/wp-content\/uploads\/2022\/05\/Logo.png?fit=333%2C129&ssl=1","width":333,"height":129,"caption":"Infos Droits Humains"},"image":{"@id":"https:\/\/infos-droitshumains.net\/#\/schema\/logo\/image\/"}},{"@type":"Person","@id":"https:\/\/infos-droitshumains.net\/#\/schema\/person\/3dc5e921c3302172e0ed4362f96faab7","name":"Jo\u00ebl Diawa","image":{"@type":"ImageObject","inLanguage":"fr-FR","@id":"https:\/\/secure.gravatar.com\/avatar\/729bea6ff4604c624417803c477363be8e3c7186deaa65713313f9b4b820f41c?s=96&d=mm&r=g","url":"https:\/\/secure.gravatar.com\/avatar\/729bea6ff4604c624417803c477363be8e3c7186deaa65713313f9b4b820f41c?s=96&d=mm&r=g","contentUrl":"https:\/\/secure.gravatar.com\/avatar\/729bea6ff4604c624417803c477363be8e3c7186deaa65713313f9b4b820f41c?s=96&d=mm&r=g","caption":"Jo\u00ebl Diawa"},"sameAs":["https:\/\/www.infos-droitshumains.net"],"url":"https:\/\/infos-droitshumains.net\/?author=2"}]}},"featured_image_urls":{"full":["https:\/\/i0.wp.com\/infos-droitshumains.net\/wp-content\/uploads\/2024\/07\/IMG-20240728-WA0032.jpg?fit=1280%2C960&ssl=1",1280,960,false],"thumbnail":["https:\/\/i0.wp.com\/infos-droitshumains.net\/wp-content\/uploads\/2024\/07\/IMG-20240728-WA0032.jpg?resize=150%2C150&ssl=1",150,150,true],"medium":["https:\/\/i0.wp.com\/infos-droitshumains.net\/wp-content\/uploads\/2024\/07\/IMG-20240728-WA0032.jpg?fit=300%2C225&ssl=1",300,225,true],"medium_large":["https:\/\/i0.wp.com\/infos-droitshumains.net\/wp-content\/uploads\/2024\/07\/IMG-20240728-WA0032.jpg?fit=640%2C480&ssl=1",640,480,true],"large":["https:\/\/i0.wp.com\/infos-droitshumains.net\/wp-content\/uploads\/2024\/07\/IMG-20240728-WA0032.jpg?fit=640%2C480&ssl=1",640,480,true],"1536x1536":["https:\/\/i0.wp.com\/infos-droitshumains.net\/wp-content\/uploads\/2024\/07\/IMG-20240728-WA0032.jpg?fit=1280%2C960&ssl=1",1280,960,true],"2048x2048":["https:\/\/i0.wp.com\/infos-droitshumains.net\/wp-content\/uploads\/2024\/07\/IMG-20240728-WA0032.jpg?fit=1280%2C960&ssl=1",1280,960,true],"covernews-slider-full":["https:\/\/i0.wp.com\/infos-droitshumains.net\/wp-content\/uploads\/2024\/07\/IMG-20240728-WA0032.jpg?resize=1115%2C715&ssl=1",1115,715,true],"covernews-slider-center":["https:\/\/i0.wp.com\/infos-droitshumains.net\/wp-content\/uploads\/2024\/07\/IMG-20240728-WA0032.jpg?resize=800%2C500&ssl=1",800,500,true],"covernews-featured":["https:\/\/i0.wp.com\/infos-droitshumains.net\/wp-content\/uploads\/2024\/07\/IMG-20240728-WA0032.jpg?fit=1024%2C768&ssl=1",1024,768,true],"covernews-medium":["https:\/\/i0.wp.com\/infos-droitshumains.net\/wp-content\/uploads\/2024\/07\/IMG-20240728-WA0032.jpg?resize=540%2C340&ssl=1",540,340,true],"covernews-medium-square":["https:\/\/i0.wp.com\/infos-droitshumains.net\/wp-content\/uploads\/2024\/07\/IMG-20240728-WA0032.jpg?resize=400%2C250&ssl=1",400,250,true]},"author_info":{"display_name":"Jo\u00ebl Diawa","author_link":"https:\/\/infos-droitshumains.net\/?author=2"},"category_info":"<a href=\"https:\/\/infos-droitshumains.net\/?cat=7\" rel=\"category\">Droits Humains<\/a>","tag_info":"Droits Humains","comment_count":"2","jetpack_featured_media_url":"https:\/\/i0.wp.com\/infos-droitshumains.net\/wp-content\/uploads\/2024\/07\/IMG-20240728-WA0032.jpg?fit=1280%2C960&ssl=1","jetpack-related-posts":[],"jetpack_sharing_enabled":true,"_links":{"self":[{"href":"https:\/\/infos-droitshumains.net\/index.php?rest_route=\/wp\/v2\/posts\/10546","targetHints":{"allow":["GET"]}}],"collection":[{"href":"https:\/\/infos-droitshumains.net\/index.php?rest_route=\/wp\/v2\/posts"}],"about":[{"href":"https:\/\/infos-droitshumains.net\/index.php?rest_route=\/wp\/v2\/types\/post"}],"author":[{"embeddable":true,"href":"https:\/\/infos-droitshumains.net\/index.php?rest_route=\/wp\/v2\/users\/2"}],"replies":[{"embeddable":true,"href":"https:\/\/infos-droitshumains.net\/index.php?rest_route=%2Fwp%2Fv2%2Fcomments&post=10546"}],"version-history":[{"count":6,"href":"https:\/\/infos-droitshumains.net\/index.php?rest_route=\/wp\/v2\/posts\/10546\/revisions"}],"predecessor-version":[{"id":10559,"href":"https:\/\/infos-droitshumains.net\/index.php?rest_route=\/wp\/v2\/posts\/10546\/revisions\/10559"}],"wp:featuredmedia":[{"embeddable":true,"href":"https:\/\/infos-droitshumains.net\/index.php?rest_route=\/wp\/v2\/media\/10550"}],"wp:attachment":[{"href":"https:\/\/infos-droitshumains.net\/index.php?rest_route=%2Fwp%2Fv2%2Fmedia&parent=10546"}],"wp:term":[{"taxonomy":"category","embeddable":true,"href":"https:\/\/infos-droitshumains.net\/index.php?rest_route=%2Fwp%2Fv2%2Fcategories&post=10546"},{"taxonomy":"post_tag","embeddable":true,"href":"https:\/\/infos-droitshumains.net\/index.php?rest_route=%2Fwp%2Fv2%2Ftags&post=10546"}],"curies":[{"name":"wp","href":"https:\/\/api.w.org\/{rel}","templated":true}]}}