{"id":1052,"date":"2021-11-03T15:22:15","date_gmt":"2021-11-03T14:22:15","guid":{"rendered":"https:\/\/infos-droitshumains.net\/?p=1052"},"modified":"2023-04-06T12:11:05","modified_gmt":"2023-04-06T10:11:05","slug":"la-depenalisation-des-delits-de-presse-un-vibrant-appel-de-jdh-rdc-aux-autorites-du-pays","status":"publish","type":"post","link":"https:\/\/infos-droitshumains.net\/?p=1052","title":{"rendered":"La d\u00e9p\u00e9nalisation des delits  de presse, un vibrant  appel de JDH RDC aux autorit\u00e9s du pays"},"content":{"rendered":"\n<p><strong>R\u00e9daction :+243817406088<\/strong><\/p>\n\n\n\n<p>Dans un communiqu\u00e9 de presse publi\u00e9 ce 2 novembre en marge de la journ\u00e9e internationale de la fin de l&rsquo;impunit\u00e9 des crimes commis contres les journalistes, l&rsquo;ONG Journaliste pour les Droits Humains, JDH est revenue sur le contexte particulier qui a caract\u00e9ris\u00e9 cette c\u00e9l\u00e9bration.<\/p>\n\n\n\n<p>En effet, les journalistes congolais sont l&rsquo;objet de plusieures menaces et intimidations  tant physiques que dans l&rsquo;exercice de leur profession, a l&rsquo;approche des scrutins de 2023. Le contexte sanitaire ainsi que l&rsquo;exercice de la profession en plein \u00e9tat de si\u00e8ge d\u00e9cr\u00e9t\u00e9 par les autorit\u00e9s nationales sont des d\u00e9fis auxquels les chevaliers de la plume sont soumis au quotidien.<\/p>\n\n\n\n<p>Se r\u00e9f\u00e9rant ainsi au rapport publi\u00e9 par JED, journalistes en danger ce 2 novembre 2021, l&rsquo;ONG internationale  Journalistes P<\/p>\n\n\n\n<p>pour les droits humains pr\u00eate sa voix dans cette lutte commune. Dans ce rapport de JED relay\u00e9 par JDH  l&rsquo;on renseigne \u00ab\u00a0<em>qu&rsquo;au moins  110 cas d&rsquo;attaques diverses contre les journalistes et les m\u00e9dias ont \u00e9t\u00e9s r\u00e9pertori\u00e9s en RDC et que 51% de ces cas touchent \u00e0 la s\u00e9curit\u00e9 physique de ces derniers\u00a0\u00bb.<\/em><\/p>\n\n\n\n<p>Ces menaces aboutissent \u00e0 des assassinats, agressions physiques, et poussent parfois les concern\u00e9s \u00e0 vivre en clandestinit\u00e9.<\/p>\n\n\n\n<p>Face \u00e0 ce tableau sombre dress\u00e9 par JED, Prince Murhula, gestionnaire principal de JDH RDC r\u00e9affirme son attachement aux journalistes tout en leur rappelant de rester professionnel dans le respect du code d&rsquo;\u00e9thique des journalistes congolais. Il a \u00e9galement invit\u00e9 le gouvernement de la R\u00e9publique de prot\u00e9ger les journalistes \u00e0 travers la d\u00e9p\u00e9nalisation des delits de presse, mais aussi, doter le pays de F\u00e9lix Tshisekedi d&rsquo;une loi d&rsquo;acc\u00e8s \u00e0 l&rsquo;information et mettre fin \u00e0 l&rsquo;impunit\u00e9 des crimes que subissent les journalistes en RDC .<\/p>\n\n\n\n<p>Chantal Kabasua<\/p>\n","protected":false},"excerpt":{"rendered":"<p>R\u00e9daction :+243817406088 Dans un communiqu\u00e9 de presse publi\u00e9 ce 2 novembre en marge de la&#8230;<\/p>\n","protected":false},"author":2,"featured_media":0,"comment_status":"closed","ping_status":"open","sticky":false,"template":"","format":"standard","meta":{"_jetpack_memberships_contains_paid_content":false,"footnotes":""},"categories":[1],"tags":[],"class_list":["post-1052","post","type-post","status-publish","format-standard","hentry","category-non-classe"],"yoast_head":"<!-- This site is optimized with the Yoast SEO plugin v27.5 - https:\/\/yoast.com\/product\/yoast-seo-wordpress\/ -->\n<title>La d\u00e9p\u00e9nalisation des delits de presse, un vibrant appel de JDH RDC aux autorit\u00e9s du pays - Infos Droits Humains<\/title>\n<meta name=\"robots\" content=\"index, follow, max-snippet:-1, max-image-preview:large, max-video-preview:-1\" \/>\n<link rel=\"canonical\" href=\"https:\/\/infos-droitshumains.net\/?p=1052\" \/>\n<meta property=\"og:locale\" content=\"fr_FR\" \/>\n<meta property=\"og:type\" content=\"article\" \/>\n<meta property=\"og:title\" content=\"La d\u00e9p\u00e9nalisation des delits de presse, un vibrant appel de JDH RDC aux autorit\u00e9s du pays - Infos Droits Humains\" \/>\n<meta property=\"og:description\" content=\"R\u00e9daction :+243817406088 Dans un communiqu\u00e9 de presse publi\u00e9 ce 2 novembre en marge de la...\" \/>\n<meta property=\"og:url\" content=\"https:\/\/infos-droitshumains.net\/?p=1052\" \/>\n<meta property=\"og:site_name\" content=\"Infos Droits Humains\" \/>\n<meta property=\"article:published_time\" content=\"2021-11-03T14:22:15+00:00\" \/>\n<meta property=\"article:modified_time\" content=\"2023-04-06T10:11:05+00:00\" \/>\n<meta name=\"author\" content=\"Jo\u00ebl Diawa\" \/>\n<meta name=\"twitter:card\" content=\"summary_large_image\" \/>\n<meta name=\"twitter:label1\" content=\"\u00c9crit par\" \/>\n\t<meta name=\"twitter:data1\" content=\"Jo\u00ebl Diawa\" \/>\n\t<meta name=\"twitter:label2\" content=\"Dur\u00e9e de lecture estim\u00e9e\" \/>\n\t<meta name=\"twitter:data2\" content=\"1 minute\" \/>\n<script type=\"application\/ld+json\" class=\"yoast-schema-graph\">{\"@context\":\"https:\\\/\\\/schema.org\",\"@graph\":[{\"@type\":\"Article\",\"@id\":\"https:\\\/\\\/infos-droitshumains.net\\\/?p=1052#article\",\"isPartOf\":{\"@id\":\"https:\\\/\\\/infos-droitshumains.net\\\/?p=1052\"},\"author\":{\"name\":\"Jo\u00ebl Diawa\",\"@id\":\"https:\\\/\\\/infos-droitshumains.net\\\/#\\\/schema\\\/person\\\/3dc5e921c3302172e0ed4362f96faab7\"},\"headline\":\"La d\u00e9p\u00e9nalisation des delits de presse, un vibrant appel de JDH RDC aux autorit\u00e9s du pays\",\"datePublished\":\"2021-11-03T14:22:15+00:00\",\"dateModified\":\"2023-04-06T10:11:05+00:00\",\"mainEntityOfPage\":{\"@id\":\"https:\\\/\\\/infos-droitshumains.net\\\/?p=1052\"},\"wordCount\":309,\"publisher\":{\"@id\":\"https:\\\/\\\/infos-droitshumains.net\\\/#organization\"},\"inLanguage\":\"fr-FR\"},{\"@type\":\"WebPage\",\"@id\":\"https:\\\/\\\/infos-droitshumains.net\\\/?p=1052\",\"url\":\"https:\\\/\\\/infos-droitshumains.net\\\/?p=1052\",\"name\":\"La d\u00e9p\u00e9nalisation des delits de presse, un vibrant appel de JDH RDC aux autorit\u00e9s du pays - Infos Droits Humains\",\"isPartOf\":{\"@id\":\"https:\\\/\\\/infos-droitshumains.net\\\/#website\"},\"datePublished\":\"2021-11-03T14:22:15+00:00\",\"dateModified\":\"2023-04-06T10:11:05+00:00\",\"breadcrumb\":{\"@id\":\"https:\\\/\\\/infos-droitshumains.net\\\/?p=1052#breadcrumb\"},\"inLanguage\":\"fr-FR\",\"potentialAction\":[{\"@type\":\"ReadAction\",\"target\":[\"https:\\\/\\\/infos-droitshumains.net\\\/?p=1052\"]}]},{\"@type\":\"BreadcrumbList\",\"@id\":\"https:\\\/\\\/infos-droitshumains.net\\\/?p=1052#breadcrumb\",\"itemListElement\":[{\"@type\":\"ListItem\",\"position\":1,\"name\":\"Accueil\",\"item\":\"https:\\\/\\\/infos-droitshumains.net\\\/\"},{\"@type\":\"ListItem\",\"position\":2,\"name\":\"La d\u00e9p\u00e9nalisation des delits de presse, un vibrant appel de JDH RDC aux autorit\u00e9s du pays\"}]},{\"@type\":\"WebSite\",\"@id\":\"https:\\\/\\\/infos-droitshumains.net\\\/#website\",\"url\":\"https:\\\/\\\/infos-droitshumains.net\\\/\",\"name\":\"Infos Droits Humains\",\"description\":\"S&#039;informer est un droit\",\"publisher\":{\"@id\":\"https:\\\/\\\/infos-droitshumains.net\\\/#organization\"},\"potentialAction\":[{\"@type\":\"SearchAction\",\"target\":{\"@type\":\"EntryPoint\",\"urlTemplate\":\"https:\\\/\\\/infos-droitshumains.net\\\/?s={search_term_string}\"},\"query-input\":{\"@type\":\"PropertyValueSpecification\",\"valueRequired\":true,\"valueName\":\"search_term_string\"}}],\"inLanguage\":\"fr-FR\"},{\"@type\":\"Organization\",\"@id\":\"https:\\\/\\\/infos-droitshumains.net\\\/#organization\",\"name\":\"Infos Droits Humains\",\"url\":\"https:\\\/\\\/infos-droitshumains.net\\\/\",\"logo\":{\"@type\":\"ImageObject\",\"inLanguage\":\"fr-FR\",\"@id\":\"https:\\\/\\\/infos-droitshumains.net\\\/#\\\/schema\\\/logo\\\/image\\\/\",\"url\":\"https:\\\/\\\/i0.wp.com\\\/infos-droitshumains.net\\\/wp-content\\\/uploads\\\/2022\\\/05\\\/Logo.png?fit=333%2C129&ssl=1\",\"contentUrl\":\"https:\\\/\\\/i0.wp.com\\\/infos-droitshumains.net\\\/wp-content\\\/uploads\\\/2022\\\/05\\\/Logo.png?fit=333%2C129&ssl=1\",\"width\":333,\"height\":129,\"caption\":\"Infos Droits Humains\"},\"image\":{\"@id\":\"https:\\\/\\\/infos-droitshumains.net\\\/#\\\/schema\\\/logo\\\/image\\\/\"}},{\"@type\":\"Person\",\"@id\":\"https:\\\/\\\/infos-droitshumains.net\\\/#\\\/schema\\\/person\\\/3dc5e921c3302172e0ed4362f96faab7\",\"name\":\"Jo\u00ebl Diawa\",\"image\":{\"@type\":\"ImageObject\",\"inLanguage\":\"fr-FR\",\"@id\":\"https:\\\/\\\/secure.gravatar.com\\\/avatar\\\/729bea6ff4604c624417803c477363be8e3c7186deaa65713313f9b4b820f41c?s=96&d=mm&r=g\",\"url\":\"https:\\\/\\\/secure.gravatar.com\\\/avatar\\\/729bea6ff4604c624417803c477363be8e3c7186deaa65713313f9b4b820f41c?s=96&d=mm&r=g\",\"contentUrl\":\"https:\\\/\\\/secure.gravatar.com\\\/avatar\\\/729bea6ff4604c624417803c477363be8e3c7186deaa65713313f9b4b820f41c?s=96&d=mm&r=g\",\"caption\":\"Jo\u00ebl Diawa\"},\"sameAs\":[\"https:\\\/\\\/www.infos-droitshumains.net\"],\"url\":\"https:\\\/\\\/infos-droitshumains.net\\\/?author=2\"}]}<\/script>\n<!-- \/ Yoast SEO plugin. -->","yoast_head_json":{"title":"La d\u00e9p\u00e9nalisation des delits de presse, un vibrant appel de JDH RDC aux autorit\u00e9s du pays - Infos Droits Humains","robots":{"index":"index","follow":"follow","max-snippet":"max-snippet:-1","max-image-preview":"max-image-preview:large","max-video-preview":"max-video-preview:-1"},"canonical":"https:\/\/infos-droitshumains.net\/?p=1052","og_locale":"fr_FR","og_type":"article","og_title":"La d\u00e9p\u00e9nalisation des delits de presse, un vibrant appel de JDH RDC aux autorit\u00e9s du pays - Infos Droits Humains","og_description":"R\u00e9daction :+243817406088 Dans un communiqu\u00e9 de presse publi\u00e9 ce 2 novembre en marge de la...","og_url":"https:\/\/infos-droitshumains.net\/?p=1052","og_site_name":"Infos Droits Humains","article_published_time":"2021-11-03T14:22:15+00:00","article_modified_time":"2023-04-06T10:11:05+00:00","author":"Jo\u00ebl Diawa","twitter_card":"summary_large_image","twitter_misc":{"\u00c9crit par":"Jo\u00ebl Diawa","Dur\u00e9e de lecture estim\u00e9e":"1 minute"},"schema":{"@context":"https:\/\/schema.org","@graph":[{"@type":"Article","@id":"https:\/\/infos-droitshumains.net\/?p=1052#article","isPartOf":{"@id":"https:\/\/infos-droitshumains.net\/?p=1052"},"author":{"name":"Jo\u00ebl Diawa","@id":"https:\/\/infos-droitshumains.net\/#\/schema\/person\/3dc5e921c3302172e0ed4362f96faab7"},"headline":"La d\u00e9p\u00e9nalisation des delits de presse, un vibrant appel de JDH RDC aux autorit\u00e9s du pays","datePublished":"2021-11-03T14:22:15+00:00","dateModified":"2023-04-06T10:11:05+00:00","mainEntityOfPage":{"@id":"https:\/\/infos-droitshumains.net\/?p=1052"},"wordCount":309,"publisher":{"@id":"https:\/\/infos-droitshumains.net\/#organization"},"inLanguage":"fr-FR"},{"@type":"WebPage","@id":"https:\/\/infos-droitshumains.net\/?p=1052","url":"https:\/\/infos-droitshumains.net\/?p=1052","name":"La d\u00e9p\u00e9nalisation des delits de presse, un vibrant appel de JDH RDC aux autorit\u00e9s du pays - Infos Droits Humains","isPartOf":{"@id":"https:\/\/infos-droitshumains.net\/#website"},"datePublished":"2021-11-03T14:22:15+00:00","dateModified":"2023-04-06T10:11:05+00:00","breadcrumb":{"@id":"https:\/\/infos-droitshumains.net\/?p=1052#breadcrumb"},"inLanguage":"fr-FR","potentialAction":[{"@type":"ReadAction","target":["https:\/\/infos-droitshumains.net\/?p=1052"]}]},{"@type":"BreadcrumbList","@id":"https:\/\/infos-droitshumains.net\/?p=1052#breadcrumb","itemListElement":[{"@type":"ListItem","position":1,"name":"Accueil","item":"https:\/\/infos-droitshumains.net\/"},{"@type":"ListItem","position":2,"name":"La d\u00e9p\u00e9nalisation des delits de presse, un vibrant appel de JDH RDC aux autorit\u00e9s du pays"}]},{"@type":"WebSite","@id":"https:\/\/infos-droitshumains.net\/#website","url":"https:\/\/infos-droitshumains.net\/","name":"Infos Droits Humains","description":"S&#039;informer est un droit","publisher":{"@id":"https:\/\/infos-droitshumains.net\/#organization"},"potentialAction":[{"@type":"SearchAction","target":{"@type":"EntryPoint","urlTemplate":"https:\/\/infos-droitshumains.net\/?s={search_term_string}"},"query-input":{"@type":"PropertyValueSpecification","valueRequired":true,"valueName":"search_term_string"}}],"inLanguage":"fr-FR"},{"@type":"Organization","@id":"https:\/\/infos-droitshumains.net\/#organization","name":"Infos Droits Humains","url":"https:\/\/infos-droitshumains.net\/","logo":{"@type":"ImageObject","inLanguage":"fr-FR","@id":"https:\/\/infos-droitshumains.net\/#\/schema\/logo\/image\/","url":"https:\/\/i0.wp.com\/infos-droitshumains.net\/wp-content\/uploads\/2022\/05\/Logo.png?fit=333%2C129&ssl=1","contentUrl":"https:\/\/i0.wp.com\/infos-droitshumains.net\/wp-content\/uploads\/2022\/05\/Logo.png?fit=333%2C129&ssl=1","width":333,"height":129,"caption":"Infos Droits Humains"},"image":{"@id":"https:\/\/infos-droitshumains.net\/#\/schema\/logo\/image\/"}},{"@type":"Person","@id":"https:\/\/infos-droitshumains.net\/#\/schema\/person\/3dc5e921c3302172e0ed4362f96faab7","name":"Jo\u00ebl Diawa","image":{"@type":"ImageObject","inLanguage":"fr-FR","@id":"https:\/\/secure.gravatar.com\/avatar\/729bea6ff4604c624417803c477363be8e3c7186deaa65713313f9b4b820f41c?s=96&d=mm&r=g","url":"https:\/\/secure.gravatar.com\/avatar\/729bea6ff4604c624417803c477363be8e3c7186deaa65713313f9b4b820f41c?s=96&d=mm&r=g","contentUrl":"https:\/\/secure.gravatar.com\/avatar\/729bea6ff4604c624417803c477363be8e3c7186deaa65713313f9b4b820f41c?s=96&d=mm&r=g","caption":"Jo\u00ebl Diawa"},"sameAs":["https:\/\/www.infos-droitshumains.net"],"url":"https:\/\/infos-droitshumains.net\/?author=2"}]}},"featured_image_urls":{"full":"","thumbnail":"","medium":"","medium_large":"","large":"","1536x1536":"","2048x2048":"","covernews-slider-full":"","covernews-slider-center":"","covernews-featured":"","covernews-medium":"","covernews-medium-square":""},"author_info":{"display_name":"Jo\u00ebl Diawa","author_link":"https:\/\/infos-droitshumains.net\/?author=2"},"category_info":"<a href=\"https:\/\/infos-droitshumains.net\/?cat=1\" rel=\"category\">Non class\u00e9<\/a>","tag_info":"Non class\u00e9","comment_count":"0","jetpack_featured_media_url":"","jetpack-related-posts":[],"jetpack_sharing_enabled":true,"_links":{"self":[{"href":"https:\/\/infos-droitshumains.net\/index.php?rest_route=\/wp\/v2\/posts\/1052","targetHints":{"allow":["GET"]}}],"collection":[{"href":"https:\/\/infos-droitshumains.net\/index.php?rest_route=\/wp\/v2\/posts"}],"about":[{"href":"https:\/\/infos-droitshumains.net\/index.php?rest_route=\/wp\/v2\/types\/post"}],"author":[{"embeddable":true,"href":"https:\/\/infos-droitshumains.net\/index.php?rest_route=\/wp\/v2\/users\/2"}],"replies":[{"embeddable":true,"href":"https:\/\/infos-droitshumains.net\/index.php?rest_route=%2Fwp%2Fv2%2Fcomments&post=1052"}],"version-history":[{"count":2,"href":"https:\/\/infos-droitshumains.net\/index.php?rest_route=\/wp\/v2\/posts\/1052\/revisions"}],"predecessor-version":[{"id":1055,"href":"https:\/\/infos-droitshumains.net\/index.php?rest_route=\/wp\/v2\/posts\/1052\/revisions\/1055"}],"wp:attachment":[{"href":"https:\/\/infos-droitshumains.net\/index.php?rest_route=%2Fwp%2Fv2%2Fmedia&parent=1052"}],"wp:term":[{"taxonomy":"category","embeddable":true,"href":"https:\/\/infos-droitshumains.net\/index.php?rest_route=%2Fwp%2Fv2%2Fcategories&post=1052"},{"taxonomy":"post_tag","embeddable":true,"href":"https:\/\/infos-droitshumains.net\/index.php?rest_route=%2Fwp%2Fv2%2Ftags&post=1052"}],"curies":[{"name":"wp","href":"https:\/\/api.w.org\/{rel}","templated":true}]}}