{"id":1049,"date":"2021-11-02T16:44:24","date_gmt":"2021-11-02T15:44:24","guid":{"rendered":"https:\/\/infos-droitshumains.net\/?p=1049"},"modified":"2023-04-06T12:11:05","modified_gmt":"2023-04-06T10:11:05","slug":"le-ministre-de-la-sante-et-aifa-rdc-desormais-ensemble-pour-sensibiliser-sur-la-vaccination-contre-le-covid-19","status":"publish","type":"post","link":"https:\/\/infos-droitshumains.net\/?p=1049","title":{"rendered":"Le ministre de la sant\u00e9 et AIFA-RDC d\u00e9sormais ensemble pour sensibiliser sur la vaccination contre le Covid-19"},"content":{"rendered":"\n<p><strong>R\u00e9daction :+243817406088<\/strong><\/p>\n\n\n\n<p>C&rsquo;est depuis le 19 avril 2021 que la vaccination contre le Covid-19 a \u00e9t\u00e9 introduit en RDC dans le cadre de l&rsquo;initiative COVAX. <\/p>\n\n\n\n<p>Pour permettre l&rsquo;atteinte de la cible planifi\u00e9 dans le plan national de d\u00e9ploiement des vaccins de la RDC, une campagne de vaccination contre le Covid-19 est pr\u00e9vue \u00e0 partir du mois de novembre 2021.<\/p>\n\n\n\n<p>C&rsquo;est dans ce cadre que le minist\u00e8re de la sant\u00e9, hygi\u00e8ne et pr\u00e9vention \u00e0 travers le Programme \u00c9largi de Vaccination, PEV, en partenariat avec l&rsquo;Alliance Internationale des Femmes Avocate, AIFA-RDC, ont planifi\u00e9 une journ\u00e9e de sensibilisation des avocats, magistrats, huissiers et personnels du corps judiciaire, en faveur du vaccin et de la vaccination contre le Covid-19.<\/p>\n\n\n\n<p>L&rsquo;information est confirm\u00e9e dans une correspondance que le ministre de la sant\u00e9 adress\u00e9e au pr\u00e9sident de la cour constitutionnelle et pr\u00e9sident du conseil sup\u00e9rieur de la magistrature en date du 1er novembre 2021.<\/p>\n\n\n\n<p>A encroire le docteur Jean-Jacques Mbungani, l&rsquo;objectif vis\u00e9e par cette activit\u00e9 et \u00ab\u00a0d&rsquo;am\u00e9liorer le niveau d&rsquo;information des personnes vis\u00e9es sur les vaccins et la vaccination contre le Covid-19. Leur permettre de s&rsquo;approprier cette activit\u00e9 afin qu&rsquo;elles deviennent des ambassadeurs de la vaccination dans la sensibilisation  et de facilit\u00e9 l&rsquo;adh\u00e9sion de la population\u00a0\u00bb.<\/p>\n\n\n\n<p>Il sera pour se faire, installer un site de vaccination au sein du palais du peuple pour permettre la vaccination des avocats, magistrats, huissiers, et personnels du corps judiciaire.<\/p>\n\n\n\n<p>Cette activit\u00e9 est un pari gagn\u00e9 pour AIFA-RDC qui a inscrit dans son programme, une campagne de sensibilisation pour lutter contre le Covid-19.<\/p>\n\n\n\n<p>Merlin Kamalandua<\/p>\n","protected":false},"excerpt":{"rendered":"<p>R\u00e9daction :+243817406088 C&rsquo;est depuis le 19 avril 2021 que la vaccination contre le Covid-19 a&#8230;<\/p>\n","protected":false},"author":2,"featured_media":0,"comment_status":"closed","ping_status":"open","sticky":false,"template":"","format":"standard","meta":{"_jetpack_memberships_contains_paid_content":false,"footnotes":""},"categories":[1],"tags":[],"class_list":["post-1049","post","type-post","status-publish","format-standard","hentry","category-non-classe"],"yoast_head":"<!-- This site is optimized with the Yoast SEO plugin v27.5 - https:\/\/yoast.com\/product\/yoast-seo-wordpress\/ -->\n<title>Le ministre de la sant\u00e9 et AIFA-RDC d\u00e9sormais ensemble pour sensibiliser sur la vaccination contre le Covid-19 - Infos Droits Humains<\/title>\n<meta name=\"robots\" content=\"index, follow, max-snippet:-1, max-image-preview:large, max-video-preview:-1\" \/>\n<link rel=\"canonical\" href=\"https:\/\/infos-droitshumains.net\/?p=1049\" \/>\n<meta property=\"og:locale\" content=\"fr_FR\" \/>\n<meta property=\"og:type\" content=\"article\" \/>\n<meta property=\"og:title\" content=\"Le ministre de la sant\u00e9 et AIFA-RDC d\u00e9sormais ensemble pour sensibiliser sur la vaccination contre le Covid-19 - Infos Droits Humains\" \/>\n<meta property=\"og:description\" content=\"R\u00e9daction :+243817406088 C&rsquo;est depuis le 19 avril 2021 que la vaccination contre le Covid-19 a...\" \/>\n<meta property=\"og:url\" content=\"https:\/\/infos-droitshumains.net\/?p=1049\" \/>\n<meta property=\"og:site_name\" content=\"Infos Droits Humains\" \/>\n<meta property=\"article:published_time\" content=\"2021-11-02T15:44:24+00:00\" \/>\n<meta property=\"article:modified_time\" content=\"2023-04-06T10:11:05+00:00\" \/>\n<meta name=\"author\" content=\"Jo\u00ebl Diawa\" \/>\n<meta name=\"twitter:card\" content=\"summary_large_image\" \/>\n<meta name=\"twitter:label1\" content=\"\u00c9crit par\" \/>\n\t<meta name=\"twitter:data1\" content=\"Jo\u00ebl Diawa\" \/>\n\t<meta name=\"twitter:label2\" content=\"Dur\u00e9e de lecture estim\u00e9e\" \/>\n\t<meta name=\"twitter:data2\" content=\"1 minute\" \/>\n<script type=\"application\/ld+json\" class=\"yoast-schema-graph\">{\"@context\":\"https:\\\/\\\/schema.org\",\"@graph\":[{\"@type\":\"Article\",\"@id\":\"https:\\\/\\\/infos-droitshumains.net\\\/?p=1049#article\",\"isPartOf\":{\"@id\":\"https:\\\/\\\/infos-droitshumains.net\\\/?p=1049\"},\"author\":{\"name\":\"Jo\u00ebl Diawa\",\"@id\":\"https:\\\/\\\/infos-droitshumains.net\\\/#\\\/schema\\\/person\\\/3dc5e921c3302172e0ed4362f96faab7\"},\"headline\":\"Le ministre de la sant\u00e9 et AIFA-RDC d\u00e9sormais ensemble pour sensibiliser sur la vaccination contre le Covid-19\",\"datePublished\":\"2021-11-02T15:44:24+00:00\",\"dateModified\":\"2023-04-06T10:11:05+00:00\",\"mainEntityOfPage\":{\"@id\":\"https:\\\/\\\/infos-droitshumains.net\\\/?p=1049\"},\"wordCount\":281,\"publisher\":{\"@id\":\"https:\\\/\\\/infos-droitshumains.net\\\/#organization\"},\"inLanguage\":\"fr-FR\"},{\"@type\":\"WebPage\",\"@id\":\"https:\\\/\\\/infos-droitshumains.net\\\/?p=1049\",\"url\":\"https:\\\/\\\/infos-droitshumains.net\\\/?p=1049\",\"name\":\"Le ministre de la sant\u00e9 et AIFA-RDC d\u00e9sormais ensemble pour sensibiliser sur la vaccination contre le Covid-19 - Infos Droits Humains\",\"isPartOf\":{\"@id\":\"https:\\\/\\\/infos-droitshumains.net\\\/#website\"},\"datePublished\":\"2021-11-02T15:44:24+00:00\",\"dateModified\":\"2023-04-06T10:11:05+00:00\",\"breadcrumb\":{\"@id\":\"https:\\\/\\\/infos-droitshumains.net\\\/?p=1049#breadcrumb\"},\"inLanguage\":\"fr-FR\",\"potentialAction\":[{\"@type\":\"ReadAction\",\"target\":[\"https:\\\/\\\/infos-droitshumains.net\\\/?p=1049\"]}]},{\"@type\":\"BreadcrumbList\",\"@id\":\"https:\\\/\\\/infos-droitshumains.net\\\/?p=1049#breadcrumb\",\"itemListElement\":[{\"@type\":\"ListItem\",\"position\":1,\"name\":\"Accueil\",\"item\":\"https:\\\/\\\/infos-droitshumains.net\\\/\"},{\"@type\":\"ListItem\",\"position\":2,\"name\":\"Le ministre de la sant\u00e9 et AIFA-RDC d\u00e9sormais ensemble pour sensibiliser sur la vaccination contre le Covid-19\"}]},{\"@type\":\"WebSite\",\"@id\":\"https:\\\/\\\/infos-droitshumains.net\\\/#website\",\"url\":\"https:\\\/\\\/infos-droitshumains.net\\\/\",\"name\":\"Infos Droits Humains\",\"description\":\"S&#039;informer est un droit\",\"publisher\":{\"@id\":\"https:\\\/\\\/infos-droitshumains.net\\\/#organization\"},\"potentialAction\":[{\"@type\":\"SearchAction\",\"target\":{\"@type\":\"EntryPoint\",\"urlTemplate\":\"https:\\\/\\\/infos-droitshumains.net\\\/?s={search_term_string}\"},\"query-input\":{\"@type\":\"PropertyValueSpecification\",\"valueRequired\":true,\"valueName\":\"search_term_string\"}}],\"inLanguage\":\"fr-FR\"},{\"@type\":\"Organization\",\"@id\":\"https:\\\/\\\/infos-droitshumains.net\\\/#organization\",\"name\":\"Infos Droits Humains\",\"url\":\"https:\\\/\\\/infos-droitshumains.net\\\/\",\"logo\":{\"@type\":\"ImageObject\",\"inLanguage\":\"fr-FR\",\"@id\":\"https:\\\/\\\/infos-droitshumains.net\\\/#\\\/schema\\\/logo\\\/image\\\/\",\"url\":\"https:\\\/\\\/i0.wp.com\\\/infos-droitshumains.net\\\/wp-content\\\/uploads\\\/2022\\\/05\\\/Logo.png?fit=333%2C129&ssl=1\",\"contentUrl\":\"https:\\\/\\\/i0.wp.com\\\/infos-droitshumains.net\\\/wp-content\\\/uploads\\\/2022\\\/05\\\/Logo.png?fit=333%2C129&ssl=1\",\"width\":333,\"height\":129,\"caption\":\"Infos Droits Humains\"},\"image\":{\"@id\":\"https:\\\/\\\/infos-droitshumains.net\\\/#\\\/schema\\\/logo\\\/image\\\/\"}},{\"@type\":\"Person\",\"@id\":\"https:\\\/\\\/infos-droitshumains.net\\\/#\\\/schema\\\/person\\\/3dc5e921c3302172e0ed4362f96faab7\",\"name\":\"Jo\u00ebl Diawa\",\"image\":{\"@type\":\"ImageObject\",\"inLanguage\":\"fr-FR\",\"@id\":\"https:\\\/\\\/secure.gravatar.com\\\/avatar\\\/729bea6ff4604c624417803c477363be8e3c7186deaa65713313f9b4b820f41c?s=96&d=mm&r=g\",\"url\":\"https:\\\/\\\/secure.gravatar.com\\\/avatar\\\/729bea6ff4604c624417803c477363be8e3c7186deaa65713313f9b4b820f41c?s=96&d=mm&r=g\",\"contentUrl\":\"https:\\\/\\\/secure.gravatar.com\\\/avatar\\\/729bea6ff4604c624417803c477363be8e3c7186deaa65713313f9b4b820f41c?s=96&d=mm&r=g\",\"caption\":\"Jo\u00ebl Diawa\"},\"sameAs\":[\"https:\\\/\\\/www.infos-droitshumains.net\"],\"url\":\"https:\\\/\\\/infos-droitshumains.net\\\/?author=2\"}]}<\/script>\n<!-- \/ Yoast SEO plugin. -->","yoast_head_json":{"title":"Le ministre de la sant\u00e9 et AIFA-RDC d\u00e9sormais ensemble pour sensibiliser sur la vaccination contre le Covid-19 - Infos Droits Humains","robots":{"index":"index","follow":"follow","max-snippet":"max-snippet:-1","max-image-preview":"max-image-preview:large","max-video-preview":"max-video-preview:-1"},"canonical":"https:\/\/infos-droitshumains.net\/?p=1049","og_locale":"fr_FR","og_type":"article","og_title":"Le ministre de la sant\u00e9 et AIFA-RDC d\u00e9sormais ensemble pour sensibiliser sur la vaccination contre le Covid-19 - Infos Droits Humains","og_description":"R\u00e9daction :+243817406088 C&rsquo;est depuis le 19 avril 2021 que la vaccination contre le Covid-19 a...","og_url":"https:\/\/infos-droitshumains.net\/?p=1049","og_site_name":"Infos Droits Humains","article_published_time":"2021-11-02T15:44:24+00:00","article_modified_time":"2023-04-06T10:11:05+00:00","author":"Jo\u00ebl Diawa","twitter_card":"summary_large_image","twitter_misc":{"\u00c9crit par":"Jo\u00ebl Diawa","Dur\u00e9e de lecture estim\u00e9e":"1 minute"},"schema":{"@context":"https:\/\/schema.org","@graph":[{"@type":"Article","@id":"https:\/\/infos-droitshumains.net\/?p=1049#article","isPartOf":{"@id":"https:\/\/infos-droitshumains.net\/?p=1049"},"author":{"name":"Jo\u00ebl Diawa","@id":"https:\/\/infos-droitshumains.net\/#\/schema\/person\/3dc5e921c3302172e0ed4362f96faab7"},"headline":"Le ministre de la sant\u00e9 et AIFA-RDC d\u00e9sormais ensemble pour sensibiliser sur la vaccination contre le Covid-19","datePublished":"2021-11-02T15:44:24+00:00","dateModified":"2023-04-06T10:11:05+00:00","mainEntityOfPage":{"@id":"https:\/\/infos-droitshumains.net\/?p=1049"},"wordCount":281,"publisher":{"@id":"https:\/\/infos-droitshumains.net\/#organization"},"inLanguage":"fr-FR"},{"@type":"WebPage","@id":"https:\/\/infos-droitshumains.net\/?p=1049","url":"https:\/\/infos-droitshumains.net\/?p=1049","name":"Le ministre de la sant\u00e9 et AIFA-RDC d\u00e9sormais ensemble pour sensibiliser sur la vaccination contre le Covid-19 - Infos Droits Humains","isPartOf":{"@id":"https:\/\/infos-droitshumains.net\/#website"},"datePublished":"2021-11-02T15:44:24+00:00","dateModified":"2023-04-06T10:11:05+00:00","breadcrumb":{"@id":"https:\/\/infos-droitshumains.net\/?p=1049#breadcrumb"},"inLanguage":"fr-FR","potentialAction":[{"@type":"ReadAction","target":["https:\/\/infos-droitshumains.net\/?p=1049"]}]},{"@type":"BreadcrumbList","@id":"https:\/\/infos-droitshumains.net\/?p=1049#breadcrumb","itemListElement":[{"@type":"ListItem","position":1,"name":"Accueil","item":"https:\/\/infos-droitshumains.net\/"},{"@type":"ListItem","position":2,"name":"Le ministre de la sant\u00e9 et AIFA-RDC d\u00e9sormais ensemble pour sensibiliser sur la vaccination contre le Covid-19"}]},{"@type":"WebSite","@id":"https:\/\/infos-droitshumains.net\/#website","url":"https:\/\/infos-droitshumains.net\/","name":"Infos Droits Humains","description":"S&#039;informer est un droit","publisher":{"@id":"https:\/\/infos-droitshumains.net\/#organization"},"potentialAction":[{"@type":"SearchAction","target":{"@type":"EntryPoint","urlTemplate":"https:\/\/infos-droitshumains.net\/?s={search_term_string}"},"query-input":{"@type":"PropertyValueSpecification","valueRequired":true,"valueName":"search_term_string"}}],"inLanguage":"fr-FR"},{"@type":"Organization","@id":"https:\/\/infos-droitshumains.net\/#organization","name":"Infos Droits Humains","url":"https:\/\/infos-droitshumains.net\/","logo":{"@type":"ImageObject","inLanguage":"fr-FR","@id":"https:\/\/infos-droitshumains.net\/#\/schema\/logo\/image\/","url":"https:\/\/i0.wp.com\/infos-droitshumains.net\/wp-content\/uploads\/2022\/05\/Logo.png?fit=333%2C129&ssl=1","contentUrl":"https:\/\/i0.wp.com\/infos-droitshumains.net\/wp-content\/uploads\/2022\/05\/Logo.png?fit=333%2C129&ssl=1","width":333,"height":129,"caption":"Infos Droits Humains"},"image":{"@id":"https:\/\/infos-droitshumains.net\/#\/schema\/logo\/image\/"}},{"@type":"Person","@id":"https:\/\/infos-droitshumains.net\/#\/schema\/person\/3dc5e921c3302172e0ed4362f96faab7","name":"Jo\u00ebl Diawa","image":{"@type":"ImageObject","inLanguage":"fr-FR","@id":"https:\/\/secure.gravatar.com\/avatar\/729bea6ff4604c624417803c477363be8e3c7186deaa65713313f9b4b820f41c?s=96&d=mm&r=g","url":"https:\/\/secure.gravatar.com\/avatar\/729bea6ff4604c624417803c477363be8e3c7186deaa65713313f9b4b820f41c?s=96&d=mm&r=g","contentUrl":"https:\/\/secure.gravatar.com\/avatar\/729bea6ff4604c624417803c477363be8e3c7186deaa65713313f9b4b820f41c?s=96&d=mm&r=g","caption":"Jo\u00ebl Diawa"},"sameAs":["https:\/\/www.infos-droitshumains.net"],"url":"https:\/\/infos-droitshumains.net\/?author=2"}]}},"featured_image_urls":{"full":"","thumbnail":"","medium":"","medium_large":"","large":"","1536x1536":"","2048x2048":"","covernews-slider-full":"","covernews-slider-center":"","covernews-featured":"","covernews-medium":"","covernews-medium-square":""},"author_info":{"display_name":"Jo\u00ebl Diawa","author_link":"https:\/\/infos-droitshumains.net\/?author=2"},"category_info":"<a href=\"https:\/\/infos-droitshumains.net\/?cat=1\" rel=\"category\">Non class\u00e9<\/a>","tag_info":"Non class\u00e9","comment_count":"0","jetpack_featured_media_url":"","jetpack-related-posts":[],"jetpack_sharing_enabled":true,"_links":{"self":[{"href":"https:\/\/infos-droitshumains.net\/index.php?rest_route=\/wp\/v2\/posts\/1049","targetHints":{"allow":["GET"]}}],"collection":[{"href":"https:\/\/infos-droitshumains.net\/index.php?rest_route=\/wp\/v2\/posts"}],"about":[{"href":"https:\/\/infos-droitshumains.net\/index.php?rest_route=\/wp\/v2\/types\/post"}],"author":[{"embeddable":true,"href":"https:\/\/infos-droitshumains.net\/index.php?rest_route=\/wp\/v2\/users\/2"}],"replies":[{"embeddable":true,"href":"https:\/\/infos-droitshumains.net\/index.php?rest_route=%2Fwp%2Fv2%2Fcomments&post=1049"}],"version-history":[{"count":1,"href":"https:\/\/infos-droitshumains.net\/index.php?rest_route=\/wp\/v2\/posts\/1049\/revisions"}],"predecessor-version":[{"id":1051,"href":"https:\/\/infos-droitshumains.net\/index.php?rest_route=\/wp\/v2\/posts\/1049\/revisions\/1051"}],"wp:attachment":[{"href":"https:\/\/infos-droitshumains.net\/index.php?rest_route=%2Fwp%2Fv2%2Fmedia&parent=1049"}],"wp:term":[{"taxonomy":"category","embeddable":true,"href":"https:\/\/infos-droitshumains.net\/index.php?rest_route=%2Fwp%2Fv2%2Fcategories&post=1049"},{"taxonomy":"post_tag","embeddable":true,"href":"https:\/\/infos-droitshumains.net\/index.php?rest_route=%2Fwp%2Fv2%2Ftags&post=1049"}],"curies":[{"name":"wp","href":"https:\/\/api.w.org\/{rel}","templated":true}]}}