{"id":10476,"date":"2024-07-17T21:28:05","date_gmt":"2024-07-17T19:28:05","guid":{"rendered":"https:\/\/infos-droitshumains.net\/?p=10476"},"modified":"2024-07-17T21:35:09","modified_gmt":"2024-07-17T19:35:09","slug":"rdc-le-bcnudh-sensibilise-les-magistrats-civils-et-militaires-sur-la-pratique-de-la-torture","status":"publish","type":"post","link":"https:\/\/infos-droitshumains.net\/?p=10476","title":{"rendered":"RDC : Le BCNUDH sensibilise les magistrats civils et militaires sur la pratique de la torture"},"content":{"rendered":"\n<p><strong>R\u00e9daction: +243 817 406 088<\/strong><\/p>\n\n\n\n<h3 class=\"wp-block-heading has-vivid-red-color has-text-color has-link-color wp-elements-c447e3de96664309a1566371d19c502a\">Leur r\u00f4le est indispensable dans la lutte contre la torture en R\u00e9publique D\u00e9mocratique du Congo. Les magistrats des juridictions civiles et militaires de Kinshasa sont sensibilis\u00e9s&nbsp; sur cette pratique au cours d&rsquo;un atelier organis\u00e9 du 17 au 18 juillet 2024 \u00e0 Kinshasa par le Bureau Conjoint des Nations Unies aux Droits de l&rsquo;Homme (BCNUDH) en collaboration avec l&rsquo;ONG Alliance pour l&rsquo;universalit\u00e9 des Droits Fondamentaux(AUDF).<\/h3>\n\n\n\n<p><em>\u00ab\u2026 chers magistrats\u2026 votre r\u00f4le est plus que n\u00e9cessaire dans cette lutte contre la torture&nbsp;\u00bb<\/em>, a rappel\u00e9 le directeur du BCNUDH \u00e0 l\u2019ouverture de cet atelier de sensibilisation. <em>\u00ab&nbsp;Les magistrats doivent r\u00e9gler les affaires dont ils sont saisis impartialement, d\u2019apr\u00e8s les faits et conform\u00e9ment \u00e0 la loi, sans restriction et sans \u00eatre l\u2019objet d\u2019influences, d\u2019incitations, de pressions, de menaces ou d\u2019interventions indues, directes ou indirectes de la part de qui que ce soit ou pour quelque raison que ce soit, et doivent aussi veiller au strict respect du droit \u00e0 un proc\u00e8s \u00e9quitable&nbsp;\u00bb<\/em>, a insist\u00e9 Patrice Vahard.<\/p>\n\n\n\n<figure class=\"wp-block-image alignfull size-large\"><img data-recalc-dims=\"1\" fetchpriority=\"high\" decoding=\"async\" width=\"640\" height=\"480\" src=\"https:\/\/i0.wp.com\/infos-droitshumains.net\/wp-content\/uploads\/2024\/07\/IMG-20240717-WA0055-1.jpg?resize=640%2C480&#038;ssl=1\" alt=\"\" class=\"wp-image-10483\" srcset=\"https:\/\/i0.wp.com\/infos-droitshumains.net\/wp-content\/uploads\/2024\/07\/IMG-20240717-WA0055-1.jpg?resize=1024%2C768&amp;ssl=1 1024w, https:\/\/i0.wp.com\/infos-droitshumains.net\/wp-content\/uploads\/2024\/07\/IMG-20240717-WA0055-1.jpg?resize=300%2C225&amp;ssl=1 300w, https:\/\/i0.wp.com\/infos-droitshumains.net\/wp-content\/uploads\/2024\/07\/IMG-20240717-WA0055-1.jpg?resize=768%2C576&amp;ssl=1 768w, https:\/\/i0.wp.com\/infos-droitshumains.net\/wp-content\/uploads\/2024\/07\/IMG-20240717-WA0055-1.jpg?w=1280&amp;ssl=1 1280w\" sizes=\"(max-width: 640px) 100vw, 640px\" \/><\/figure>\n\n\n\n<p>C\u2019est pourquoi, conscient ce r\u00f4le majeur, le BCNUDH, en collaboration avec ses deux partenaires ont tenu \u00e0 organiser cette rencontre pour des \u00e9changes constructifs autour de la th\u00e9matique de la torture&nbsp;; atelier au sortir duquel, ont voulu accompagner ces magistrats afin de <em>\u00ab&nbsp;renforcer la r\u00e9pression de la pratique de torture&nbsp;\u00bb<\/em>, rench\u00e9rit ce fonctionnaire international.<\/p>\n\n\n\n<p>\u00c0 en croire le pr\u00e9sident de l&rsquo;AUDF, la torture d\u00e9sacralise la vie humaine d&rsquo;o\u00f9, la n\u00e9cessit\u00e9 de l&rsquo;engagement de tous pour l&rsquo;\u00e9limination de cet acte qui viole le droit \u00e0 la vie, l&rsquo;un des noyaux durs des droits de l&rsquo;homme et droit intangible.<\/p>\n\n\n\n<p><em>\u00ab&nbsp;La torture est humaine car, elle touche non seulement la dignit\u00e9 humaine mais aussi l&rsquo;humanit\u00e9 qui est le sens humain cr\u00e9\u00e9 selon l&rsquo;image de Dieu&nbsp;\u00bb<\/em>, a indiqu\u00e9 maitre Henri Wembolua.<\/p>\n\n\n\n<figure class=\"wp-block-image alignfull size-large\"><img data-recalc-dims=\"1\" decoding=\"async\" width=\"640\" height=\"480\" src=\"https:\/\/i0.wp.com\/infos-droitshumains.net\/wp-content\/uploads\/2024\/07\/IMG-20240717-WA0054-2.jpg?resize=640%2C480&#038;ssl=1\" alt=\"\" class=\"wp-image-10488\" srcset=\"https:\/\/i0.wp.com\/infos-droitshumains.net\/wp-content\/uploads\/2024\/07\/IMG-20240717-WA0054-2.jpg?resize=1024%2C768&amp;ssl=1 1024w, https:\/\/i0.wp.com\/infos-droitshumains.net\/wp-content\/uploads\/2024\/07\/IMG-20240717-WA0054-2.jpg?resize=300%2C225&amp;ssl=1 300w, https:\/\/i0.wp.com\/infos-droitshumains.net\/wp-content\/uploads\/2024\/07\/IMG-20240717-WA0054-2.jpg?resize=768%2C576&amp;ssl=1 768w, https:\/\/i0.wp.com\/infos-droitshumains.net\/wp-content\/uploads\/2024\/07\/IMG-20240717-WA0054-2.jpg?w=1280&amp;ssl=1 1280w\" sizes=\"(max-width: 640px) 100vw, 640px\" \/><\/figure>\n\n\n\n<p>En 2022, le Bureau Conjoint des Nations Unies aux Droits de l&rsquo;Homme a document\u00e9 3126 cas de torture. Une r\u00e9alit\u00e9 qui constitue t\u00e2che d&rsquo;huile pour la R\u00e9publique D\u00e9mocratique du Congo en mati\u00e8re de Droits de l&rsquo;homme. Selon le secr\u00e9taire permanent du conseil sup\u00e9rieur de la magistrature,&nbsp; l&rsquo;une des solutions face \u00e0 cette pratique de la torture pourrait \u00eatre la mise en \u0153uvre des recommandations issues de cet atelier.<\/p>\n\n\n\n<p><em>\u00ab\u00a0J&rsquo;attends les recommandations issues de cet atelier pour leur application, question de lutter contre la pratique de la torture\u00a0\u00bb<\/em>, a dit T\u00e9l\u00e9sphore Nduba Kilima.<\/p>\n\n\n\n<figure class=\"wp-block-image alignfull size-large\"><img data-recalc-dims=\"1\" decoding=\"async\" width=\"640\" height=\"480\" src=\"https:\/\/i0.wp.com\/infos-droitshumains.net\/wp-content\/uploads\/2024\/07\/IMG-20240717-WA0053.jpg?resize=640%2C480&#038;ssl=1\" alt=\"\" class=\"wp-image-10482\" srcset=\"https:\/\/i0.wp.com\/infos-droitshumains.net\/wp-content\/uploads\/2024\/07\/IMG-20240717-WA0053.jpg?resize=1024%2C768&amp;ssl=1 1024w, https:\/\/i0.wp.com\/infos-droitshumains.net\/wp-content\/uploads\/2024\/07\/IMG-20240717-WA0053.jpg?resize=300%2C225&amp;ssl=1 300w, https:\/\/i0.wp.com\/infos-droitshumains.net\/wp-content\/uploads\/2024\/07\/IMG-20240717-WA0053.jpg?resize=768%2C576&amp;ssl=1 768w, https:\/\/i0.wp.com\/infos-droitshumains.net\/wp-content\/uploads\/2024\/07\/IMG-20240717-WA0053.jpg?w=1280&amp;ssl=1 1280w\" sizes=\"(max-width: 640px) 100vw, 640px\" \/><\/figure>\n\n\n\n<p>Au premier jour de cet atelier organis\u00e9 en marge de la journ\u00e9e internationale de soutien aux victimes torture c\u00e9l\u00e9br\u00e9e le 26 juin de chaque ann\u00e9e, les participants ont \u00e9t\u00e9 sensibilis\u00e9s sur les notions g\u00e9n\u00e9rales des droits de l&rsquo;homme, les instruments et m\u00e9canismes internationaux et nationaux de protection contre la torture notamment le protocole d&rsquo;Istanbul de 2001, la convention contre la torture de 1987 et la loi nationale du 9 juillet criminalisant la torture.<\/p>\n\n\n\n<p>AM<\/p>\n","protected":false},"excerpt":{"rendered":"<p>R\u00e9daction: +243 817 406 088 Leur r\u00f4le est indispensable dans la lutte contre la torture&#8230;<\/p>\n","protected":false},"author":2,"featured_media":10477,"comment_status":"open","ping_status":"open","sticky":false,"template":"","format":"standard","meta":{"_jetpack_memberships_contains_paid_content":false,"footnotes":""},"categories":[7],"tags":[],"class_list":["post-10476","post","type-post","status-publish","format-standard","has-post-thumbnail","hentry","category-droits-humains"],"yoast_head":"<!-- This site is optimized with the Yoast SEO plugin v27.5 - https:\/\/yoast.com\/product\/yoast-seo-wordpress\/ -->\n<title>RDC : Le BCNUDH sensibilise les magistrats civils et militaires sur la pratique de la torture - Infos Droits Humains<\/title>\n<meta name=\"robots\" content=\"index, follow, max-snippet:-1, max-image-preview:large, max-video-preview:-1\" \/>\n<link rel=\"canonical\" href=\"https:\/\/infos-droitshumains.net\/?p=10476\" \/>\n<meta property=\"og:locale\" content=\"fr_FR\" \/>\n<meta property=\"og:type\" content=\"article\" \/>\n<meta property=\"og:title\" content=\"RDC : Le BCNUDH sensibilise les magistrats civils et militaires sur la pratique de la torture - Infos Droits Humains\" \/>\n<meta property=\"og:description\" content=\"R\u00e9daction: +243 817 406 088 Leur r\u00f4le est indispensable dans la lutte contre la torture...\" \/>\n<meta property=\"og:url\" content=\"https:\/\/infos-droitshumains.net\/?p=10476\" \/>\n<meta property=\"og:site_name\" content=\"Infos Droits Humains\" \/>\n<meta property=\"article:published_time\" content=\"2024-07-17T19:28:05+00:00\" \/>\n<meta property=\"article:modified_time\" content=\"2024-07-17T19:35:09+00:00\" \/>\n<meta property=\"og:image\" content=\"https:\/\/infos-droitshumains.net\/wp-content\/uploads\/2024\/07\/IMG-20240717-WA0051.jpg\" \/>\n\t<meta property=\"og:image:width\" content=\"1280\" \/>\n\t<meta property=\"og:image:height\" content=\"960\" \/>\n\t<meta property=\"og:image:type\" content=\"image\/jpeg\" \/>\n<meta name=\"author\" content=\"Jo\u00ebl Diawa\" \/>\n<meta name=\"twitter:card\" content=\"summary_large_image\" \/>\n<meta name=\"twitter:label1\" content=\"\u00c9crit par\" \/>\n\t<meta name=\"twitter:data1\" content=\"Jo\u00ebl Diawa\" \/>\n\t<meta name=\"twitter:label2\" content=\"Dur\u00e9e de lecture estim\u00e9e\" \/>\n\t<meta name=\"twitter:data2\" content=\"4 minutes\" \/>\n<script type=\"application\/ld+json\" class=\"yoast-schema-graph\">{\"@context\":\"https:\\\/\\\/schema.org\",\"@graph\":[{\"@type\":\"Article\",\"@id\":\"https:\\\/\\\/infos-droitshumains.net\\\/?p=10476#article\",\"isPartOf\":{\"@id\":\"https:\\\/\\\/infos-droitshumains.net\\\/?p=10476\"},\"author\":{\"name\":\"Jo\u00ebl Diawa\",\"@id\":\"https:\\\/\\\/infos-droitshumains.net\\\/#\\\/schema\\\/person\\\/3dc5e921c3302172e0ed4362f96faab7\"},\"headline\":\"RDC : Le BCNUDH sensibilise les magistrats civils et militaires sur la pratique de la torture\",\"datePublished\":\"2024-07-17T19:28:05+00:00\",\"dateModified\":\"2024-07-17T19:35:09+00:00\",\"mainEntityOfPage\":{\"@id\":\"https:\\\/\\\/infos-droitshumains.net\\\/?p=10476\"},\"wordCount\":507,\"commentCount\":0,\"publisher\":{\"@id\":\"https:\\\/\\\/infos-droitshumains.net\\\/#organization\"},\"image\":{\"@id\":\"https:\\\/\\\/infos-droitshumains.net\\\/?p=10476#primaryimage\"},\"thumbnailUrl\":\"https:\\\/\\\/i0.wp.com\\\/infos-droitshumains.net\\\/wp-content\\\/uploads\\\/2024\\\/07\\\/IMG-20240717-WA0051.jpg?fit=1280%2C960&ssl=1\",\"articleSection\":[\"Droits Humains\"],\"inLanguage\":\"fr-FR\",\"potentialAction\":[{\"@type\":\"CommentAction\",\"name\":\"Comment\",\"target\":[\"https:\\\/\\\/infos-droitshumains.net\\\/?p=10476#respond\"]}]},{\"@type\":\"WebPage\",\"@id\":\"https:\\\/\\\/infos-droitshumains.net\\\/?p=10476\",\"url\":\"https:\\\/\\\/infos-droitshumains.net\\\/?p=10476\",\"name\":\"RDC : Le BCNUDH sensibilise les magistrats civils et militaires sur la pratique de la torture - Infos Droits Humains\",\"isPartOf\":{\"@id\":\"https:\\\/\\\/infos-droitshumains.net\\\/#website\"},\"primaryImageOfPage\":{\"@id\":\"https:\\\/\\\/infos-droitshumains.net\\\/?p=10476#primaryimage\"},\"image\":{\"@id\":\"https:\\\/\\\/infos-droitshumains.net\\\/?p=10476#primaryimage\"},\"thumbnailUrl\":\"https:\\\/\\\/i0.wp.com\\\/infos-droitshumains.net\\\/wp-content\\\/uploads\\\/2024\\\/07\\\/IMG-20240717-WA0051.jpg?fit=1280%2C960&ssl=1\",\"datePublished\":\"2024-07-17T19:28:05+00:00\",\"dateModified\":\"2024-07-17T19:35:09+00:00\",\"breadcrumb\":{\"@id\":\"https:\\\/\\\/infos-droitshumains.net\\\/?p=10476#breadcrumb\"},\"inLanguage\":\"fr-FR\",\"potentialAction\":[{\"@type\":\"ReadAction\",\"target\":[\"https:\\\/\\\/infos-droitshumains.net\\\/?p=10476\"]}]},{\"@type\":\"ImageObject\",\"inLanguage\":\"fr-FR\",\"@id\":\"https:\\\/\\\/infos-droitshumains.net\\\/?p=10476#primaryimage\",\"url\":\"https:\\\/\\\/i0.wp.com\\\/infos-droitshumains.net\\\/wp-content\\\/uploads\\\/2024\\\/07\\\/IMG-20240717-WA0051.jpg?fit=1280%2C960&ssl=1\",\"contentUrl\":\"https:\\\/\\\/i0.wp.com\\\/infos-droitshumains.net\\\/wp-content\\\/uploads\\\/2024\\\/07\\\/IMG-20240717-WA0051.jpg?fit=1280%2C960&ssl=1\",\"width\":1280,\"height\":960},{\"@type\":\"BreadcrumbList\",\"@id\":\"https:\\\/\\\/infos-droitshumains.net\\\/?p=10476#breadcrumb\",\"itemListElement\":[{\"@type\":\"ListItem\",\"position\":1,\"name\":\"Accueil\",\"item\":\"https:\\\/\\\/infos-droitshumains.net\\\/\"},{\"@type\":\"ListItem\",\"position\":2,\"name\":\"RDC : Le BCNUDH sensibilise les magistrats civils et militaires sur la pratique de la torture\"}]},{\"@type\":\"WebSite\",\"@id\":\"https:\\\/\\\/infos-droitshumains.net\\\/#website\",\"url\":\"https:\\\/\\\/infos-droitshumains.net\\\/\",\"name\":\"Infos Droits Humains\",\"description\":\"S&#039;informer est un droit\",\"publisher\":{\"@id\":\"https:\\\/\\\/infos-droitshumains.net\\\/#organization\"},\"potentialAction\":[{\"@type\":\"SearchAction\",\"target\":{\"@type\":\"EntryPoint\",\"urlTemplate\":\"https:\\\/\\\/infos-droitshumains.net\\\/?s={search_term_string}\"},\"query-input\":{\"@type\":\"PropertyValueSpecification\",\"valueRequired\":true,\"valueName\":\"search_term_string\"}}],\"inLanguage\":\"fr-FR\"},{\"@type\":\"Organization\",\"@id\":\"https:\\\/\\\/infos-droitshumains.net\\\/#organization\",\"name\":\"Infos Droits Humains\",\"url\":\"https:\\\/\\\/infos-droitshumains.net\\\/\",\"logo\":{\"@type\":\"ImageObject\",\"inLanguage\":\"fr-FR\",\"@id\":\"https:\\\/\\\/infos-droitshumains.net\\\/#\\\/schema\\\/logo\\\/image\\\/\",\"url\":\"https:\\\/\\\/i0.wp.com\\\/infos-droitshumains.net\\\/wp-content\\\/uploads\\\/2022\\\/05\\\/Logo.png?fit=333%2C129&ssl=1\",\"contentUrl\":\"https:\\\/\\\/i0.wp.com\\\/infos-droitshumains.net\\\/wp-content\\\/uploads\\\/2022\\\/05\\\/Logo.png?fit=333%2C129&ssl=1\",\"width\":333,\"height\":129,\"caption\":\"Infos Droits Humains\"},\"image\":{\"@id\":\"https:\\\/\\\/infos-droitshumains.net\\\/#\\\/schema\\\/logo\\\/image\\\/\"}},{\"@type\":\"Person\",\"@id\":\"https:\\\/\\\/infos-droitshumains.net\\\/#\\\/schema\\\/person\\\/3dc5e921c3302172e0ed4362f96faab7\",\"name\":\"Jo\u00ebl Diawa\",\"image\":{\"@type\":\"ImageObject\",\"inLanguage\":\"fr-FR\",\"@id\":\"https:\\\/\\\/secure.gravatar.com\\\/avatar\\\/729bea6ff4604c624417803c477363be8e3c7186deaa65713313f9b4b820f41c?s=96&d=mm&r=g\",\"url\":\"https:\\\/\\\/secure.gravatar.com\\\/avatar\\\/729bea6ff4604c624417803c477363be8e3c7186deaa65713313f9b4b820f41c?s=96&d=mm&r=g\",\"contentUrl\":\"https:\\\/\\\/secure.gravatar.com\\\/avatar\\\/729bea6ff4604c624417803c477363be8e3c7186deaa65713313f9b4b820f41c?s=96&d=mm&r=g\",\"caption\":\"Jo\u00ebl Diawa\"},\"sameAs\":[\"https:\\\/\\\/www.infos-droitshumains.net\"],\"url\":\"https:\\\/\\\/infos-droitshumains.net\\\/?author=2\"}]}<\/script>\n<!-- \/ Yoast SEO plugin. -->","yoast_head_json":{"title":"RDC : Le BCNUDH sensibilise les magistrats civils et militaires sur la pratique de la torture - Infos Droits Humains","robots":{"index":"index","follow":"follow","max-snippet":"max-snippet:-1","max-image-preview":"max-image-preview:large","max-video-preview":"max-video-preview:-1"},"canonical":"https:\/\/infos-droitshumains.net\/?p=10476","og_locale":"fr_FR","og_type":"article","og_title":"RDC : Le BCNUDH sensibilise les magistrats civils et militaires sur la pratique de la torture - Infos Droits Humains","og_description":"R\u00e9daction: +243 817 406 088 Leur r\u00f4le est indispensable dans la lutte contre la torture...","og_url":"https:\/\/infos-droitshumains.net\/?p=10476","og_site_name":"Infos Droits Humains","article_published_time":"2024-07-17T19:28:05+00:00","article_modified_time":"2024-07-17T19:35:09+00:00","og_image":[{"width":1280,"height":960,"url":"https:\/\/infos-droitshumains.net\/wp-content\/uploads\/2024\/07\/IMG-20240717-WA0051.jpg","type":"image\/jpeg"}],"author":"Jo\u00ebl Diawa","twitter_card":"summary_large_image","twitter_misc":{"\u00c9crit par":"Jo\u00ebl Diawa","Dur\u00e9e de lecture estim\u00e9e":"4 minutes"},"schema":{"@context":"https:\/\/schema.org","@graph":[{"@type":"Article","@id":"https:\/\/infos-droitshumains.net\/?p=10476#article","isPartOf":{"@id":"https:\/\/infos-droitshumains.net\/?p=10476"},"author":{"name":"Jo\u00ebl Diawa","@id":"https:\/\/infos-droitshumains.net\/#\/schema\/person\/3dc5e921c3302172e0ed4362f96faab7"},"headline":"RDC : Le BCNUDH sensibilise les magistrats civils et militaires sur la pratique de la torture","datePublished":"2024-07-17T19:28:05+00:00","dateModified":"2024-07-17T19:35:09+00:00","mainEntityOfPage":{"@id":"https:\/\/infos-droitshumains.net\/?p=10476"},"wordCount":507,"commentCount":0,"publisher":{"@id":"https:\/\/infos-droitshumains.net\/#organization"},"image":{"@id":"https:\/\/infos-droitshumains.net\/?p=10476#primaryimage"},"thumbnailUrl":"https:\/\/i0.wp.com\/infos-droitshumains.net\/wp-content\/uploads\/2024\/07\/IMG-20240717-WA0051.jpg?fit=1280%2C960&ssl=1","articleSection":["Droits Humains"],"inLanguage":"fr-FR","potentialAction":[{"@type":"CommentAction","name":"Comment","target":["https:\/\/infos-droitshumains.net\/?p=10476#respond"]}]},{"@type":"WebPage","@id":"https:\/\/infos-droitshumains.net\/?p=10476","url":"https:\/\/infos-droitshumains.net\/?p=10476","name":"RDC : Le BCNUDH sensibilise les magistrats civils et militaires sur la pratique de la torture - Infos Droits Humains","isPartOf":{"@id":"https:\/\/infos-droitshumains.net\/#website"},"primaryImageOfPage":{"@id":"https:\/\/infos-droitshumains.net\/?p=10476#primaryimage"},"image":{"@id":"https:\/\/infos-droitshumains.net\/?p=10476#primaryimage"},"thumbnailUrl":"https:\/\/i0.wp.com\/infos-droitshumains.net\/wp-content\/uploads\/2024\/07\/IMG-20240717-WA0051.jpg?fit=1280%2C960&ssl=1","datePublished":"2024-07-17T19:28:05+00:00","dateModified":"2024-07-17T19:35:09+00:00","breadcrumb":{"@id":"https:\/\/infos-droitshumains.net\/?p=10476#breadcrumb"},"inLanguage":"fr-FR","potentialAction":[{"@type":"ReadAction","target":["https:\/\/infos-droitshumains.net\/?p=10476"]}]},{"@type":"ImageObject","inLanguage":"fr-FR","@id":"https:\/\/infos-droitshumains.net\/?p=10476#primaryimage","url":"https:\/\/i0.wp.com\/infos-droitshumains.net\/wp-content\/uploads\/2024\/07\/IMG-20240717-WA0051.jpg?fit=1280%2C960&ssl=1","contentUrl":"https:\/\/i0.wp.com\/infos-droitshumains.net\/wp-content\/uploads\/2024\/07\/IMG-20240717-WA0051.jpg?fit=1280%2C960&ssl=1","width":1280,"height":960},{"@type":"BreadcrumbList","@id":"https:\/\/infos-droitshumains.net\/?p=10476#breadcrumb","itemListElement":[{"@type":"ListItem","position":1,"name":"Accueil","item":"https:\/\/infos-droitshumains.net\/"},{"@type":"ListItem","position":2,"name":"RDC : Le BCNUDH sensibilise les magistrats civils et militaires sur la pratique de la torture"}]},{"@type":"WebSite","@id":"https:\/\/infos-droitshumains.net\/#website","url":"https:\/\/infos-droitshumains.net\/","name":"Infos Droits Humains","description":"S&#039;informer est un droit","publisher":{"@id":"https:\/\/infos-droitshumains.net\/#organization"},"potentialAction":[{"@type":"SearchAction","target":{"@type":"EntryPoint","urlTemplate":"https:\/\/infos-droitshumains.net\/?s={search_term_string}"},"query-input":{"@type":"PropertyValueSpecification","valueRequired":true,"valueName":"search_term_string"}}],"inLanguage":"fr-FR"},{"@type":"Organization","@id":"https:\/\/infos-droitshumains.net\/#organization","name":"Infos Droits Humains","url":"https:\/\/infos-droitshumains.net\/","logo":{"@type":"ImageObject","inLanguage":"fr-FR","@id":"https:\/\/infos-droitshumains.net\/#\/schema\/logo\/image\/","url":"https:\/\/i0.wp.com\/infos-droitshumains.net\/wp-content\/uploads\/2022\/05\/Logo.png?fit=333%2C129&ssl=1","contentUrl":"https:\/\/i0.wp.com\/infos-droitshumains.net\/wp-content\/uploads\/2022\/05\/Logo.png?fit=333%2C129&ssl=1","width":333,"height":129,"caption":"Infos Droits Humains"},"image":{"@id":"https:\/\/infos-droitshumains.net\/#\/schema\/logo\/image\/"}},{"@type":"Person","@id":"https:\/\/infos-droitshumains.net\/#\/schema\/person\/3dc5e921c3302172e0ed4362f96faab7","name":"Jo\u00ebl Diawa","image":{"@type":"ImageObject","inLanguage":"fr-FR","@id":"https:\/\/secure.gravatar.com\/avatar\/729bea6ff4604c624417803c477363be8e3c7186deaa65713313f9b4b820f41c?s=96&d=mm&r=g","url":"https:\/\/secure.gravatar.com\/avatar\/729bea6ff4604c624417803c477363be8e3c7186deaa65713313f9b4b820f41c?s=96&d=mm&r=g","contentUrl":"https:\/\/secure.gravatar.com\/avatar\/729bea6ff4604c624417803c477363be8e3c7186deaa65713313f9b4b820f41c?s=96&d=mm&r=g","caption":"Jo\u00ebl Diawa"},"sameAs":["https:\/\/www.infos-droitshumains.net"],"url":"https:\/\/infos-droitshumains.net\/?author=2"}]}},"featured_image_urls":{"full":["https:\/\/i0.wp.com\/infos-droitshumains.net\/wp-content\/uploads\/2024\/07\/IMG-20240717-WA0051.jpg?fit=1280%2C960&ssl=1",1280,960,false],"thumbnail":["https:\/\/i0.wp.com\/infos-droitshumains.net\/wp-content\/uploads\/2024\/07\/IMG-20240717-WA0051.jpg?resize=150%2C150&ssl=1",150,150,true],"medium":["https:\/\/i0.wp.com\/infos-droitshumains.net\/wp-content\/uploads\/2024\/07\/IMG-20240717-WA0051.jpg?fit=300%2C225&ssl=1",300,225,true],"medium_large":["https:\/\/i0.wp.com\/infos-droitshumains.net\/wp-content\/uploads\/2024\/07\/IMG-20240717-WA0051.jpg?fit=640%2C480&ssl=1",640,480,true],"large":["https:\/\/i0.wp.com\/infos-droitshumains.net\/wp-content\/uploads\/2024\/07\/IMG-20240717-WA0051.jpg?fit=640%2C480&ssl=1",640,480,true],"1536x1536":["https:\/\/i0.wp.com\/infos-droitshumains.net\/wp-content\/uploads\/2024\/07\/IMG-20240717-WA0051.jpg?fit=1280%2C960&ssl=1",1280,960,true],"2048x2048":["https:\/\/i0.wp.com\/infos-droitshumains.net\/wp-content\/uploads\/2024\/07\/IMG-20240717-WA0051.jpg?fit=1280%2C960&ssl=1",1280,960,true],"covernews-slider-full":["https:\/\/i0.wp.com\/infos-droitshumains.net\/wp-content\/uploads\/2024\/07\/IMG-20240717-WA0051.jpg?resize=1115%2C715&ssl=1",1115,715,true],"covernews-slider-center":["https:\/\/i0.wp.com\/infos-droitshumains.net\/wp-content\/uploads\/2024\/07\/IMG-20240717-WA0051.jpg?resize=800%2C500&ssl=1",800,500,true],"covernews-featured":["https:\/\/i0.wp.com\/infos-droitshumains.net\/wp-content\/uploads\/2024\/07\/IMG-20240717-WA0051.jpg?fit=1024%2C768&ssl=1",1024,768,true],"covernews-medium":["https:\/\/i0.wp.com\/infos-droitshumains.net\/wp-content\/uploads\/2024\/07\/IMG-20240717-WA0051.jpg?resize=540%2C340&ssl=1",540,340,true],"covernews-medium-square":["https:\/\/i0.wp.com\/infos-droitshumains.net\/wp-content\/uploads\/2024\/07\/IMG-20240717-WA0051.jpg?resize=400%2C250&ssl=1",400,250,true]},"author_info":{"display_name":"Jo\u00ebl Diawa","author_link":"https:\/\/infos-droitshumains.net\/?author=2"},"category_info":"<a href=\"https:\/\/infos-droitshumains.net\/?cat=7\" rel=\"category\">Droits Humains<\/a>","tag_info":"Droits Humains","comment_count":"0","jetpack_featured_media_url":"https:\/\/i0.wp.com\/infos-droitshumains.net\/wp-content\/uploads\/2024\/07\/IMG-20240717-WA0051.jpg?fit=1280%2C960&ssl=1","jetpack-related-posts":[],"jetpack_sharing_enabled":true,"_links":{"self":[{"href":"https:\/\/infos-droitshumains.net\/index.php?rest_route=\/wp\/v2\/posts\/10476","targetHints":{"allow":["GET"]}}],"collection":[{"href":"https:\/\/infos-droitshumains.net\/index.php?rest_route=\/wp\/v2\/posts"}],"about":[{"href":"https:\/\/infos-droitshumains.net\/index.php?rest_route=\/wp\/v2\/types\/post"}],"author":[{"embeddable":true,"href":"https:\/\/infos-droitshumains.net\/index.php?rest_route=\/wp\/v2\/users\/2"}],"replies":[{"embeddable":true,"href":"https:\/\/infos-droitshumains.net\/index.php?rest_route=%2Fwp%2Fv2%2Fcomments&post=10476"}],"version-history":[{"count":5,"href":"https:\/\/infos-droitshumains.net\/index.php?rest_route=\/wp\/v2\/posts\/10476\/revisions"}],"predecessor-version":[{"id":10492,"href":"https:\/\/infos-droitshumains.net\/index.php?rest_route=\/wp\/v2\/posts\/10476\/revisions\/10492"}],"wp:featuredmedia":[{"embeddable":true,"href":"https:\/\/infos-droitshumains.net\/index.php?rest_route=\/wp\/v2\/media\/10477"}],"wp:attachment":[{"href":"https:\/\/infos-droitshumains.net\/index.php?rest_route=%2Fwp%2Fv2%2Fmedia&parent=10476"}],"wp:term":[{"taxonomy":"category","embeddable":true,"href":"https:\/\/infos-droitshumains.net\/index.php?rest_route=%2Fwp%2Fv2%2Fcategories&post=10476"},{"taxonomy":"post_tag","embeddable":true,"href":"https:\/\/infos-droitshumains.net\/index.php?rest_route=%2Fwp%2Fv2%2Ftags&post=10476"}],"curies":[{"name":"wp","href":"https:\/\/api.w.org\/{rel}","templated":true}]}}