{"id":10462,"date":"2024-07-16T00:12:39","date_gmt":"2024-07-15T22:12:39","guid":{"rendered":"https:\/\/infos-droitshumains.net\/?p=10462"},"modified":"2024-07-16T00:19:51","modified_gmt":"2024-07-15T22:19:51","slug":"panification-familiale-a-lhorizon-2030-6-pays-de-lafrique-centrale-participent-a-la-reunion-strategique-de-haute-facture","status":"publish","type":"post","link":"https:\/\/infos-droitshumains.net\/?p=10462","title":{"rendered":"Panification familiale \u00e0 l&rsquo;horizon 2030\u00a0: 6 pays de l&rsquo;Afrique centrale participent \u00e0 la r\u00e9union strat\u00e9gique de haute facture"},"content":{"rendered":"\n<p><strong>R\u00e9daction: +243 817 406 088<\/strong><\/p>\n\n\n\n<h3 class=\"wp-block-heading has-vivid-red-color has-text-color has-link-color wp-elements-a32ff9b80987dc053304fd82ecd1615c\">Organis\u00e9e par le bureau r\u00e9gional de l&rsquo;Afrique du nord, de l&rsquo;ouest et centrale, cette r\u00e9union strat\u00e9gique re\u00e7oit les d\u00e9l\u00e9gu\u00e9s de diff\u00e9rents&nbsp; points focaux de 6 pays de l&rsquo;Afrique centrale dont la RDC, le Tchad, la R\u00e9publique centre Africaine, le Burundi, le Cameroun. Cet atelier&nbsp; de haute port\u00e9e se fixe comme&nbsp; objectifs majeurs, l&rsquo;\u00e9laboration des plans d&rsquo;actions qui portent sur des strat\u00e9gies ainsi que&nbsp; des interventions sur les cibles bien sp\u00e9cifiques dans la sous r\u00e9gion.<\/h3>\n\n\n\n<p>Au nom du Ministre national emp\u00each\u00e9, le Secr\u00e9taire G\u00e9n\u00e9ral \u00e0 la sant\u00e9 publique a proc\u00e9d\u00e9 au lancement officiel des travaux de cet atelier tout en saluant le fait que la dite activit\u00e9 se tienne \u00e0 Kinshasa :<\/p>\n\n\n\n<p><em>\u00ab&nbsp;Cette r\u00e9union strat\u00e9gique qui se tient \u00e0 Kinshasa est un&nbsp; symbole fort. \u00c7a nous interpelle tous de sorte que nous puissions encore travailler davantage pour la r\u00e9gion de l&rsquo;Afrique centrale, pour pousser l&rsquo;agenda de la planification familiale tr\u00e8s haut. Aujourd&rsquo;hui dans nos pays,&nbsp; la pr\u00e9valence contraceptive reste encore tr\u00e8s faible et surtout les besoins non couverts en mati\u00e8re de contraception&nbsp;\u00bb<\/em>, a-t-il dit.<\/p>\n\n\n\n<p>Au-del\u00e0 d&rsquo;\u00eatre une question de sant\u00e9 publique, la planification familiale est un v\u00e9ritable probl\u00e8me de d\u00e9veloppement \u00e9conomique. Il revient donc \u00e0 chaque r\u00e9gion d&rsquo;identifier les vrais probl\u00e8mes afin de booster la pr\u00e9valence contraceptive qui passe notamment par le partage d&rsquo;exp\u00e9riences des points focaux qui participent \u00e0 ces accises dont les attentes sont de taille selon le directeur r\u00e9gional FP 2030.<\/p>\n\n\n\n<p><em>\u00ab&nbsp;Nous attendons des participants,&nbsp; l&rsquo;\u00e9laboration du plan d&rsquo;action pour le futur. Notre objectif est d&rsquo;atteindre un certain niveau d&rsquo;int\u00e9gration mais aussi d&rsquo;acc\u00e9l\u00e9rer l&rsquo;acc\u00e8s \u00e0 la planification familiale d&rsquo;ici 2030 o\u00f9 nous aurons \u00e0 r\u00e9\u00e9valuer les objectifs\u00bb<\/em>, rappelle le Docteur Martin Mingobano.<\/p>\n\n\n\n<p>Et \u00e0 la question de savoir pourquoi cette r\u00e9union strat\u00e9gique se tient en RDC, le directeur r\u00e9gional&nbsp; a fait savoir que le pays de F\u00e9lix Tshisekedi reste un pays pilote vu sa densit\u00e9 tout comme le Nigeria. <em>\u00ab&nbsp;Si ces deux grands pays ont des indicateurs qui sont assez \u00e9lev\u00e9s et que les femmes de ces deux grands pays acc\u00e8dent \u00e0 la planification familiale sans aucun obstacle, c&rsquo;est toute l&rsquo;Afrique enti\u00e8re qui va gagner&nbsp;\u00bb<\/em>.<\/p>\n\n\n\n<p>Signalons qu&rsquo; \u00e0 ce jour tous les pays qui participent \u00e0 cette r\u00e9union strat\u00e9gique ont un taux de pr\u00e9valence \u00e9valu\u00e9 \u00e0 18%, le besoin non satisfait est assez \u00e9lev\u00e9 et l&rsquo;autre objectif est de pousser la sous r\u00e9gion \u00e0 atteindre 30% des nouvelles utilisatrices de la&nbsp; PF, ce qui pourra sans nul doute influer sur la r\u00e9duction du taux de mortalit\u00e9 maternelle.<\/p>\n\n\n\n<p>Chantal Kabasua<\/p>\n","protected":false},"excerpt":{"rendered":"<p>R\u00e9daction: +243 817 406 088 Organis\u00e9e par le bureau r\u00e9gional de l&rsquo;Afrique du nord, de&#8230;<\/p>\n","protected":false},"author":2,"featured_media":10465,"comment_status":"open","ping_status":"open","sticky":false,"template":"","format":"standard","meta":{"_jetpack_memberships_contains_paid_content":false,"footnotes":""},"categories":[7],"tags":[],"class_list":["post-10462","post","type-post","status-publish","format-standard","has-post-thumbnail","hentry","category-droits-humains"],"yoast_head":"<!-- This site is optimized with the Yoast SEO plugin v27.5 - https:\/\/yoast.com\/product\/yoast-seo-wordpress\/ -->\n<title>Panification familiale \u00e0 l&#039;horizon 2030\u00a0: 6 pays de l&#039;Afrique centrale participent \u00e0 la r\u00e9union strat\u00e9gique de haute facture - Infos Droits Humains<\/title>\n<meta name=\"robots\" content=\"index, follow, max-snippet:-1, max-image-preview:large, max-video-preview:-1\" \/>\n<link rel=\"canonical\" href=\"https:\/\/infos-droitshumains.net\/?p=10462\" \/>\n<meta property=\"og:locale\" content=\"fr_FR\" \/>\n<meta property=\"og:type\" content=\"article\" \/>\n<meta property=\"og:title\" content=\"Panification familiale \u00e0 l&#039;horizon 2030\u00a0: 6 pays de l&#039;Afrique centrale participent \u00e0 la r\u00e9union strat\u00e9gique de haute facture - Infos Droits Humains\" \/>\n<meta property=\"og:description\" content=\"R\u00e9daction: +243 817 406 088 Organis\u00e9e par le bureau r\u00e9gional de l&rsquo;Afrique du nord, de...\" \/>\n<meta property=\"og:url\" content=\"https:\/\/infos-droitshumains.net\/?p=10462\" \/>\n<meta property=\"og:site_name\" content=\"Infos Droits Humains\" \/>\n<meta property=\"article:published_time\" content=\"2024-07-15T22:12:39+00:00\" \/>\n<meta property=\"article:modified_time\" content=\"2024-07-15T22:19:51+00:00\" \/>\n<meta property=\"og:image\" content=\"https:\/\/infos-droitshumains.net\/wp-content\/uploads\/2024\/07\/IMG-20240715-WA0053_1.jpg\" \/>\n\t<meta property=\"og:image:width\" content=\"720\" \/>\n\t<meta property=\"og:image:height\" content=\"540\" \/>\n\t<meta property=\"og:image:type\" content=\"image\/jpeg\" \/>\n<meta name=\"author\" content=\"Jo\u00ebl Diawa\" \/>\n<meta name=\"twitter:card\" content=\"summary_large_image\" \/>\n<meta name=\"twitter:label1\" content=\"\u00c9crit par\" \/>\n\t<meta name=\"twitter:data1\" content=\"Jo\u00ebl Diawa\" \/>\n\t<meta name=\"twitter:label2\" content=\"Dur\u00e9e de lecture estim\u00e9e\" \/>\n\t<meta name=\"twitter:data2\" content=\"3 minutes\" \/>\n<script type=\"application\/ld+json\" class=\"yoast-schema-graph\">{\"@context\":\"https:\\\/\\\/schema.org\",\"@graph\":[{\"@type\":\"Article\",\"@id\":\"https:\\\/\\\/infos-droitshumains.net\\\/?p=10462#article\",\"isPartOf\":{\"@id\":\"https:\\\/\\\/infos-droitshumains.net\\\/?p=10462\"},\"author\":{\"name\":\"Jo\u00ebl Diawa\",\"@id\":\"https:\\\/\\\/infos-droitshumains.net\\\/#\\\/schema\\\/person\\\/3dc5e921c3302172e0ed4362f96faab7\"},\"headline\":\"Panification familiale \u00e0 l&rsquo;horizon 2030\u00a0: 6 pays de l&rsquo;Afrique centrale participent \u00e0 la r\u00e9union strat\u00e9gique de haute facture\",\"datePublished\":\"2024-07-15T22:12:39+00:00\",\"dateModified\":\"2024-07-15T22:19:51+00:00\",\"mainEntityOfPage\":{\"@id\":\"https:\\\/\\\/infos-droitshumains.net\\\/?p=10462\"},\"wordCount\":478,\"commentCount\":0,\"publisher\":{\"@id\":\"https:\\\/\\\/infos-droitshumains.net\\\/#organization\"},\"image\":{\"@id\":\"https:\\\/\\\/infos-droitshumains.net\\\/?p=10462#primaryimage\"},\"thumbnailUrl\":\"https:\\\/\\\/i0.wp.com\\\/infos-droitshumains.net\\\/wp-content\\\/uploads\\\/2024\\\/07\\\/IMG-20240715-WA0053_1.jpg?fit=720%2C540&ssl=1\",\"articleSection\":[\"Droits Humains\"],\"inLanguage\":\"fr-FR\",\"potentialAction\":[{\"@type\":\"CommentAction\",\"name\":\"Comment\",\"target\":[\"https:\\\/\\\/infos-droitshumains.net\\\/?p=10462#respond\"]}]},{\"@type\":\"WebPage\",\"@id\":\"https:\\\/\\\/infos-droitshumains.net\\\/?p=10462\",\"url\":\"https:\\\/\\\/infos-droitshumains.net\\\/?p=10462\",\"name\":\"Panification familiale \u00e0 l'horizon 2030\u00a0: 6 pays de l'Afrique centrale participent \u00e0 la r\u00e9union strat\u00e9gique de haute facture - Infos Droits Humains\",\"isPartOf\":{\"@id\":\"https:\\\/\\\/infos-droitshumains.net\\\/#website\"},\"primaryImageOfPage\":{\"@id\":\"https:\\\/\\\/infos-droitshumains.net\\\/?p=10462#primaryimage\"},\"image\":{\"@id\":\"https:\\\/\\\/infos-droitshumains.net\\\/?p=10462#primaryimage\"},\"thumbnailUrl\":\"https:\\\/\\\/i0.wp.com\\\/infos-droitshumains.net\\\/wp-content\\\/uploads\\\/2024\\\/07\\\/IMG-20240715-WA0053_1.jpg?fit=720%2C540&ssl=1\",\"datePublished\":\"2024-07-15T22:12:39+00:00\",\"dateModified\":\"2024-07-15T22:19:51+00:00\",\"breadcrumb\":{\"@id\":\"https:\\\/\\\/infos-droitshumains.net\\\/?p=10462#breadcrumb\"},\"inLanguage\":\"fr-FR\",\"potentialAction\":[{\"@type\":\"ReadAction\",\"target\":[\"https:\\\/\\\/infos-droitshumains.net\\\/?p=10462\"]}]},{\"@type\":\"ImageObject\",\"inLanguage\":\"fr-FR\",\"@id\":\"https:\\\/\\\/infos-droitshumains.net\\\/?p=10462#primaryimage\",\"url\":\"https:\\\/\\\/i0.wp.com\\\/infos-droitshumains.net\\\/wp-content\\\/uploads\\\/2024\\\/07\\\/IMG-20240715-WA0053_1.jpg?fit=720%2C540&ssl=1\",\"contentUrl\":\"https:\\\/\\\/i0.wp.com\\\/infos-droitshumains.net\\\/wp-content\\\/uploads\\\/2024\\\/07\\\/IMG-20240715-WA0053_1.jpg?fit=720%2C540&ssl=1\",\"width\":720,\"height\":540},{\"@type\":\"BreadcrumbList\",\"@id\":\"https:\\\/\\\/infos-droitshumains.net\\\/?p=10462#breadcrumb\",\"itemListElement\":[{\"@type\":\"ListItem\",\"position\":1,\"name\":\"Accueil\",\"item\":\"https:\\\/\\\/infos-droitshumains.net\\\/\"},{\"@type\":\"ListItem\",\"position\":2,\"name\":\"Panification familiale \u00e0 l&rsquo;horizon 2030\u00a0: 6 pays de l&rsquo;Afrique centrale participent \u00e0 la r\u00e9union strat\u00e9gique de haute facture\"}]},{\"@type\":\"WebSite\",\"@id\":\"https:\\\/\\\/infos-droitshumains.net\\\/#website\",\"url\":\"https:\\\/\\\/infos-droitshumains.net\\\/\",\"name\":\"Infos Droits Humains\",\"description\":\"S&#039;informer est un droit\",\"publisher\":{\"@id\":\"https:\\\/\\\/infos-droitshumains.net\\\/#organization\"},\"potentialAction\":[{\"@type\":\"SearchAction\",\"target\":{\"@type\":\"EntryPoint\",\"urlTemplate\":\"https:\\\/\\\/infos-droitshumains.net\\\/?s={search_term_string}\"},\"query-input\":{\"@type\":\"PropertyValueSpecification\",\"valueRequired\":true,\"valueName\":\"search_term_string\"}}],\"inLanguage\":\"fr-FR\"},{\"@type\":\"Organization\",\"@id\":\"https:\\\/\\\/infos-droitshumains.net\\\/#organization\",\"name\":\"Infos Droits Humains\",\"url\":\"https:\\\/\\\/infos-droitshumains.net\\\/\",\"logo\":{\"@type\":\"ImageObject\",\"inLanguage\":\"fr-FR\",\"@id\":\"https:\\\/\\\/infos-droitshumains.net\\\/#\\\/schema\\\/logo\\\/image\\\/\",\"url\":\"https:\\\/\\\/i0.wp.com\\\/infos-droitshumains.net\\\/wp-content\\\/uploads\\\/2022\\\/05\\\/Logo.png?fit=333%2C129&ssl=1\",\"contentUrl\":\"https:\\\/\\\/i0.wp.com\\\/infos-droitshumains.net\\\/wp-content\\\/uploads\\\/2022\\\/05\\\/Logo.png?fit=333%2C129&ssl=1\",\"width\":333,\"height\":129,\"caption\":\"Infos Droits Humains\"},\"image\":{\"@id\":\"https:\\\/\\\/infos-droitshumains.net\\\/#\\\/schema\\\/logo\\\/image\\\/\"}},{\"@type\":\"Person\",\"@id\":\"https:\\\/\\\/infos-droitshumains.net\\\/#\\\/schema\\\/person\\\/3dc5e921c3302172e0ed4362f96faab7\",\"name\":\"Jo\u00ebl Diawa\",\"image\":{\"@type\":\"ImageObject\",\"inLanguage\":\"fr-FR\",\"@id\":\"https:\\\/\\\/secure.gravatar.com\\\/avatar\\\/729bea6ff4604c624417803c477363be8e3c7186deaa65713313f9b4b820f41c?s=96&d=mm&r=g\",\"url\":\"https:\\\/\\\/secure.gravatar.com\\\/avatar\\\/729bea6ff4604c624417803c477363be8e3c7186deaa65713313f9b4b820f41c?s=96&d=mm&r=g\",\"contentUrl\":\"https:\\\/\\\/secure.gravatar.com\\\/avatar\\\/729bea6ff4604c624417803c477363be8e3c7186deaa65713313f9b4b820f41c?s=96&d=mm&r=g\",\"caption\":\"Jo\u00ebl Diawa\"},\"sameAs\":[\"https:\\\/\\\/www.infos-droitshumains.net\"],\"url\":\"https:\\\/\\\/infos-droitshumains.net\\\/?author=2\"}]}<\/script>\n<!-- \/ Yoast SEO plugin. -->","yoast_head_json":{"title":"Panification familiale \u00e0 l'horizon 2030\u00a0: 6 pays de l'Afrique centrale participent \u00e0 la r\u00e9union strat\u00e9gique de haute facture - Infos Droits Humains","robots":{"index":"index","follow":"follow","max-snippet":"max-snippet:-1","max-image-preview":"max-image-preview:large","max-video-preview":"max-video-preview:-1"},"canonical":"https:\/\/infos-droitshumains.net\/?p=10462","og_locale":"fr_FR","og_type":"article","og_title":"Panification familiale \u00e0 l'horizon 2030\u00a0: 6 pays de l'Afrique centrale participent \u00e0 la r\u00e9union strat\u00e9gique de haute facture - Infos Droits Humains","og_description":"R\u00e9daction: +243 817 406 088 Organis\u00e9e par le bureau r\u00e9gional de l&rsquo;Afrique du nord, de...","og_url":"https:\/\/infos-droitshumains.net\/?p=10462","og_site_name":"Infos Droits Humains","article_published_time":"2024-07-15T22:12:39+00:00","article_modified_time":"2024-07-15T22:19:51+00:00","og_image":[{"width":720,"height":540,"url":"https:\/\/infos-droitshumains.net\/wp-content\/uploads\/2024\/07\/IMG-20240715-WA0053_1.jpg","type":"image\/jpeg"}],"author":"Jo\u00ebl Diawa","twitter_card":"summary_large_image","twitter_misc":{"\u00c9crit par":"Jo\u00ebl Diawa","Dur\u00e9e de lecture estim\u00e9e":"3 minutes"},"schema":{"@context":"https:\/\/schema.org","@graph":[{"@type":"Article","@id":"https:\/\/infos-droitshumains.net\/?p=10462#article","isPartOf":{"@id":"https:\/\/infos-droitshumains.net\/?p=10462"},"author":{"name":"Jo\u00ebl Diawa","@id":"https:\/\/infos-droitshumains.net\/#\/schema\/person\/3dc5e921c3302172e0ed4362f96faab7"},"headline":"Panification familiale \u00e0 l&rsquo;horizon 2030\u00a0: 6 pays de l&rsquo;Afrique centrale participent \u00e0 la r\u00e9union strat\u00e9gique de haute facture","datePublished":"2024-07-15T22:12:39+00:00","dateModified":"2024-07-15T22:19:51+00:00","mainEntityOfPage":{"@id":"https:\/\/infos-droitshumains.net\/?p=10462"},"wordCount":478,"commentCount":0,"publisher":{"@id":"https:\/\/infos-droitshumains.net\/#organization"},"image":{"@id":"https:\/\/infos-droitshumains.net\/?p=10462#primaryimage"},"thumbnailUrl":"https:\/\/i0.wp.com\/infos-droitshumains.net\/wp-content\/uploads\/2024\/07\/IMG-20240715-WA0053_1.jpg?fit=720%2C540&ssl=1","articleSection":["Droits Humains"],"inLanguage":"fr-FR","potentialAction":[{"@type":"CommentAction","name":"Comment","target":["https:\/\/infos-droitshumains.net\/?p=10462#respond"]}]},{"@type":"WebPage","@id":"https:\/\/infos-droitshumains.net\/?p=10462","url":"https:\/\/infos-droitshumains.net\/?p=10462","name":"Panification familiale \u00e0 l'horizon 2030\u00a0: 6 pays de l'Afrique centrale participent \u00e0 la r\u00e9union strat\u00e9gique de haute facture - Infos Droits Humains","isPartOf":{"@id":"https:\/\/infos-droitshumains.net\/#website"},"primaryImageOfPage":{"@id":"https:\/\/infos-droitshumains.net\/?p=10462#primaryimage"},"image":{"@id":"https:\/\/infos-droitshumains.net\/?p=10462#primaryimage"},"thumbnailUrl":"https:\/\/i0.wp.com\/infos-droitshumains.net\/wp-content\/uploads\/2024\/07\/IMG-20240715-WA0053_1.jpg?fit=720%2C540&ssl=1","datePublished":"2024-07-15T22:12:39+00:00","dateModified":"2024-07-15T22:19:51+00:00","breadcrumb":{"@id":"https:\/\/infos-droitshumains.net\/?p=10462#breadcrumb"},"inLanguage":"fr-FR","potentialAction":[{"@type":"ReadAction","target":["https:\/\/infos-droitshumains.net\/?p=10462"]}]},{"@type":"ImageObject","inLanguage":"fr-FR","@id":"https:\/\/infos-droitshumains.net\/?p=10462#primaryimage","url":"https:\/\/i0.wp.com\/infos-droitshumains.net\/wp-content\/uploads\/2024\/07\/IMG-20240715-WA0053_1.jpg?fit=720%2C540&ssl=1","contentUrl":"https:\/\/i0.wp.com\/infos-droitshumains.net\/wp-content\/uploads\/2024\/07\/IMG-20240715-WA0053_1.jpg?fit=720%2C540&ssl=1","width":720,"height":540},{"@type":"BreadcrumbList","@id":"https:\/\/infos-droitshumains.net\/?p=10462#breadcrumb","itemListElement":[{"@type":"ListItem","position":1,"name":"Accueil","item":"https:\/\/infos-droitshumains.net\/"},{"@type":"ListItem","position":2,"name":"Panification familiale \u00e0 l&rsquo;horizon 2030\u00a0: 6 pays de l&rsquo;Afrique centrale participent \u00e0 la r\u00e9union strat\u00e9gique de haute facture"}]},{"@type":"WebSite","@id":"https:\/\/infos-droitshumains.net\/#website","url":"https:\/\/infos-droitshumains.net\/","name":"Infos Droits Humains","description":"S&#039;informer est un droit","publisher":{"@id":"https:\/\/infos-droitshumains.net\/#organization"},"potentialAction":[{"@type":"SearchAction","target":{"@type":"EntryPoint","urlTemplate":"https:\/\/infos-droitshumains.net\/?s={search_term_string}"},"query-input":{"@type":"PropertyValueSpecification","valueRequired":true,"valueName":"search_term_string"}}],"inLanguage":"fr-FR"},{"@type":"Organization","@id":"https:\/\/infos-droitshumains.net\/#organization","name":"Infos Droits Humains","url":"https:\/\/infos-droitshumains.net\/","logo":{"@type":"ImageObject","inLanguage":"fr-FR","@id":"https:\/\/infos-droitshumains.net\/#\/schema\/logo\/image\/","url":"https:\/\/i0.wp.com\/infos-droitshumains.net\/wp-content\/uploads\/2022\/05\/Logo.png?fit=333%2C129&ssl=1","contentUrl":"https:\/\/i0.wp.com\/infos-droitshumains.net\/wp-content\/uploads\/2022\/05\/Logo.png?fit=333%2C129&ssl=1","width":333,"height":129,"caption":"Infos Droits Humains"},"image":{"@id":"https:\/\/infos-droitshumains.net\/#\/schema\/logo\/image\/"}},{"@type":"Person","@id":"https:\/\/infos-droitshumains.net\/#\/schema\/person\/3dc5e921c3302172e0ed4362f96faab7","name":"Jo\u00ebl Diawa","image":{"@type":"ImageObject","inLanguage":"fr-FR","@id":"https:\/\/secure.gravatar.com\/avatar\/729bea6ff4604c624417803c477363be8e3c7186deaa65713313f9b4b820f41c?s=96&d=mm&r=g","url":"https:\/\/secure.gravatar.com\/avatar\/729bea6ff4604c624417803c477363be8e3c7186deaa65713313f9b4b820f41c?s=96&d=mm&r=g","contentUrl":"https:\/\/secure.gravatar.com\/avatar\/729bea6ff4604c624417803c477363be8e3c7186deaa65713313f9b4b820f41c?s=96&d=mm&r=g","caption":"Jo\u00ebl Diawa"},"sameAs":["https:\/\/www.infos-droitshumains.net"],"url":"https:\/\/infos-droitshumains.net\/?author=2"}]}},"featured_image_urls":{"full":["https:\/\/i0.wp.com\/infos-droitshumains.net\/wp-content\/uploads\/2024\/07\/IMG-20240715-WA0053_1.jpg?fit=720%2C540&ssl=1",720,540,false],"thumbnail":["https:\/\/i0.wp.com\/infos-droitshumains.net\/wp-content\/uploads\/2024\/07\/IMG-20240715-WA0053_1.jpg?resize=150%2C150&ssl=1",150,150,true],"medium":["https:\/\/i0.wp.com\/infos-droitshumains.net\/wp-content\/uploads\/2024\/07\/IMG-20240715-WA0053_1.jpg?fit=300%2C225&ssl=1",300,225,true],"medium_large":["https:\/\/i0.wp.com\/infos-droitshumains.net\/wp-content\/uploads\/2024\/07\/IMG-20240715-WA0053_1.jpg?fit=640%2C480&ssl=1",640,480,true],"large":["https:\/\/i0.wp.com\/infos-droitshumains.net\/wp-content\/uploads\/2024\/07\/IMG-20240715-WA0053_1.jpg?fit=640%2C480&ssl=1",640,480,true],"1536x1536":["https:\/\/i0.wp.com\/infos-droitshumains.net\/wp-content\/uploads\/2024\/07\/IMG-20240715-WA0053_1.jpg?fit=720%2C540&ssl=1",720,540,true],"2048x2048":["https:\/\/i0.wp.com\/infos-droitshumains.net\/wp-content\/uploads\/2024\/07\/IMG-20240715-WA0053_1.jpg?fit=720%2C540&ssl=1",720,540,true],"covernews-slider-full":["https:\/\/i0.wp.com\/infos-droitshumains.net\/wp-content\/uploads\/2024\/07\/IMG-20240715-WA0053_1.jpg?resize=720%2C540&ssl=1",720,540,true],"covernews-slider-center":["https:\/\/i0.wp.com\/infos-droitshumains.net\/wp-content\/uploads\/2024\/07\/IMG-20240715-WA0053_1.jpg?resize=720%2C500&ssl=1",720,500,true],"covernews-featured":["https:\/\/i0.wp.com\/infos-droitshumains.net\/wp-content\/uploads\/2024\/07\/IMG-20240715-WA0053_1.jpg?fit=720%2C540&ssl=1",720,540,true],"covernews-medium":["https:\/\/i0.wp.com\/infos-droitshumains.net\/wp-content\/uploads\/2024\/07\/IMG-20240715-WA0053_1.jpg?resize=540%2C340&ssl=1",540,340,true],"covernews-medium-square":["https:\/\/i0.wp.com\/infos-droitshumains.net\/wp-content\/uploads\/2024\/07\/IMG-20240715-WA0053_1.jpg?resize=400%2C250&ssl=1",400,250,true]},"author_info":{"display_name":"Jo\u00ebl Diawa","author_link":"https:\/\/infos-droitshumains.net\/?author=2"},"category_info":"<a href=\"https:\/\/infos-droitshumains.net\/?cat=7\" rel=\"category\">Droits Humains<\/a>","tag_info":"Droits Humains","comment_count":"0","jetpack_featured_media_url":"https:\/\/i0.wp.com\/infos-droitshumains.net\/wp-content\/uploads\/2024\/07\/IMG-20240715-WA0053_1.jpg?fit=720%2C540&ssl=1","jetpack-related-posts":[],"jetpack_sharing_enabled":true,"_links":{"self":[{"href":"https:\/\/infos-droitshumains.net\/index.php?rest_route=\/wp\/v2\/posts\/10462","targetHints":{"allow":["GET"]}}],"collection":[{"href":"https:\/\/infos-droitshumains.net\/index.php?rest_route=\/wp\/v2\/posts"}],"about":[{"href":"https:\/\/infos-droitshumains.net\/index.php?rest_route=\/wp\/v2\/types\/post"}],"author":[{"embeddable":true,"href":"https:\/\/infos-droitshumains.net\/index.php?rest_route=\/wp\/v2\/users\/2"}],"replies":[{"embeddable":true,"href":"https:\/\/infos-droitshumains.net\/index.php?rest_route=%2Fwp%2Fv2%2Fcomments&post=10462"}],"version-history":[{"count":1,"href":"https:\/\/infos-droitshumains.net\/index.php?rest_route=\/wp\/v2\/posts\/10462\/revisions"}],"predecessor-version":[{"id":10463,"href":"https:\/\/infos-droitshumains.net\/index.php?rest_route=\/wp\/v2\/posts\/10462\/revisions\/10463"}],"wp:featuredmedia":[{"embeddable":true,"href":"https:\/\/infos-droitshumains.net\/index.php?rest_route=\/wp\/v2\/media\/10465"}],"wp:attachment":[{"href":"https:\/\/infos-droitshumains.net\/index.php?rest_route=%2Fwp%2Fv2%2Fmedia&parent=10462"}],"wp:term":[{"taxonomy":"category","embeddable":true,"href":"https:\/\/infos-droitshumains.net\/index.php?rest_route=%2Fwp%2Fv2%2Fcategories&post=10462"},{"taxonomy":"post_tag","embeddable":true,"href":"https:\/\/infos-droitshumains.net\/index.php?rest_route=%2Fwp%2Fv2%2Ftags&post=10462"}],"curies":[{"name":"wp","href":"https:\/\/api.w.org\/{rel}","templated":true}]}}