{"id":1045,"date":"2021-11-02T11:51:53","date_gmt":"2021-11-02T10:51:53","guid":{"rendered":"https:\/\/infos-droitshumains.net\/?p=1045"},"modified":"2023-04-06T12:11:05","modified_gmt":"2023-04-06T10:11:05","slug":"3eme-synode-des-eglises-de-lunite-eucharistique-le-pontif-benjamin-premier-de-leglise-orthodoxe-de-lunite-attendu-ce-jeudi-4-novembre","status":"publish","type":"post","link":"https:\/\/infos-droitshumains.net\/?p=1045","title":{"rendered":"3\u00e8me Synode des \u00e9glises de l&rsquo;unit\u00e9 eucharistique : Le Pontif Benjamin Premier de l&rsquo;\u00e9glise orthodoxe de l&rsquo;unit\u00e9 attendu ce jeudi 4 novembre."},"content":{"rendered":"\n<p><strong>R\u00e9daction : +243817406088<\/strong><\/p>\n\n\n\n<p>Le troisi\u00e8me synode des \u00e9glises de l&rsquo;unit\u00e9  eucharistique va se tenir \u00e0 Kinshasa du 04 u 07 novembre. Ces assises vont rassembler les \u00e9glises traditionnelle qui partagent en commun eucharistie, \u00e0 savoir, l&rsquo;\u00e9glise catholique romaine, l&rsquo;\u00e9glise protestante et l&rsquo;\u00e9glise catholique orthodoxe de l&rsquo;unit\u00e9.<\/p>\n\n\n\n<p>Cette derni\u00e8re sera repr\u00e9sent\u00e9 par le Pontif Benjamin Premier. Le patriarche de l&rsquo;\u00e9glise catholique orthodoxe de l&rsquo;unit\u00e9 est attendu \u00e0 Kinshasa ce jeudi 04 novembre 2021.<\/p>\n\n\n\n<p>Bien avant son arriv\u00e9 dans la capitale de la R\u00e9publique D\u00e9mocratique du Congo, le Pontif Benjamin Premier a lanc\u00e9 un message de paix \u00e0 la population congolaise:<\/p>\n\n\n\n<p><em>\u00ab\u00a0Je m&rsquo;adresse \u00e0 vous tous mes bien-aim\u00e9s congolaise et congolais, je serai avec vous du 4 au 8 novembre prochain. Parce-que les congolaise et les congolais ont adopt\u00e9 l&rsquo;\u00e9glise de l&rsquo;unit\u00e9 dans laquelle les catholiques romains les orthodoxes et les protestants ont retrouv\u00e9 la premi\u00e8re \u00e9glise fond\u00e9e par notre seigneur et chapeaut\u00e9 par l&rsquo;unit\u00e9 eucharistique. J&rsquo;arrive chez vous entant que congolais qui vous aime et qui vous respecte. Je viens aussi pour vous remercier et vous manifester ma profonde reconnaissance\u00a0\u00bb.<\/em><\/p>\n\n\n\n<p>Le Pontif Benjamin Premier a \u00e9galement  rendu un vibrant hommage aux autorit\u00e9s tant politique que religieuses :<\/p>\n\n\n\n<p><em>\u00ab\u00a0Je ne peux pas passer outre la mise \u00e0 notre disposition de la merveilleuse salle par le ministre des affaires \u00e9trang\u00e8res de votre pays. J&rsquo;exprime ma profonde reconnaissance pour ce noble  geste \u00e0 son excellence F\u00e9lix Tshisekedi pr\u00e9sident de la R\u00e9publique ainsi qu&rsquo;\u00e0 vous tous, ministres et d\u00e9put\u00e9s de la R\u00e9publique d\u00e9mocratique du Congo. J&rsquo;exprime ma profonde reconnaissance aux \u00e9glises qui ont form\u00e9 notre clerg\u00e9 et j&rsquo;esp\u00e8re pouvoir l&rsquo;exprimer de vive voix au cardinal de Kinshasa et \u00e0 tous les repr\u00e9sentants de cette \u00e9glise. A vous tous mes bien-aim\u00e9s congolaise et congolais je vous dis \u00e0 bient\u00f4t \u00e0 tr\u00e8s bient\u00f4t\u2026\u00a0\u00bb<\/em><\/p>\n\n\n\n<p>Notons que \u00e7a sera pour la toute premi\u00e8re fois que le Pontif Benjamin Premier foule le sol congolais. Pendant son s\u00e9jour kinois, il va recevoir plusieurs personnalit\u00e9s du pays.<\/p>\n\n\n\n<p>Jo\u00ebl Diawa<\/p>\n","protected":false},"excerpt":{"rendered":"<p>R\u00e9daction : +243817406088 Le troisi\u00e8me synode des \u00e9glises de l&rsquo;unit\u00e9 eucharistique va se tenir \u00e0&#8230;<\/p>\n","protected":false},"author":2,"featured_media":0,"comment_status":"closed","ping_status":"open","sticky":false,"template":"","format":"standard","meta":{"_jetpack_memberships_contains_paid_content":false,"footnotes":""},"categories":[1],"tags":[],"class_list":["post-1045","post","type-post","status-publish","format-standard","hentry","category-non-classe"],"yoast_head":"<!-- This site is optimized with the Yoast SEO plugin v27.5 - https:\/\/yoast.com\/product\/yoast-seo-wordpress\/ -->\n<title>3\u00e8me Synode des \u00e9glises de l&#039;unit\u00e9 eucharistique : Le Pontif Benjamin Premier de l&#039;\u00e9glise orthodoxe de l&#039;unit\u00e9 attendu ce jeudi 4 novembre. - Infos Droits Humains<\/title>\n<meta name=\"robots\" content=\"index, follow, max-snippet:-1, max-image-preview:large, max-video-preview:-1\" \/>\n<link rel=\"canonical\" href=\"https:\/\/infos-droitshumains.net\/?p=1045\" \/>\n<meta property=\"og:locale\" content=\"fr_FR\" \/>\n<meta property=\"og:type\" content=\"article\" \/>\n<meta property=\"og:title\" content=\"3\u00e8me Synode des \u00e9glises de l&#039;unit\u00e9 eucharistique : Le Pontif Benjamin Premier de l&#039;\u00e9glise orthodoxe de l&#039;unit\u00e9 attendu ce jeudi 4 novembre. - Infos Droits Humains\" \/>\n<meta property=\"og:description\" content=\"R\u00e9daction : +243817406088 Le troisi\u00e8me synode des \u00e9glises de l&rsquo;unit\u00e9 eucharistique va se tenir \u00e0...\" \/>\n<meta property=\"og:url\" content=\"https:\/\/infos-droitshumains.net\/?p=1045\" \/>\n<meta property=\"og:site_name\" content=\"Infos Droits Humains\" \/>\n<meta property=\"article:published_time\" content=\"2021-11-02T10:51:53+00:00\" \/>\n<meta property=\"article:modified_time\" content=\"2023-04-06T10:11:05+00:00\" \/>\n<meta name=\"author\" content=\"Jo\u00ebl Diawa\" \/>\n<meta name=\"twitter:card\" content=\"summary_large_image\" \/>\n<meta name=\"twitter:label1\" content=\"\u00c9crit par\" \/>\n\t<meta name=\"twitter:data1\" content=\"Jo\u00ebl Diawa\" \/>\n\t<meta name=\"twitter:label2\" content=\"Dur\u00e9e de lecture estim\u00e9e\" \/>\n\t<meta name=\"twitter:data2\" content=\"2 minutes\" \/>\n<script type=\"application\/ld+json\" class=\"yoast-schema-graph\">{\"@context\":\"https:\\\/\\\/schema.org\",\"@graph\":[{\"@type\":\"Article\",\"@id\":\"https:\\\/\\\/infos-droitshumains.net\\\/?p=1045#article\",\"isPartOf\":{\"@id\":\"https:\\\/\\\/infos-droitshumains.net\\\/?p=1045\"},\"author\":{\"name\":\"Jo\u00ebl Diawa\",\"@id\":\"https:\\\/\\\/infos-droitshumains.net\\\/#\\\/schema\\\/person\\\/3dc5e921c3302172e0ed4362f96faab7\"},\"headline\":\"3\u00e8me Synode des \u00e9glises de l&rsquo;unit\u00e9 eucharistique : Le Pontif Benjamin Premier de l&rsquo;\u00e9glise orthodoxe de l&rsquo;unit\u00e9 attendu ce jeudi 4 novembre.\",\"datePublished\":\"2021-11-02T10:51:53+00:00\",\"dateModified\":\"2023-04-06T10:11:05+00:00\",\"mainEntityOfPage\":{\"@id\":\"https:\\\/\\\/infos-droitshumains.net\\\/?p=1045\"},\"wordCount\":362,\"publisher\":{\"@id\":\"https:\\\/\\\/infos-droitshumains.net\\\/#organization\"},\"inLanguage\":\"fr-FR\"},{\"@type\":\"WebPage\",\"@id\":\"https:\\\/\\\/infos-droitshumains.net\\\/?p=1045\",\"url\":\"https:\\\/\\\/infos-droitshumains.net\\\/?p=1045\",\"name\":\"3\u00e8me Synode des \u00e9glises de l'unit\u00e9 eucharistique : Le Pontif Benjamin Premier de l'\u00e9glise orthodoxe de l'unit\u00e9 attendu ce jeudi 4 novembre. - Infos Droits Humains\",\"isPartOf\":{\"@id\":\"https:\\\/\\\/infos-droitshumains.net\\\/#website\"},\"datePublished\":\"2021-11-02T10:51:53+00:00\",\"dateModified\":\"2023-04-06T10:11:05+00:00\",\"breadcrumb\":{\"@id\":\"https:\\\/\\\/infos-droitshumains.net\\\/?p=1045#breadcrumb\"},\"inLanguage\":\"fr-FR\",\"potentialAction\":[{\"@type\":\"ReadAction\",\"target\":[\"https:\\\/\\\/infos-droitshumains.net\\\/?p=1045\"]}]},{\"@type\":\"BreadcrumbList\",\"@id\":\"https:\\\/\\\/infos-droitshumains.net\\\/?p=1045#breadcrumb\",\"itemListElement\":[{\"@type\":\"ListItem\",\"position\":1,\"name\":\"Accueil\",\"item\":\"https:\\\/\\\/infos-droitshumains.net\\\/\"},{\"@type\":\"ListItem\",\"position\":2,\"name\":\"3\u00e8me Synode des \u00e9glises de l&rsquo;unit\u00e9 eucharistique : Le Pontif Benjamin Premier de l&rsquo;\u00e9glise orthodoxe de l&rsquo;unit\u00e9 attendu ce jeudi 4 novembre.\"}]},{\"@type\":\"WebSite\",\"@id\":\"https:\\\/\\\/infos-droitshumains.net\\\/#website\",\"url\":\"https:\\\/\\\/infos-droitshumains.net\\\/\",\"name\":\"Infos Droits Humains\",\"description\":\"S&#039;informer est un droit\",\"publisher\":{\"@id\":\"https:\\\/\\\/infos-droitshumains.net\\\/#organization\"},\"potentialAction\":[{\"@type\":\"SearchAction\",\"target\":{\"@type\":\"EntryPoint\",\"urlTemplate\":\"https:\\\/\\\/infos-droitshumains.net\\\/?s={search_term_string}\"},\"query-input\":{\"@type\":\"PropertyValueSpecification\",\"valueRequired\":true,\"valueName\":\"search_term_string\"}}],\"inLanguage\":\"fr-FR\"},{\"@type\":\"Organization\",\"@id\":\"https:\\\/\\\/infos-droitshumains.net\\\/#organization\",\"name\":\"Infos Droits Humains\",\"url\":\"https:\\\/\\\/infos-droitshumains.net\\\/\",\"logo\":{\"@type\":\"ImageObject\",\"inLanguage\":\"fr-FR\",\"@id\":\"https:\\\/\\\/infos-droitshumains.net\\\/#\\\/schema\\\/logo\\\/image\\\/\",\"url\":\"https:\\\/\\\/i0.wp.com\\\/infos-droitshumains.net\\\/wp-content\\\/uploads\\\/2022\\\/05\\\/Logo.png?fit=333%2C129&ssl=1\",\"contentUrl\":\"https:\\\/\\\/i0.wp.com\\\/infos-droitshumains.net\\\/wp-content\\\/uploads\\\/2022\\\/05\\\/Logo.png?fit=333%2C129&ssl=1\",\"width\":333,\"height\":129,\"caption\":\"Infos Droits Humains\"},\"image\":{\"@id\":\"https:\\\/\\\/infos-droitshumains.net\\\/#\\\/schema\\\/logo\\\/image\\\/\"}},{\"@type\":\"Person\",\"@id\":\"https:\\\/\\\/infos-droitshumains.net\\\/#\\\/schema\\\/person\\\/3dc5e921c3302172e0ed4362f96faab7\",\"name\":\"Jo\u00ebl Diawa\",\"image\":{\"@type\":\"ImageObject\",\"inLanguage\":\"fr-FR\",\"@id\":\"https:\\\/\\\/secure.gravatar.com\\\/avatar\\\/729bea6ff4604c624417803c477363be8e3c7186deaa65713313f9b4b820f41c?s=96&d=mm&r=g\",\"url\":\"https:\\\/\\\/secure.gravatar.com\\\/avatar\\\/729bea6ff4604c624417803c477363be8e3c7186deaa65713313f9b4b820f41c?s=96&d=mm&r=g\",\"contentUrl\":\"https:\\\/\\\/secure.gravatar.com\\\/avatar\\\/729bea6ff4604c624417803c477363be8e3c7186deaa65713313f9b4b820f41c?s=96&d=mm&r=g\",\"caption\":\"Jo\u00ebl Diawa\"},\"sameAs\":[\"https:\\\/\\\/www.infos-droitshumains.net\"],\"url\":\"https:\\\/\\\/infos-droitshumains.net\\\/?author=2\"}]}<\/script>\n<!-- \/ Yoast SEO plugin. -->","yoast_head_json":{"title":"3\u00e8me Synode des \u00e9glises de l'unit\u00e9 eucharistique : Le Pontif Benjamin Premier de l'\u00e9glise orthodoxe de l'unit\u00e9 attendu ce jeudi 4 novembre. - Infos Droits Humains","robots":{"index":"index","follow":"follow","max-snippet":"max-snippet:-1","max-image-preview":"max-image-preview:large","max-video-preview":"max-video-preview:-1"},"canonical":"https:\/\/infos-droitshumains.net\/?p=1045","og_locale":"fr_FR","og_type":"article","og_title":"3\u00e8me Synode des \u00e9glises de l'unit\u00e9 eucharistique : Le Pontif Benjamin Premier de l'\u00e9glise orthodoxe de l'unit\u00e9 attendu ce jeudi 4 novembre. - Infos Droits Humains","og_description":"R\u00e9daction : +243817406088 Le troisi\u00e8me synode des \u00e9glises de l&rsquo;unit\u00e9 eucharistique va se tenir \u00e0...","og_url":"https:\/\/infos-droitshumains.net\/?p=1045","og_site_name":"Infos Droits Humains","article_published_time":"2021-11-02T10:51:53+00:00","article_modified_time":"2023-04-06T10:11:05+00:00","author":"Jo\u00ebl Diawa","twitter_card":"summary_large_image","twitter_misc":{"\u00c9crit par":"Jo\u00ebl Diawa","Dur\u00e9e de lecture estim\u00e9e":"2 minutes"},"schema":{"@context":"https:\/\/schema.org","@graph":[{"@type":"Article","@id":"https:\/\/infos-droitshumains.net\/?p=1045#article","isPartOf":{"@id":"https:\/\/infos-droitshumains.net\/?p=1045"},"author":{"name":"Jo\u00ebl Diawa","@id":"https:\/\/infos-droitshumains.net\/#\/schema\/person\/3dc5e921c3302172e0ed4362f96faab7"},"headline":"3\u00e8me Synode des \u00e9glises de l&rsquo;unit\u00e9 eucharistique : Le Pontif Benjamin Premier de l&rsquo;\u00e9glise orthodoxe de l&rsquo;unit\u00e9 attendu ce jeudi 4 novembre.","datePublished":"2021-11-02T10:51:53+00:00","dateModified":"2023-04-06T10:11:05+00:00","mainEntityOfPage":{"@id":"https:\/\/infos-droitshumains.net\/?p=1045"},"wordCount":362,"publisher":{"@id":"https:\/\/infos-droitshumains.net\/#organization"},"inLanguage":"fr-FR"},{"@type":"WebPage","@id":"https:\/\/infos-droitshumains.net\/?p=1045","url":"https:\/\/infos-droitshumains.net\/?p=1045","name":"3\u00e8me Synode des \u00e9glises de l'unit\u00e9 eucharistique : Le Pontif Benjamin Premier de l'\u00e9glise orthodoxe de l'unit\u00e9 attendu ce jeudi 4 novembre. - Infos Droits Humains","isPartOf":{"@id":"https:\/\/infos-droitshumains.net\/#website"},"datePublished":"2021-11-02T10:51:53+00:00","dateModified":"2023-04-06T10:11:05+00:00","breadcrumb":{"@id":"https:\/\/infos-droitshumains.net\/?p=1045#breadcrumb"},"inLanguage":"fr-FR","potentialAction":[{"@type":"ReadAction","target":["https:\/\/infos-droitshumains.net\/?p=1045"]}]},{"@type":"BreadcrumbList","@id":"https:\/\/infos-droitshumains.net\/?p=1045#breadcrumb","itemListElement":[{"@type":"ListItem","position":1,"name":"Accueil","item":"https:\/\/infos-droitshumains.net\/"},{"@type":"ListItem","position":2,"name":"3\u00e8me Synode des \u00e9glises de l&rsquo;unit\u00e9 eucharistique : Le Pontif Benjamin Premier de l&rsquo;\u00e9glise orthodoxe de l&rsquo;unit\u00e9 attendu ce jeudi 4 novembre."}]},{"@type":"WebSite","@id":"https:\/\/infos-droitshumains.net\/#website","url":"https:\/\/infos-droitshumains.net\/","name":"Infos Droits Humains","description":"S&#039;informer est un droit","publisher":{"@id":"https:\/\/infos-droitshumains.net\/#organization"},"potentialAction":[{"@type":"SearchAction","target":{"@type":"EntryPoint","urlTemplate":"https:\/\/infos-droitshumains.net\/?s={search_term_string}"},"query-input":{"@type":"PropertyValueSpecification","valueRequired":true,"valueName":"search_term_string"}}],"inLanguage":"fr-FR"},{"@type":"Organization","@id":"https:\/\/infos-droitshumains.net\/#organization","name":"Infos Droits Humains","url":"https:\/\/infos-droitshumains.net\/","logo":{"@type":"ImageObject","inLanguage":"fr-FR","@id":"https:\/\/infos-droitshumains.net\/#\/schema\/logo\/image\/","url":"https:\/\/i0.wp.com\/infos-droitshumains.net\/wp-content\/uploads\/2022\/05\/Logo.png?fit=333%2C129&ssl=1","contentUrl":"https:\/\/i0.wp.com\/infos-droitshumains.net\/wp-content\/uploads\/2022\/05\/Logo.png?fit=333%2C129&ssl=1","width":333,"height":129,"caption":"Infos Droits Humains"},"image":{"@id":"https:\/\/infos-droitshumains.net\/#\/schema\/logo\/image\/"}},{"@type":"Person","@id":"https:\/\/infos-droitshumains.net\/#\/schema\/person\/3dc5e921c3302172e0ed4362f96faab7","name":"Jo\u00ebl Diawa","image":{"@type":"ImageObject","inLanguage":"fr-FR","@id":"https:\/\/secure.gravatar.com\/avatar\/729bea6ff4604c624417803c477363be8e3c7186deaa65713313f9b4b820f41c?s=96&d=mm&r=g","url":"https:\/\/secure.gravatar.com\/avatar\/729bea6ff4604c624417803c477363be8e3c7186deaa65713313f9b4b820f41c?s=96&d=mm&r=g","contentUrl":"https:\/\/secure.gravatar.com\/avatar\/729bea6ff4604c624417803c477363be8e3c7186deaa65713313f9b4b820f41c?s=96&d=mm&r=g","caption":"Jo\u00ebl Diawa"},"sameAs":["https:\/\/www.infos-droitshumains.net"],"url":"https:\/\/infos-droitshumains.net\/?author=2"}]}},"featured_image_urls":{"full":"","thumbnail":"","medium":"","medium_large":"","large":"","1536x1536":"","2048x2048":"","covernews-slider-full":"","covernews-slider-center":"","covernews-featured":"","covernews-medium":"","covernews-medium-square":""},"author_info":{"display_name":"Jo\u00ebl Diawa","author_link":"https:\/\/infos-droitshumains.net\/?author=2"},"category_info":"<a href=\"https:\/\/infos-droitshumains.net\/?cat=1\" rel=\"category\">Non class\u00e9<\/a>","tag_info":"Non class\u00e9","comment_count":"0","jetpack_featured_media_url":"","jetpack-related-posts":[],"jetpack_sharing_enabled":true,"_links":{"self":[{"href":"https:\/\/infos-droitshumains.net\/index.php?rest_route=\/wp\/v2\/posts\/1045","targetHints":{"allow":["GET"]}}],"collection":[{"href":"https:\/\/infos-droitshumains.net\/index.php?rest_route=\/wp\/v2\/posts"}],"about":[{"href":"https:\/\/infos-droitshumains.net\/index.php?rest_route=\/wp\/v2\/types\/post"}],"author":[{"embeddable":true,"href":"https:\/\/infos-droitshumains.net\/index.php?rest_route=\/wp\/v2\/users\/2"}],"replies":[{"embeddable":true,"href":"https:\/\/infos-droitshumains.net\/index.php?rest_route=%2Fwp%2Fv2%2Fcomments&post=1045"}],"version-history":[{"count":2,"href":"https:\/\/infos-droitshumains.net\/index.php?rest_route=\/wp\/v2\/posts\/1045\/revisions"}],"predecessor-version":[{"id":1048,"href":"https:\/\/infos-droitshumains.net\/index.php?rest_route=\/wp\/v2\/posts\/1045\/revisions\/1048"}],"wp:attachment":[{"href":"https:\/\/infos-droitshumains.net\/index.php?rest_route=%2Fwp%2Fv2%2Fmedia&parent=1045"}],"wp:term":[{"taxonomy":"category","embeddable":true,"href":"https:\/\/infos-droitshumains.net\/index.php?rest_route=%2Fwp%2Fv2%2Fcategories&post=1045"},{"taxonomy":"post_tag","embeddable":true,"href":"https:\/\/infos-droitshumains.net\/index.php?rest_route=%2Fwp%2Fv2%2Ftags&post=1045"}],"curies":[{"name":"wp","href":"https:\/\/api.w.org\/{rel}","templated":true}]}}