{"id":1040,"date":"2021-11-01T23:13:41","date_gmt":"2021-11-01T22:13:41","guid":{"rendered":"https:\/\/infos-droitshumains.net\/?p=1040"},"modified":"2023-04-06T12:11:06","modified_gmt":"2023-04-06T10:11:06","slug":"fcc-voici-pourquoi-raymond-tshibanda-est-desavoue-par-les-societaires","status":"publish","type":"post","link":"https:\/\/infos-droitshumains.net\/?p=1040","title":{"rendered":"FCC: voici pourquoi Raymond Tshibanda est d\u00e9savou\u00e9 par les soci\u00e9taires."},"content":{"rendered":"\n<p><strong>R\u00e9daction : +243817406088<\/strong><\/p>\n\n\n\n<p>Rien ne semble marcher au sein de la famille politique de Joseph Kabila.<\/p>\n\n\n\n<p>Dans un communiqu\u00e9 sign\u00e9 ce lundi 1er novembre, les partis et regroupement politiques qui se consid\u00e8rent marginalis\u00e9s au sein de cette famille politique de l&rsquo;ancien Pr\u00e9sident de la R\u00e9publique, ont d\u00e9savou\u00e9 la cellule de crise coordonn\u00e9e par Raymond Tshibanda Tunga Mulongo. Pour cette frange, la cellule de crise a d&rsquo;avantage divis\u00e9 le Front Commun pour le Congo :<\/p>\n\n\n\n<p><em>\u00ab\u00a0Nous constatons avec regret que la cellule de crise institu\u00e9e par la conf\u00e9rence des pr\u00e9sidents et valid\u00e9e par l&rsquo;autorit\u00e9 moral en d\u00e9cembre 2020, vient de totaliser 11 mois sans rendre compte du travail pour lequel elle a \u00e9t\u00e9 mise en place\u2026 En lieu et place d&rsquo;unifier la famille politique, la cellule de crise s&rsquo;est plut\u00f4t illustr\u00e9e dans les pratiques qui l&rsquo;ont davantage d\u00e9chir\u00e9e, en excluant les camarades qui ont tent\u00e9 de mettre des avis contraire aux siens\u00a0\u00bb.<\/em><\/p>\n\n\n\n<p>Ces regroupements marginalis\u00e9s accusent \u00e9galement la cellule coordon\u00e9es par l&rsquo;ancien ministre des affaires \u00e9trang\u00e8res sous Joseph Kabila, d&rsquo;engager le FCC dans les n\u00e9gociations avec l&rsquo;Union Sacr\u00e9e sur la question de la d\u00e9signation des membres de la CENI outrepassant la coordination :<\/p>\n\n\n\n<p><em>\u00ab\u00a0Alors qu&rsquo;il existe une coordination encore en fonction, les membres de la cellule de crise se sont plusieurs fois permis d&rsquo;engager le FCC aupr\u00e8s de tiers, sans avoir pr\u00e9alablement requis l&rsquo;aval des autres partis et regroupements politiques membres. Les m\u00eames camarades caciques qui \u00e9taient \u00e0 la base de la d\u00e9b\u00e2cle de la famille politique, continuent \u00e0 se servir irr\u00e9guli\u00e8rement et unilat\u00e9ralement du label collectif FCC pour des fins personnelles et \u00e9go\u00efstes, abusant ainsi de la confiance de l&rsquo;autorit\u00e9 morale et des autres camarades membres. Ils n\u00e9gocient en coulisse avec l&rsquo;Union Sacr\u00e9e pour placer encore leurs poulains \u00e0 la CENI\u00a0\u00bb.<\/em><\/p>\n\n\n\n<p>Face \u00e0 cette r\u00e9alit\u00e9, les signataires de cette d\u00e9claration ont annonc\u00e9 avoir dissous la cellule de crise:<\/p>\n\n\n\n<p><em>\u00ab\u00a0\u2026Pour mettre fin \u00e0 cette anarchie et \u00e9viter la liquidation de la famille politique par un groupe de camarades, nous d\u00e9cidons de retirer notre confiance en la cellule de crise et annon\u00e7ont sa dissolution \u00e0 dater de ce jour. En attendant la structuration \u00e0 venir, la conf\u00e9rence des pr\u00e9sidents des partis politiques reste le seul organe habilit\u00e9 \u00e0 engager le FCC. Nous invitons tous les honorables d\u00e9put\u00e9s, s\u00e9nateurs, partis, regroupements, associations et personnalit\u00e9s marginalis\u00e9s mais rest\u00e9s fid\u00e8le \u00e0 la vision de l&rsquo;autorit\u00e9 morale, \u00e0 se faire identifier en vue des actions politique d&rsquo;envergure\u00a0\u00bb.<\/em><\/p>\n\n\n\n<p>Le Front Commun pour le Congo \u00e9tait jusqu&rsquo;en d\u00e9cembre dernier coordonn\u00e9 par N\u00e9h\u00e9mie Mwilanya avant la d\u00e9b\u00e2cle \u00e0 l&rsquo;Assembl\u00e9e Nationale ayant conduit \u00e0 la perte de la majorit\u00e9 et la d\u00e9ch\u00e9ance du bureau Mabunda. Depuis, une cellule de crise a \u00e9t\u00e9 mise en place en avec pour l&rsquo;objectif, de redresser le regroupement politique. Malheureusement cette \u00e9quipe chapeaut\u00e9e par Raymond Tshibanda n&rsquo;a jamais fait l&rsquo;unanimit\u00e9 au sein du FCC.<\/p>\n\n\n\n<p>Jo\u00ebl Diawa<\/p>\n","protected":false},"excerpt":{"rendered":"<p>R\u00e9daction : +243817406088 Rien ne semble marcher au sein de la famille politique de Joseph&#8230;<\/p>\n","protected":false},"author":2,"featured_media":0,"comment_status":"closed","ping_status":"open","sticky":false,"template":"","format":"standard","meta":{"_jetpack_memberships_contains_paid_content":false,"footnotes":""},"categories":[1],"tags":[],"class_list":["post-1040","post","type-post","status-publish","format-standard","hentry","category-non-classe"],"yoast_head":"<!-- This site is optimized with the Yoast SEO plugin v27.5 - https:\/\/yoast.com\/product\/yoast-seo-wordpress\/ -->\n<title>FCC: voici pourquoi Raymond Tshibanda est d\u00e9savou\u00e9 par les soci\u00e9taires. - Infos Droits Humains<\/title>\n<meta name=\"robots\" content=\"index, follow, max-snippet:-1, max-image-preview:large, max-video-preview:-1\" \/>\n<link rel=\"canonical\" href=\"https:\/\/infos-droitshumains.net\/?p=1040\" \/>\n<meta property=\"og:locale\" content=\"fr_FR\" \/>\n<meta property=\"og:type\" content=\"article\" \/>\n<meta property=\"og:title\" content=\"FCC: voici pourquoi Raymond Tshibanda est d\u00e9savou\u00e9 par les soci\u00e9taires. - Infos Droits Humains\" \/>\n<meta property=\"og:description\" content=\"R\u00e9daction : +243817406088 Rien ne semble marcher au sein de la famille politique de Joseph...\" \/>\n<meta property=\"og:url\" content=\"https:\/\/infos-droitshumains.net\/?p=1040\" \/>\n<meta property=\"og:site_name\" content=\"Infos Droits Humains\" \/>\n<meta property=\"article:published_time\" content=\"2021-11-01T22:13:41+00:00\" \/>\n<meta property=\"article:modified_time\" content=\"2023-04-06T10:11:06+00:00\" \/>\n<meta name=\"author\" content=\"Jo\u00ebl Diawa\" \/>\n<meta name=\"twitter:card\" content=\"summary_large_image\" \/>\n<meta name=\"twitter:label1\" content=\"\u00c9crit par\" \/>\n\t<meta name=\"twitter:data1\" content=\"Jo\u00ebl Diawa\" \/>\n\t<meta name=\"twitter:label2\" content=\"Dur\u00e9e de lecture estim\u00e9e\" \/>\n\t<meta name=\"twitter:data2\" content=\"3 minutes\" \/>\n<script type=\"application\/ld+json\" class=\"yoast-schema-graph\">{\"@context\":\"https:\\\/\\\/schema.org\",\"@graph\":[{\"@type\":\"Article\",\"@id\":\"https:\\\/\\\/infos-droitshumains.net\\\/?p=1040#article\",\"isPartOf\":{\"@id\":\"https:\\\/\\\/infos-droitshumains.net\\\/?p=1040\"},\"author\":{\"name\":\"Jo\u00ebl Diawa\",\"@id\":\"https:\\\/\\\/infos-droitshumains.net\\\/#\\\/schema\\\/person\\\/3dc5e921c3302172e0ed4362f96faab7\"},\"headline\":\"FCC: voici pourquoi Raymond Tshibanda est d\u00e9savou\u00e9 par les soci\u00e9taires.\",\"datePublished\":\"2021-11-01T22:13:41+00:00\",\"dateModified\":\"2023-04-06T10:11:06+00:00\",\"mainEntityOfPage\":{\"@id\":\"https:\\\/\\\/infos-droitshumains.net\\\/?p=1040\"},\"wordCount\":521,\"publisher\":{\"@id\":\"https:\\\/\\\/infos-droitshumains.net\\\/#organization\"},\"inLanguage\":\"fr-FR\"},{\"@type\":\"WebPage\",\"@id\":\"https:\\\/\\\/infos-droitshumains.net\\\/?p=1040\",\"url\":\"https:\\\/\\\/infos-droitshumains.net\\\/?p=1040\",\"name\":\"FCC: voici pourquoi Raymond Tshibanda est d\u00e9savou\u00e9 par les soci\u00e9taires. - Infos Droits Humains\",\"isPartOf\":{\"@id\":\"https:\\\/\\\/infos-droitshumains.net\\\/#website\"},\"datePublished\":\"2021-11-01T22:13:41+00:00\",\"dateModified\":\"2023-04-06T10:11:06+00:00\",\"breadcrumb\":{\"@id\":\"https:\\\/\\\/infos-droitshumains.net\\\/?p=1040#breadcrumb\"},\"inLanguage\":\"fr-FR\",\"potentialAction\":[{\"@type\":\"ReadAction\",\"target\":[\"https:\\\/\\\/infos-droitshumains.net\\\/?p=1040\"]}]},{\"@type\":\"BreadcrumbList\",\"@id\":\"https:\\\/\\\/infos-droitshumains.net\\\/?p=1040#breadcrumb\",\"itemListElement\":[{\"@type\":\"ListItem\",\"position\":1,\"name\":\"Accueil\",\"item\":\"https:\\\/\\\/infos-droitshumains.net\\\/\"},{\"@type\":\"ListItem\",\"position\":2,\"name\":\"FCC: voici pourquoi Raymond Tshibanda est d\u00e9savou\u00e9 par les soci\u00e9taires.\"}]},{\"@type\":\"WebSite\",\"@id\":\"https:\\\/\\\/infos-droitshumains.net\\\/#website\",\"url\":\"https:\\\/\\\/infos-droitshumains.net\\\/\",\"name\":\"Infos Droits Humains\",\"description\":\"S&#039;informer est un droit\",\"publisher\":{\"@id\":\"https:\\\/\\\/infos-droitshumains.net\\\/#organization\"},\"potentialAction\":[{\"@type\":\"SearchAction\",\"target\":{\"@type\":\"EntryPoint\",\"urlTemplate\":\"https:\\\/\\\/infos-droitshumains.net\\\/?s={search_term_string}\"},\"query-input\":{\"@type\":\"PropertyValueSpecification\",\"valueRequired\":true,\"valueName\":\"search_term_string\"}}],\"inLanguage\":\"fr-FR\"},{\"@type\":\"Organization\",\"@id\":\"https:\\\/\\\/infos-droitshumains.net\\\/#organization\",\"name\":\"Infos Droits Humains\",\"url\":\"https:\\\/\\\/infos-droitshumains.net\\\/\",\"logo\":{\"@type\":\"ImageObject\",\"inLanguage\":\"fr-FR\",\"@id\":\"https:\\\/\\\/infos-droitshumains.net\\\/#\\\/schema\\\/logo\\\/image\\\/\",\"url\":\"https:\\\/\\\/i0.wp.com\\\/infos-droitshumains.net\\\/wp-content\\\/uploads\\\/2022\\\/05\\\/Logo.png?fit=333%2C129&ssl=1\",\"contentUrl\":\"https:\\\/\\\/i0.wp.com\\\/infos-droitshumains.net\\\/wp-content\\\/uploads\\\/2022\\\/05\\\/Logo.png?fit=333%2C129&ssl=1\",\"width\":333,\"height\":129,\"caption\":\"Infos Droits Humains\"},\"image\":{\"@id\":\"https:\\\/\\\/infos-droitshumains.net\\\/#\\\/schema\\\/logo\\\/image\\\/\"}},{\"@type\":\"Person\",\"@id\":\"https:\\\/\\\/infos-droitshumains.net\\\/#\\\/schema\\\/person\\\/3dc5e921c3302172e0ed4362f96faab7\",\"name\":\"Jo\u00ebl Diawa\",\"image\":{\"@type\":\"ImageObject\",\"inLanguage\":\"fr-FR\",\"@id\":\"https:\\\/\\\/secure.gravatar.com\\\/avatar\\\/729bea6ff4604c624417803c477363be8e3c7186deaa65713313f9b4b820f41c?s=96&d=mm&r=g\",\"url\":\"https:\\\/\\\/secure.gravatar.com\\\/avatar\\\/729bea6ff4604c624417803c477363be8e3c7186deaa65713313f9b4b820f41c?s=96&d=mm&r=g\",\"contentUrl\":\"https:\\\/\\\/secure.gravatar.com\\\/avatar\\\/729bea6ff4604c624417803c477363be8e3c7186deaa65713313f9b4b820f41c?s=96&d=mm&r=g\",\"caption\":\"Jo\u00ebl Diawa\"},\"sameAs\":[\"https:\\\/\\\/www.infos-droitshumains.net\"],\"url\":\"https:\\\/\\\/infos-droitshumains.net\\\/?author=2\"}]}<\/script>\n<!-- \/ Yoast SEO plugin. -->","yoast_head_json":{"title":"FCC: voici pourquoi Raymond Tshibanda est d\u00e9savou\u00e9 par les soci\u00e9taires. - Infos Droits Humains","robots":{"index":"index","follow":"follow","max-snippet":"max-snippet:-1","max-image-preview":"max-image-preview:large","max-video-preview":"max-video-preview:-1"},"canonical":"https:\/\/infos-droitshumains.net\/?p=1040","og_locale":"fr_FR","og_type":"article","og_title":"FCC: voici pourquoi Raymond Tshibanda est d\u00e9savou\u00e9 par les soci\u00e9taires. - Infos Droits Humains","og_description":"R\u00e9daction : +243817406088 Rien ne semble marcher au sein de la famille politique de Joseph...","og_url":"https:\/\/infos-droitshumains.net\/?p=1040","og_site_name":"Infos Droits Humains","article_published_time":"2021-11-01T22:13:41+00:00","article_modified_time":"2023-04-06T10:11:06+00:00","author":"Jo\u00ebl Diawa","twitter_card":"summary_large_image","twitter_misc":{"\u00c9crit par":"Jo\u00ebl Diawa","Dur\u00e9e de lecture estim\u00e9e":"3 minutes"},"schema":{"@context":"https:\/\/schema.org","@graph":[{"@type":"Article","@id":"https:\/\/infos-droitshumains.net\/?p=1040#article","isPartOf":{"@id":"https:\/\/infos-droitshumains.net\/?p=1040"},"author":{"name":"Jo\u00ebl Diawa","@id":"https:\/\/infos-droitshumains.net\/#\/schema\/person\/3dc5e921c3302172e0ed4362f96faab7"},"headline":"FCC: voici pourquoi Raymond Tshibanda est d\u00e9savou\u00e9 par les soci\u00e9taires.","datePublished":"2021-11-01T22:13:41+00:00","dateModified":"2023-04-06T10:11:06+00:00","mainEntityOfPage":{"@id":"https:\/\/infos-droitshumains.net\/?p=1040"},"wordCount":521,"publisher":{"@id":"https:\/\/infos-droitshumains.net\/#organization"},"inLanguage":"fr-FR"},{"@type":"WebPage","@id":"https:\/\/infos-droitshumains.net\/?p=1040","url":"https:\/\/infos-droitshumains.net\/?p=1040","name":"FCC: voici pourquoi Raymond Tshibanda est d\u00e9savou\u00e9 par les soci\u00e9taires. - Infos Droits Humains","isPartOf":{"@id":"https:\/\/infos-droitshumains.net\/#website"},"datePublished":"2021-11-01T22:13:41+00:00","dateModified":"2023-04-06T10:11:06+00:00","breadcrumb":{"@id":"https:\/\/infos-droitshumains.net\/?p=1040#breadcrumb"},"inLanguage":"fr-FR","potentialAction":[{"@type":"ReadAction","target":["https:\/\/infos-droitshumains.net\/?p=1040"]}]},{"@type":"BreadcrumbList","@id":"https:\/\/infos-droitshumains.net\/?p=1040#breadcrumb","itemListElement":[{"@type":"ListItem","position":1,"name":"Accueil","item":"https:\/\/infos-droitshumains.net\/"},{"@type":"ListItem","position":2,"name":"FCC: voici pourquoi Raymond Tshibanda est d\u00e9savou\u00e9 par les soci\u00e9taires."}]},{"@type":"WebSite","@id":"https:\/\/infos-droitshumains.net\/#website","url":"https:\/\/infos-droitshumains.net\/","name":"Infos Droits Humains","description":"S&#039;informer est un droit","publisher":{"@id":"https:\/\/infos-droitshumains.net\/#organization"},"potentialAction":[{"@type":"SearchAction","target":{"@type":"EntryPoint","urlTemplate":"https:\/\/infos-droitshumains.net\/?s={search_term_string}"},"query-input":{"@type":"PropertyValueSpecification","valueRequired":true,"valueName":"search_term_string"}}],"inLanguage":"fr-FR"},{"@type":"Organization","@id":"https:\/\/infos-droitshumains.net\/#organization","name":"Infos Droits Humains","url":"https:\/\/infos-droitshumains.net\/","logo":{"@type":"ImageObject","inLanguage":"fr-FR","@id":"https:\/\/infos-droitshumains.net\/#\/schema\/logo\/image\/","url":"https:\/\/i0.wp.com\/infos-droitshumains.net\/wp-content\/uploads\/2022\/05\/Logo.png?fit=333%2C129&ssl=1","contentUrl":"https:\/\/i0.wp.com\/infos-droitshumains.net\/wp-content\/uploads\/2022\/05\/Logo.png?fit=333%2C129&ssl=1","width":333,"height":129,"caption":"Infos Droits Humains"},"image":{"@id":"https:\/\/infos-droitshumains.net\/#\/schema\/logo\/image\/"}},{"@type":"Person","@id":"https:\/\/infos-droitshumains.net\/#\/schema\/person\/3dc5e921c3302172e0ed4362f96faab7","name":"Jo\u00ebl Diawa","image":{"@type":"ImageObject","inLanguage":"fr-FR","@id":"https:\/\/secure.gravatar.com\/avatar\/729bea6ff4604c624417803c477363be8e3c7186deaa65713313f9b4b820f41c?s=96&d=mm&r=g","url":"https:\/\/secure.gravatar.com\/avatar\/729bea6ff4604c624417803c477363be8e3c7186deaa65713313f9b4b820f41c?s=96&d=mm&r=g","contentUrl":"https:\/\/secure.gravatar.com\/avatar\/729bea6ff4604c624417803c477363be8e3c7186deaa65713313f9b4b820f41c?s=96&d=mm&r=g","caption":"Jo\u00ebl Diawa"},"sameAs":["https:\/\/www.infos-droitshumains.net"],"url":"https:\/\/infos-droitshumains.net\/?author=2"}]}},"featured_image_urls":{"full":"","thumbnail":"","medium":"","medium_large":"","large":"","1536x1536":"","2048x2048":"","covernews-slider-full":"","covernews-slider-center":"","covernews-featured":"","covernews-medium":"","covernews-medium-square":""},"author_info":{"display_name":"Jo\u00ebl Diawa","author_link":"https:\/\/infos-droitshumains.net\/?author=2"},"category_info":"<a href=\"https:\/\/infos-droitshumains.net\/?cat=1\" rel=\"category\">Non class\u00e9<\/a>","tag_info":"Non class\u00e9","comment_count":"0","jetpack_featured_media_url":"","jetpack-related-posts":[],"jetpack_sharing_enabled":true,"_links":{"self":[{"href":"https:\/\/infos-droitshumains.net\/index.php?rest_route=\/wp\/v2\/posts\/1040","targetHints":{"allow":["GET"]}}],"collection":[{"href":"https:\/\/infos-droitshumains.net\/index.php?rest_route=\/wp\/v2\/posts"}],"about":[{"href":"https:\/\/infos-droitshumains.net\/index.php?rest_route=\/wp\/v2\/types\/post"}],"author":[{"embeddable":true,"href":"https:\/\/infos-droitshumains.net\/index.php?rest_route=\/wp\/v2\/users\/2"}],"replies":[{"embeddable":true,"href":"https:\/\/infos-droitshumains.net\/index.php?rest_route=%2Fwp%2Fv2%2Fcomments&post=1040"}],"version-history":[{"count":2,"href":"https:\/\/infos-droitshumains.net\/index.php?rest_route=\/wp\/v2\/posts\/1040\/revisions"}],"predecessor-version":[{"id":1044,"href":"https:\/\/infos-droitshumains.net\/index.php?rest_route=\/wp\/v2\/posts\/1040\/revisions\/1044"}],"wp:attachment":[{"href":"https:\/\/infos-droitshumains.net\/index.php?rest_route=%2Fwp%2Fv2%2Fmedia&parent=1040"}],"wp:term":[{"taxonomy":"category","embeddable":true,"href":"https:\/\/infos-droitshumains.net\/index.php?rest_route=%2Fwp%2Fv2%2Fcategories&post=1040"},{"taxonomy":"post_tag","embeddable":true,"href":"https:\/\/infos-droitshumains.net\/index.php?rest_route=%2Fwp%2Fv2%2Ftags&post=1040"}],"curies":[{"name":"wp","href":"https:\/\/api.w.org\/{rel}","templated":true}]}}