{"id":10399,"date":"2024-07-10T09:35:35","date_gmt":"2024-07-10T07:35:35","guid":{"rendered":"https:\/\/infos-droitshumains.net\/?p=10399"},"modified":"2024-07-10T09:38:37","modified_gmt":"2024-07-10T07:38:37","slug":"celebration-de-la-journee-du-barreau-dans-le-ressort-de-kinshasa-le-barreau-de-matete-remet-les-pendules-a-lheure-et-rabat-les-allegations-de-son-voisin-de-la-gombe","status":"publish","type":"post","link":"https:\/\/infos-droitshumains.net\/?p=10399","title":{"rendered":"C\u00e9l\u00e9bration de la journ\u00e9e du barreau dans le ressort de Kinshasa\u00a0: le Barreau de Matete remet les pendules \u00e0 l\u2019heure et rabat les all\u00e9gations de son voisin de la Gombe"},"content":{"rendered":"\n<p><strong>R\u00e9daction: +243 817 406 088<\/strong><\/p>\n\n\n\n<h3 class=\"wp-block-heading has-vivid-red-color has-text-color has-link-color wp-elements-c7f6624bc22d2171e28c2cf3095fe006\">Apr\u00e8s la d\u00e9claration du barreau de Kinshasa\/Gombe relative \u00e0 la prise en charge par lui de toute l\u2019organisation mat\u00e9rielle et financi\u00e8re de la journ\u00e9e du barreau dans le ressort de Kinshasa suite au fait que le barreau de Kinshasa\/Matete ne se soit pas acquitt\u00e9 de ses obligations financi\u00e8res, ce dernier pas tarder \u00e0 r\u00e9agir. Le Barreau de Matete n\u2019a daign\u00e9 m\u00e9nager son voisin de la Gombe justifiant sa r\u00e9ticence par la surfacturation d\u2019un certain nombre des rubriques.<\/h3>\n\n\n\n<p>Cons\u00e9cutivement \u00e0 l\u2019organisation de la dite journ\u00e9e, lit-on dans la r\u00e9ponse du B\u00e2tonnier Emile Mutshembe, un projet de budget de l\u2019ordre de 51.401 USD <em>\u00ab&nbsp;unilat\u00e9ralement con\u00e7u et d\u00e9cid\u00e9 par le Conseil de l\u2019&nbsp;\u00bbOrdre du Barreau de Kinshasa\/Gombe avait \u00e9t\u00e9 transmis \u00e0 mon bureau pour appr\u00e9ciation&nbsp;\u00bb.<\/em><\/p>\n\n\n\n<p>Apr\u00e8s la v\u00e9rification de la facture proforma lui envoy\u00e9 par son voisin de la Gombe, le Barreau de Matete dit avoir constat\u00e9 que la rubrique relative \u00e0 la location du chapiteau (lieu retenu pour la tenue de cette journ\u00e9e) <em>\u00ab&nbsp;\u00e9tait tr\u00e8s loin de refl\u00e9ter la v\u00e9rit\u00e9&nbsp;\u00bb <\/em>car insiste la correspondance du B\u00e2tonnier Mutshembe, apr\u00e8s v\u00e9rification, le prix de location de ce cadre s\u2019\u00e9l\u00e8ve \u00e0 <em>\u00ab&nbsp;4.000 USD&nbsp;\u00bb<\/em> et non <em>\u00ab&nbsp;28.000 USD&nbsp;\u00bb<\/em> comme l\u2019a indiqu\u00e9 la facture proforma.<\/p>\n\n\n\n<p>Face \u00e0 cette situation confuse, le B\u00e2tonnier de Kinshasa\/Matete dit avoir lev\u00e9 l\u2019opinion ensemble \u00e0 avec son confr\u00e8re de la Gombe d\u2019harmoniser les vues sur les diff\u00e9rentes d\u00e9penses \u00e0 effectuer. Ce qui a permis de ramener le budget \u00e0 42.261 USD, <em>\u00ab&nbsp;la rubrique relative \u00e0 la surfacturation de la location du chapiteau demeurant la m\u00eame par le fait du Barreau de Kinshasa\/Gombe&nbsp;\u00bb<\/em>, pr\u00e9cise-t-il.<\/p>\n\n\n\n<p>La goutte d\u2019eau qui a fait d\u00e9border la vase se trouve \u00eatre l\u2019\u00e9v\u00e8nement de ce mardi 09 Juillet. <em>\u00ab&nbsp;Prenant en compte le fait que le co\u00fbt r\u00e9el de la location du chapiteau s\u2019\u00e9l\u00e8ve \u00e0 4.000 USD et non 28.000 USD, j\u2019ai envoy\u00e9 le comptable de mon Barreau &nbsp;pour le paiement de notre quote-part soit 13.900 USD sur les 27.800 USD, co\u00fbt total du budget, malheureusement, ce dernier n\u2019a pas \u00e9t\u00e9 re\u00e7u&nbsp;\u00bb<\/em>, a par ailleurs r\u00e9v\u00e9l\u00e9 le B\u00e2tonnier du Barreau de Kinshasa\/Matete.<\/p>\n\n\n\n<p>Face \u00e0 cette crise qui se profile \u00e0 l\u2019horizon, le Conseil de l\u2019Ordre du Barreau de Kinshasa\/Matete dit devoir tirer toutes les cons\u00e9quences et promet de tenir l\u2019opinion au courant des d\u00e9cisions \u00e0 intervenir.<\/p>\n\n\n\n<p>Jo\u00ebl Diawa<\/p>\n","protected":false},"excerpt":{"rendered":"<p>R\u00e9daction: +243 817 406 088 Apr\u00e8s la d\u00e9claration du barreau de Kinshasa\/Gombe relative \u00e0 la&#8230;<\/p>\n","protected":false},"author":2,"featured_media":10401,"comment_status":"open","ping_status":"open","sticky":false,"template":"","format":"standard","meta":{"_jetpack_memberships_contains_paid_content":false,"footnotes":""},"categories":[6],"tags":[],"class_list":["post-10399","post","type-post","status-publish","format-standard","has-post-thumbnail","hentry","category-justice"],"yoast_head":"<!-- This site is optimized with the Yoast SEO plugin v27.5 - https:\/\/yoast.com\/product\/yoast-seo-wordpress\/ -->\n<title>C\u00e9l\u00e9bration de la journ\u00e9e du barreau dans le ressort de Kinshasa\u00a0: le Barreau de Matete remet les pendules \u00e0 l\u2019heure et rabat les all\u00e9gations de son voisin de la Gombe - Infos Droits Humains<\/title>\n<meta name=\"robots\" content=\"index, follow, max-snippet:-1, max-image-preview:large, max-video-preview:-1\" \/>\n<link rel=\"canonical\" href=\"https:\/\/infos-droitshumains.net\/?p=10399\" \/>\n<meta property=\"og:locale\" content=\"fr_FR\" \/>\n<meta property=\"og:type\" content=\"article\" \/>\n<meta property=\"og:title\" content=\"C\u00e9l\u00e9bration de la journ\u00e9e du barreau dans le ressort de Kinshasa\u00a0: le Barreau de Matete remet les pendules \u00e0 l\u2019heure et rabat les all\u00e9gations de son voisin de la Gombe - Infos Droits Humains\" \/>\n<meta property=\"og:description\" content=\"R\u00e9daction: +243 817 406 088 Apr\u00e8s la d\u00e9claration du barreau de Kinshasa\/Gombe relative \u00e0 la...\" \/>\n<meta property=\"og:url\" content=\"https:\/\/infos-droitshumains.net\/?p=10399\" \/>\n<meta property=\"og:site_name\" content=\"Infos Droits Humains\" \/>\n<meta property=\"article:published_time\" content=\"2024-07-10T07:35:35+00:00\" \/>\n<meta property=\"article:modified_time\" content=\"2024-07-10T07:38:37+00:00\" \/>\n<meta property=\"og:image\" content=\"https:\/\/infos-droitshumains.net\/wp-content\/uploads\/2024\/07\/MATETE.webp\" \/>\n\t<meta property=\"og:image:width\" content=\"639\" \/>\n\t<meta property=\"og:image:height\" content=\"403\" \/>\n\t<meta property=\"og:image:type\" content=\"image\/webp\" \/>\n<meta name=\"author\" content=\"Jo\u00ebl Diawa\" \/>\n<meta name=\"twitter:card\" content=\"summary_large_image\" \/>\n<meta name=\"twitter:label1\" content=\"\u00c9crit par\" \/>\n\t<meta name=\"twitter:data1\" content=\"Jo\u00ebl Diawa\" \/>\n\t<meta name=\"twitter:label2\" content=\"Dur\u00e9e de lecture estim\u00e9e\" \/>\n\t<meta name=\"twitter:data2\" content=\"3 minutes\" \/>\n<script type=\"application\/ld+json\" class=\"yoast-schema-graph\">{\"@context\":\"https:\\\/\\\/schema.org\",\"@graph\":[{\"@type\":\"Article\",\"@id\":\"https:\\\/\\\/infos-droitshumains.net\\\/?p=10399#article\",\"isPartOf\":{\"@id\":\"https:\\\/\\\/infos-droitshumains.net\\\/?p=10399\"},\"author\":{\"name\":\"Jo\u00ebl Diawa\",\"@id\":\"https:\\\/\\\/infos-droitshumains.net\\\/#\\\/schema\\\/person\\\/3dc5e921c3302172e0ed4362f96faab7\"},\"headline\":\"C\u00e9l\u00e9bration de la journ\u00e9e du barreau dans le ressort de Kinshasa\u00a0: le Barreau de Matete remet les pendules \u00e0 l\u2019heure et rabat les all\u00e9gations de son voisin de la Gombe\",\"datePublished\":\"2024-07-10T07:35:35+00:00\",\"dateModified\":\"2024-07-10T07:38:37+00:00\",\"mainEntityOfPage\":{\"@id\":\"https:\\\/\\\/infos-droitshumains.net\\\/?p=10399\"},\"wordCount\":475,\"commentCount\":0,\"publisher\":{\"@id\":\"https:\\\/\\\/infos-droitshumains.net\\\/#organization\"},\"image\":{\"@id\":\"https:\\\/\\\/infos-droitshumains.net\\\/?p=10399#primaryimage\"},\"thumbnailUrl\":\"https:\\\/\\\/i0.wp.com\\\/infos-droitshumains.net\\\/wp-content\\\/uploads\\\/2024\\\/07\\\/MATETE.webp?fit=639%2C403&ssl=1\",\"articleSection\":[\"Justice\"],\"inLanguage\":\"fr-FR\",\"potentialAction\":[{\"@type\":\"CommentAction\",\"name\":\"Comment\",\"target\":[\"https:\\\/\\\/infos-droitshumains.net\\\/?p=10399#respond\"]}]},{\"@type\":\"WebPage\",\"@id\":\"https:\\\/\\\/infos-droitshumains.net\\\/?p=10399\",\"url\":\"https:\\\/\\\/infos-droitshumains.net\\\/?p=10399\",\"name\":\"C\u00e9l\u00e9bration de la journ\u00e9e du barreau dans le ressort de Kinshasa\u00a0: le Barreau de Matete remet les pendules \u00e0 l\u2019heure et rabat les all\u00e9gations de son voisin de la Gombe - Infos Droits Humains\",\"isPartOf\":{\"@id\":\"https:\\\/\\\/infos-droitshumains.net\\\/#website\"},\"primaryImageOfPage\":{\"@id\":\"https:\\\/\\\/infos-droitshumains.net\\\/?p=10399#primaryimage\"},\"image\":{\"@id\":\"https:\\\/\\\/infos-droitshumains.net\\\/?p=10399#primaryimage\"},\"thumbnailUrl\":\"https:\\\/\\\/i0.wp.com\\\/infos-droitshumains.net\\\/wp-content\\\/uploads\\\/2024\\\/07\\\/MATETE.webp?fit=639%2C403&ssl=1\",\"datePublished\":\"2024-07-10T07:35:35+00:00\",\"dateModified\":\"2024-07-10T07:38:37+00:00\",\"breadcrumb\":{\"@id\":\"https:\\\/\\\/infos-droitshumains.net\\\/?p=10399#breadcrumb\"},\"inLanguage\":\"fr-FR\",\"potentialAction\":[{\"@type\":\"ReadAction\",\"target\":[\"https:\\\/\\\/infos-droitshumains.net\\\/?p=10399\"]}]},{\"@type\":\"ImageObject\",\"inLanguage\":\"fr-FR\",\"@id\":\"https:\\\/\\\/infos-droitshumains.net\\\/?p=10399#primaryimage\",\"url\":\"https:\\\/\\\/i0.wp.com\\\/infos-droitshumains.net\\\/wp-content\\\/uploads\\\/2024\\\/07\\\/MATETE.webp?fit=639%2C403&ssl=1\",\"contentUrl\":\"https:\\\/\\\/i0.wp.com\\\/infos-droitshumains.net\\\/wp-content\\\/uploads\\\/2024\\\/07\\\/MATETE.webp?fit=639%2C403&ssl=1\",\"width\":639,\"height\":403},{\"@type\":\"BreadcrumbList\",\"@id\":\"https:\\\/\\\/infos-droitshumains.net\\\/?p=10399#breadcrumb\",\"itemListElement\":[{\"@type\":\"ListItem\",\"position\":1,\"name\":\"Accueil\",\"item\":\"https:\\\/\\\/infos-droitshumains.net\\\/\"},{\"@type\":\"ListItem\",\"position\":2,\"name\":\"C\u00e9l\u00e9bration de la journ\u00e9e du barreau dans le ressort de Kinshasa\u00a0: le Barreau de Matete remet les pendules \u00e0 l\u2019heure et rabat les all\u00e9gations de son voisin de la Gombe\"}]},{\"@type\":\"WebSite\",\"@id\":\"https:\\\/\\\/infos-droitshumains.net\\\/#website\",\"url\":\"https:\\\/\\\/infos-droitshumains.net\\\/\",\"name\":\"Infos Droits Humains\",\"description\":\"S&#039;informer est un droit\",\"publisher\":{\"@id\":\"https:\\\/\\\/infos-droitshumains.net\\\/#organization\"},\"potentialAction\":[{\"@type\":\"SearchAction\",\"target\":{\"@type\":\"EntryPoint\",\"urlTemplate\":\"https:\\\/\\\/infos-droitshumains.net\\\/?s={search_term_string}\"},\"query-input\":{\"@type\":\"PropertyValueSpecification\",\"valueRequired\":true,\"valueName\":\"search_term_string\"}}],\"inLanguage\":\"fr-FR\"},{\"@type\":\"Organization\",\"@id\":\"https:\\\/\\\/infos-droitshumains.net\\\/#organization\",\"name\":\"Infos Droits Humains\",\"url\":\"https:\\\/\\\/infos-droitshumains.net\\\/\",\"logo\":{\"@type\":\"ImageObject\",\"inLanguage\":\"fr-FR\",\"@id\":\"https:\\\/\\\/infos-droitshumains.net\\\/#\\\/schema\\\/logo\\\/image\\\/\",\"url\":\"https:\\\/\\\/i0.wp.com\\\/infos-droitshumains.net\\\/wp-content\\\/uploads\\\/2022\\\/05\\\/Logo.png?fit=333%2C129&ssl=1\",\"contentUrl\":\"https:\\\/\\\/i0.wp.com\\\/infos-droitshumains.net\\\/wp-content\\\/uploads\\\/2022\\\/05\\\/Logo.png?fit=333%2C129&ssl=1\",\"width\":333,\"height\":129,\"caption\":\"Infos Droits Humains\"},\"image\":{\"@id\":\"https:\\\/\\\/infos-droitshumains.net\\\/#\\\/schema\\\/logo\\\/image\\\/\"}},{\"@type\":\"Person\",\"@id\":\"https:\\\/\\\/infos-droitshumains.net\\\/#\\\/schema\\\/person\\\/3dc5e921c3302172e0ed4362f96faab7\",\"name\":\"Jo\u00ebl Diawa\",\"image\":{\"@type\":\"ImageObject\",\"inLanguage\":\"fr-FR\",\"@id\":\"https:\\\/\\\/secure.gravatar.com\\\/avatar\\\/729bea6ff4604c624417803c477363be8e3c7186deaa65713313f9b4b820f41c?s=96&d=mm&r=g\",\"url\":\"https:\\\/\\\/secure.gravatar.com\\\/avatar\\\/729bea6ff4604c624417803c477363be8e3c7186deaa65713313f9b4b820f41c?s=96&d=mm&r=g\",\"contentUrl\":\"https:\\\/\\\/secure.gravatar.com\\\/avatar\\\/729bea6ff4604c624417803c477363be8e3c7186deaa65713313f9b4b820f41c?s=96&d=mm&r=g\",\"caption\":\"Jo\u00ebl Diawa\"},\"sameAs\":[\"https:\\\/\\\/www.infos-droitshumains.net\"],\"url\":\"https:\\\/\\\/infos-droitshumains.net\\\/?author=2\"}]}<\/script>\n<!-- \/ Yoast SEO plugin. -->","yoast_head_json":{"title":"C\u00e9l\u00e9bration de la journ\u00e9e du barreau dans le ressort de Kinshasa\u00a0: le Barreau de Matete remet les pendules \u00e0 l\u2019heure et rabat les all\u00e9gations de son voisin de la Gombe - Infos Droits Humains","robots":{"index":"index","follow":"follow","max-snippet":"max-snippet:-1","max-image-preview":"max-image-preview:large","max-video-preview":"max-video-preview:-1"},"canonical":"https:\/\/infos-droitshumains.net\/?p=10399","og_locale":"fr_FR","og_type":"article","og_title":"C\u00e9l\u00e9bration de la journ\u00e9e du barreau dans le ressort de Kinshasa\u00a0: le Barreau de Matete remet les pendules \u00e0 l\u2019heure et rabat les all\u00e9gations de son voisin de la Gombe - Infos Droits Humains","og_description":"R\u00e9daction: +243 817 406 088 Apr\u00e8s la d\u00e9claration du barreau de Kinshasa\/Gombe relative \u00e0 la...","og_url":"https:\/\/infos-droitshumains.net\/?p=10399","og_site_name":"Infos Droits Humains","article_published_time":"2024-07-10T07:35:35+00:00","article_modified_time":"2024-07-10T07:38:37+00:00","og_image":[{"width":639,"height":403,"url":"https:\/\/infos-droitshumains.net\/wp-content\/uploads\/2024\/07\/MATETE.webp","type":"image\/webp"}],"author":"Jo\u00ebl Diawa","twitter_card":"summary_large_image","twitter_misc":{"\u00c9crit par":"Jo\u00ebl Diawa","Dur\u00e9e de lecture estim\u00e9e":"3 minutes"},"schema":{"@context":"https:\/\/schema.org","@graph":[{"@type":"Article","@id":"https:\/\/infos-droitshumains.net\/?p=10399#article","isPartOf":{"@id":"https:\/\/infos-droitshumains.net\/?p=10399"},"author":{"name":"Jo\u00ebl Diawa","@id":"https:\/\/infos-droitshumains.net\/#\/schema\/person\/3dc5e921c3302172e0ed4362f96faab7"},"headline":"C\u00e9l\u00e9bration de la journ\u00e9e du barreau dans le ressort de Kinshasa\u00a0: le Barreau de Matete remet les pendules \u00e0 l\u2019heure et rabat les all\u00e9gations de son voisin de la Gombe","datePublished":"2024-07-10T07:35:35+00:00","dateModified":"2024-07-10T07:38:37+00:00","mainEntityOfPage":{"@id":"https:\/\/infos-droitshumains.net\/?p=10399"},"wordCount":475,"commentCount":0,"publisher":{"@id":"https:\/\/infos-droitshumains.net\/#organization"},"image":{"@id":"https:\/\/infos-droitshumains.net\/?p=10399#primaryimage"},"thumbnailUrl":"https:\/\/i0.wp.com\/infos-droitshumains.net\/wp-content\/uploads\/2024\/07\/MATETE.webp?fit=639%2C403&ssl=1","articleSection":["Justice"],"inLanguage":"fr-FR","potentialAction":[{"@type":"CommentAction","name":"Comment","target":["https:\/\/infos-droitshumains.net\/?p=10399#respond"]}]},{"@type":"WebPage","@id":"https:\/\/infos-droitshumains.net\/?p=10399","url":"https:\/\/infos-droitshumains.net\/?p=10399","name":"C\u00e9l\u00e9bration de la journ\u00e9e du barreau dans le ressort de Kinshasa\u00a0: le Barreau de Matete remet les pendules \u00e0 l\u2019heure et rabat les all\u00e9gations de son voisin de la Gombe - Infos Droits Humains","isPartOf":{"@id":"https:\/\/infos-droitshumains.net\/#website"},"primaryImageOfPage":{"@id":"https:\/\/infos-droitshumains.net\/?p=10399#primaryimage"},"image":{"@id":"https:\/\/infos-droitshumains.net\/?p=10399#primaryimage"},"thumbnailUrl":"https:\/\/i0.wp.com\/infos-droitshumains.net\/wp-content\/uploads\/2024\/07\/MATETE.webp?fit=639%2C403&ssl=1","datePublished":"2024-07-10T07:35:35+00:00","dateModified":"2024-07-10T07:38:37+00:00","breadcrumb":{"@id":"https:\/\/infos-droitshumains.net\/?p=10399#breadcrumb"},"inLanguage":"fr-FR","potentialAction":[{"@type":"ReadAction","target":["https:\/\/infos-droitshumains.net\/?p=10399"]}]},{"@type":"ImageObject","inLanguage":"fr-FR","@id":"https:\/\/infos-droitshumains.net\/?p=10399#primaryimage","url":"https:\/\/i0.wp.com\/infos-droitshumains.net\/wp-content\/uploads\/2024\/07\/MATETE.webp?fit=639%2C403&ssl=1","contentUrl":"https:\/\/i0.wp.com\/infos-droitshumains.net\/wp-content\/uploads\/2024\/07\/MATETE.webp?fit=639%2C403&ssl=1","width":639,"height":403},{"@type":"BreadcrumbList","@id":"https:\/\/infos-droitshumains.net\/?p=10399#breadcrumb","itemListElement":[{"@type":"ListItem","position":1,"name":"Accueil","item":"https:\/\/infos-droitshumains.net\/"},{"@type":"ListItem","position":2,"name":"C\u00e9l\u00e9bration de la journ\u00e9e du barreau dans le ressort de Kinshasa\u00a0: le Barreau de Matete remet les pendules \u00e0 l\u2019heure et rabat les all\u00e9gations de son voisin de la Gombe"}]},{"@type":"WebSite","@id":"https:\/\/infos-droitshumains.net\/#website","url":"https:\/\/infos-droitshumains.net\/","name":"Infos Droits Humains","description":"S&#039;informer est un droit","publisher":{"@id":"https:\/\/infos-droitshumains.net\/#organization"},"potentialAction":[{"@type":"SearchAction","target":{"@type":"EntryPoint","urlTemplate":"https:\/\/infos-droitshumains.net\/?s={search_term_string}"},"query-input":{"@type":"PropertyValueSpecification","valueRequired":true,"valueName":"search_term_string"}}],"inLanguage":"fr-FR"},{"@type":"Organization","@id":"https:\/\/infos-droitshumains.net\/#organization","name":"Infos Droits Humains","url":"https:\/\/infos-droitshumains.net\/","logo":{"@type":"ImageObject","inLanguage":"fr-FR","@id":"https:\/\/infos-droitshumains.net\/#\/schema\/logo\/image\/","url":"https:\/\/i0.wp.com\/infos-droitshumains.net\/wp-content\/uploads\/2022\/05\/Logo.png?fit=333%2C129&ssl=1","contentUrl":"https:\/\/i0.wp.com\/infos-droitshumains.net\/wp-content\/uploads\/2022\/05\/Logo.png?fit=333%2C129&ssl=1","width":333,"height":129,"caption":"Infos Droits Humains"},"image":{"@id":"https:\/\/infos-droitshumains.net\/#\/schema\/logo\/image\/"}},{"@type":"Person","@id":"https:\/\/infos-droitshumains.net\/#\/schema\/person\/3dc5e921c3302172e0ed4362f96faab7","name":"Jo\u00ebl Diawa","image":{"@type":"ImageObject","inLanguage":"fr-FR","@id":"https:\/\/secure.gravatar.com\/avatar\/729bea6ff4604c624417803c477363be8e3c7186deaa65713313f9b4b820f41c?s=96&d=mm&r=g","url":"https:\/\/secure.gravatar.com\/avatar\/729bea6ff4604c624417803c477363be8e3c7186deaa65713313f9b4b820f41c?s=96&d=mm&r=g","contentUrl":"https:\/\/secure.gravatar.com\/avatar\/729bea6ff4604c624417803c477363be8e3c7186deaa65713313f9b4b820f41c?s=96&d=mm&r=g","caption":"Jo\u00ebl Diawa"},"sameAs":["https:\/\/www.infos-droitshumains.net"],"url":"https:\/\/infos-droitshumains.net\/?author=2"}]}},"featured_image_urls":{"full":["https:\/\/i0.wp.com\/infos-droitshumains.net\/wp-content\/uploads\/2024\/07\/MATETE.webp?fit=639%2C403&ssl=1",639,403,false],"thumbnail":["https:\/\/i0.wp.com\/infos-droitshumains.net\/wp-content\/uploads\/2024\/07\/MATETE.webp?resize=150%2C150&ssl=1",150,150,true],"medium":["https:\/\/i0.wp.com\/infos-droitshumains.net\/wp-content\/uploads\/2024\/07\/MATETE.webp?fit=300%2C189&ssl=1",300,189,true],"medium_large":["https:\/\/i0.wp.com\/infos-droitshumains.net\/wp-content\/uploads\/2024\/07\/MATETE.webp?fit=639%2C403&ssl=1",639,403,true],"large":["https:\/\/i0.wp.com\/infos-droitshumains.net\/wp-content\/uploads\/2024\/07\/MATETE.webp?fit=639%2C403&ssl=1",639,403,true],"1536x1536":["https:\/\/i0.wp.com\/infos-droitshumains.net\/wp-content\/uploads\/2024\/07\/MATETE.webp?fit=639%2C403&ssl=1",639,403,true],"2048x2048":["https:\/\/i0.wp.com\/infos-droitshumains.net\/wp-content\/uploads\/2024\/07\/MATETE.webp?fit=639%2C403&ssl=1",639,403,true],"covernews-slider-full":["https:\/\/i0.wp.com\/infos-droitshumains.net\/wp-content\/uploads\/2024\/07\/MATETE.webp?resize=639%2C403&ssl=1",639,403,true],"covernews-slider-center":["https:\/\/i0.wp.com\/infos-droitshumains.net\/wp-content\/uploads\/2024\/07\/MATETE.webp?resize=639%2C403&ssl=1",639,403,true],"covernews-featured":["https:\/\/i0.wp.com\/infos-droitshumains.net\/wp-content\/uploads\/2024\/07\/MATETE.webp?fit=639%2C403&ssl=1",639,403,true],"covernews-medium":["https:\/\/i0.wp.com\/infos-droitshumains.net\/wp-content\/uploads\/2024\/07\/MATETE.webp?resize=540%2C340&ssl=1",540,340,true],"covernews-medium-square":["https:\/\/i0.wp.com\/infos-droitshumains.net\/wp-content\/uploads\/2024\/07\/MATETE.webp?resize=400%2C250&ssl=1",400,250,true]},"author_info":{"display_name":"Jo\u00ebl Diawa","author_link":"https:\/\/infos-droitshumains.net\/?author=2"},"category_info":"<a href=\"https:\/\/infos-droitshumains.net\/?cat=6\" rel=\"category\">Justice<\/a>","tag_info":"Justice","comment_count":"0","jetpack_featured_media_url":"https:\/\/i0.wp.com\/infos-droitshumains.net\/wp-content\/uploads\/2024\/07\/MATETE.webp?fit=639%2C403&ssl=1","jetpack-related-posts":[],"jetpack_sharing_enabled":true,"_links":{"self":[{"href":"https:\/\/infos-droitshumains.net\/index.php?rest_route=\/wp\/v2\/posts\/10399","targetHints":{"allow":["GET"]}}],"collection":[{"href":"https:\/\/infos-droitshumains.net\/index.php?rest_route=\/wp\/v2\/posts"}],"about":[{"href":"https:\/\/infos-droitshumains.net\/index.php?rest_route=\/wp\/v2\/types\/post"}],"author":[{"embeddable":true,"href":"https:\/\/infos-droitshumains.net\/index.php?rest_route=\/wp\/v2\/users\/2"}],"replies":[{"embeddable":true,"href":"https:\/\/infos-droitshumains.net\/index.php?rest_route=%2Fwp%2Fv2%2Fcomments&post=10399"}],"version-history":[{"count":1,"href":"https:\/\/infos-droitshumains.net\/index.php?rest_route=\/wp\/v2\/posts\/10399\/revisions"}],"predecessor-version":[{"id":10400,"href":"https:\/\/infos-droitshumains.net\/index.php?rest_route=\/wp\/v2\/posts\/10399\/revisions\/10400"}],"wp:featuredmedia":[{"embeddable":true,"href":"https:\/\/infos-droitshumains.net\/index.php?rest_route=\/wp\/v2\/media\/10401"}],"wp:attachment":[{"href":"https:\/\/infos-droitshumains.net\/index.php?rest_route=%2Fwp%2Fv2%2Fmedia&parent=10399"}],"wp:term":[{"taxonomy":"category","embeddable":true,"href":"https:\/\/infos-droitshumains.net\/index.php?rest_route=%2Fwp%2Fv2%2Fcategories&post=10399"},{"taxonomy":"post_tag","embeddable":true,"href":"https:\/\/infos-droitshumains.net\/index.php?rest_route=%2Fwp%2Fv2%2Ftags&post=10399"}],"curies":[{"name":"wp","href":"https:\/\/api.w.org\/{rel}","templated":true}]}}