{"id":10387,"date":"2024-07-09T21:07:44","date_gmt":"2024-07-09T19:07:44","guid":{"rendered":"https:\/\/infos-droitshumains.net\/?p=10387"},"modified":"2024-07-09T21:17:21","modified_gmt":"2024-07-09T19:17:21","slug":"journee-du-barreau-dans-le-ressort-de-kinshasa-le-barreau-de-kinshasa-gombe-va-prendre-en-charge-lorganisation-materielle-et-financiere-communique","status":"publish","type":"post","link":"https:\/\/infos-droitshumains.net\/?p=10387","title":{"rendered":"C\u00e9l\u00e9bration de la journ\u00e9e du Barreau\u00a0: Dans le ressort de Kinshasa, le Barreau de Kinshasa\/Gombe va prendre en charge l\u2019organisation mat\u00e9rielle et financi\u00e8re (Communiqu\u00e9)"},"content":{"rendered":"\n<p><strong>R\u00e9daction: +243 817 406 088<\/strong><\/p>\n\n\n\n<h3 class=\"wp-block-heading has-vivid-red-color has-text-color has-link-color wp-elements-d4298ffe83f75f5ef41868dd8f241464\">Le Barreau de la R\u00e9publique D\u00e9mocratique du Congo c\u00e9l\u00e8bre ce mercredi 10 Juillet, le 56 anniversaires de son existence. C\u2019est dans ce cadre que les deux Barreaux de Kinshasa \u00e0 savoir, celui pr\u00e8s la Cour d\u2019Appel de Kinshasa\/Gombe et celui pr\u00e8s la Cour d\u2019Appel de Kinshasa\/Gombe se sont convenus d\u2019organiser ensemble la comm\u00e9moration de cette \u00e9dition 2024.<\/h3>\n\n\n\n<p>Mais malheureusement, les choses ne seront pas comme voulue nous renseignement un communiqu\u00e9 du Barreau de Kinshasa\/Gombe dont la copie est parvenue \u00e0 la r\u00e9daction du Journal T\u00e9l\u00e9vis\u00e9 des Droits Humains. Gombe d\u00e9plore le fait que Matete n\u2019ait pas tenu \u00e0 respecter ses engagements.<\/p>\n\n\n\n<p><em>\u00ab&nbsp;\u2026il s\u2019av\u00e8re que jusqu\u2019\u00e0 ce mardi 9 juillet 202, \u00e0 16 heures 15 minutes, le Barreau de Kinshasa\/Matete ne s\u2019est pas toujours acquitt\u00e9 de ses obligations&nbsp;\u00bb<\/em>, lit-on dans ce communiqu\u00e9 sign\u00e9 par le B\u00e2tonnier Jean-Claude Mbaki.<\/p>\n\n\n\n<p>Pour ne pas mettre en p\u00e9ril cette journ\u00e9e <em>\u00ab&nbsp;pr\u00e9cieuse&nbsp;\u00bb<\/em> pour l\u2019avocat, le conseil de l\u2019ordre du Barreau de Kinshasa\/Gombe apr\u00e8s sa r\u00e9union de ce mardi, dit par ailleurs se voir \u00eatre &nbsp;<em>\u00ab&nbsp;contraint de prendre seul en charge l\u2019organisation mat\u00e9rielle et financi\u00e8re&nbsp;\u00bb<\/em> de cette journ\u00e9e au cours de laquelle, il invite <em>\u00ab&nbsp;tous les avocats du ressort de Kinshasa&nbsp;\u00bb.<\/em><\/p>\n\n\n\n<p>Contact\u00e9 \u00e0 ce sujet, les services du Barreau de Kinshasa\/Matete ont promis de faire une communication sur la question dans les minutes qui suivent afin de dissiper tout malentendu.<\/p>\n\n\n\n<p>Cette journ\u00e9e sera c\u00e9l\u00e9br\u00e9e \u00e0-travers une matin\u00e9e scientifique les avant-midi suivi d\u2019une soir\u00e9e de de gala.<\/p>\n\n\n\n<p>Jo\u00ebl Diawa<\/p>\n","protected":false},"excerpt":{"rendered":"<p>R\u00e9daction: +243 817 406 088 Le Barreau de la R\u00e9publique D\u00e9mocratique du Congo c\u00e9l\u00e8bre ce&#8230;<\/p>\n","protected":false},"author":2,"featured_media":10389,"comment_status":"open","ping_status":"open","sticky":false,"template":"","format":"standard","meta":{"_jetpack_memberships_contains_paid_content":false,"footnotes":""},"categories":[6],"tags":[],"class_list":["post-10387","post","type-post","status-publish","format-standard","has-post-thumbnail","hentry","category-justice"],"yoast_head":"<!-- This site is optimized with the Yoast SEO plugin v27.5 - https:\/\/yoast.com\/product\/yoast-seo-wordpress\/ -->\n<title>C\u00e9l\u00e9bration de la journ\u00e9e du Barreau\u00a0: Dans le ressort de Kinshasa, le Barreau de Kinshasa\/Gombe va prendre en charge l\u2019organisation mat\u00e9rielle et financi\u00e8re (Communiqu\u00e9) - Infos Droits Humains<\/title>\n<meta name=\"robots\" content=\"index, follow, max-snippet:-1, max-image-preview:large, max-video-preview:-1\" \/>\n<link rel=\"canonical\" href=\"https:\/\/infos-droitshumains.net\/?p=10387\" \/>\n<meta property=\"og:locale\" content=\"fr_FR\" \/>\n<meta property=\"og:type\" content=\"article\" \/>\n<meta property=\"og:title\" content=\"C\u00e9l\u00e9bration de la journ\u00e9e du Barreau\u00a0: Dans le ressort de Kinshasa, le Barreau de Kinshasa\/Gombe va prendre en charge l\u2019organisation mat\u00e9rielle et financi\u00e8re (Communiqu\u00e9) - Infos Droits Humains\" \/>\n<meta property=\"og:description\" content=\"R\u00e9daction: +243 817 406 088 Le Barreau de la R\u00e9publique D\u00e9mocratique du Congo c\u00e9l\u00e8bre ce...\" \/>\n<meta property=\"og:url\" content=\"https:\/\/infos-droitshumains.net\/?p=10387\" \/>\n<meta property=\"og:site_name\" content=\"Infos Droits Humains\" \/>\n<meta property=\"article:published_time\" content=\"2024-07-09T19:07:44+00:00\" \/>\n<meta property=\"article:modified_time\" content=\"2024-07-09T19:17:21+00:00\" \/>\n<meta property=\"og:image\" content=\"https:\/\/infos-droitshumains.net\/wp-content\/uploads\/2024\/07\/Barreau_de_Kinshasa_Gombe.jpg\" \/>\n\t<meta property=\"og:image:width\" content=\"430\" \/>\n\t<meta property=\"og:image:height\" content=\"323\" \/>\n\t<meta property=\"og:image:type\" content=\"image\/jpeg\" \/>\n<meta name=\"author\" content=\"Jo\u00ebl Diawa\" \/>\n<meta name=\"twitter:card\" content=\"summary_large_image\" \/>\n<meta name=\"twitter:label1\" content=\"\u00c9crit par\" \/>\n\t<meta name=\"twitter:data1\" content=\"Jo\u00ebl Diawa\" \/>\n\t<meta name=\"twitter:label2\" content=\"Dur\u00e9e de lecture estim\u00e9e\" \/>\n\t<meta name=\"twitter:data2\" content=\"2 minutes\" \/>\n<script type=\"application\/ld+json\" class=\"yoast-schema-graph\">{\"@context\":\"https:\\\/\\\/schema.org\",\"@graph\":[{\"@type\":\"Article\",\"@id\":\"https:\\\/\\\/infos-droitshumains.net\\\/?p=10387#article\",\"isPartOf\":{\"@id\":\"https:\\\/\\\/infos-droitshumains.net\\\/?p=10387\"},\"author\":{\"name\":\"Jo\u00ebl Diawa\",\"@id\":\"https:\\\/\\\/infos-droitshumains.net\\\/#\\\/schema\\\/person\\\/3dc5e921c3302172e0ed4362f96faab7\"},\"headline\":\"C\u00e9l\u00e9bration de la journ\u00e9e du Barreau\u00a0: Dans le ressort de Kinshasa, le Barreau de Kinshasa\\\/Gombe va prendre en charge l\u2019organisation mat\u00e9rielle et financi\u00e8re (Communiqu\u00e9)\",\"datePublished\":\"2024-07-09T19:07:44+00:00\",\"dateModified\":\"2024-07-09T19:17:21+00:00\",\"mainEntityOfPage\":{\"@id\":\"https:\\\/\\\/infos-droitshumains.net\\\/?p=10387\"},\"wordCount\":316,\"commentCount\":0,\"publisher\":{\"@id\":\"https:\\\/\\\/infos-droitshumains.net\\\/#organization\"},\"image\":{\"@id\":\"https:\\\/\\\/infos-droitshumains.net\\\/?p=10387#primaryimage\"},\"thumbnailUrl\":\"https:\\\/\\\/i0.wp.com\\\/infos-droitshumains.net\\\/wp-content\\\/uploads\\\/2024\\\/07\\\/Barreau_de_Kinshasa_Gombe.jpg?fit=430%2C323&ssl=1\",\"articleSection\":[\"Justice\"],\"inLanguage\":\"fr-FR\",\"potentialAction\":[{\"@type\":\"CommentAction\",\"name\":\"Comment\",\"target\":[\"https:\\\/\\\/infos-droitshumains.net\\\/?p=10387#respond\"]}]},{\"@type\":\"WebPage\",\"@id\":\"https:\\\/\\\/infos-droitshumains.net\\\/?p=10387\",\"url\":\"https:\\\/\\\/infos-droitshumains.net\\\/?p=10387\",\"name\":\"C\u00e9l\u00e9bration de la journ\u00e9e du Barreau\u00a0: Dans le ressort de Kinshasa, le Barreau de Kinshasa\\\/Gombe va prendre en charge l\u2019organisation mat\u00e9rielle et financi\u00e8re (Communiqu\u00e9) - Infos Droits Humains\",\"isPartOf\":{\"@id\":\"https:\\\/\\\/infos-droitshumains.net\\\/#website\"},\"primaryImageOfPage\":{\"@id\":\"https:\\\/\\\/infos-droitshumains.net\\\/?p=10387#primaryimage\"},\"image\":{\"@id\":\"https:\\\/\\\/infos-droitshumains.net\\\/?p=10387#primaryimage\"},\"thumbnailUrl\":\"https:\\\/\\\/i0.wp.com\\\/infos-droitshumains.net\\\/wp-content\\\/uploads\\\/2024\\\/07\\\/Barreau_de_Kinshasa_Gombe.jpg?fit=430%2C323&ssl=1\",\"datePublished\":\"2024-07-09T19:07:44+00:00\",\"dateModified\":\"2024-07-09T19:17:21+00:00\",\"breadcrumb\":{\"@id\":\"https:\\\/\\\/infos-droitshumains.net\\\/?p=10387#breadcrumb\"},\"inLanguage\":\"fr-FR\",\"potentialAction\":[{\"@type\":\"ReadAction\",\"target\":[\"https:\\\/\\\/infos-droitshumains.net\\\/?p=10387\"]}]},{\"@type\":\"ImageObject\",\"inLanguage\":\"fr-FR\",\"@id\":\"https:\\\/\\\/infos-droitshumains.net\\\/?p=10387#primaryimage\",\"url\":\"https:\\\/\\\/i0.wp.com\\\/infos-droitshumains.net\\\/wp-content\\\/uploads\\\/2024\\\/07\\\/Barreau_de_Kinshasa_Gombe.jpg?fit=430%2C323&ssl=1\",\"contentUrl\":\"https:\\\/\\\/i0.wp.com\\\/infos-droitshumains.net\\\/wp-content\\\/uploads\\\/2024\\\/07\\\/Barreau_de_Kinshasa_Gombe.jpg?fit=430%2C323&ssl=1\",\"width\":430,\"height\":323},{\"@type\":\"BreadcrumbList\",\"@id\":\"https:\\\/\\\/infos-droitshumains.net\\\/?p=10387#breadcrumb\",\"itemListElement\":[{\"@type\":\"ListItem\",\"position\":1,\"name\":\"Accueil\",\"item\":\"https:\\\/\\\/infos-droitshumains.net\\\/\"},{\"@type\":\"ListItem\",\"position\":2,\"name\":\"C\u00e9l\u00e9bration de la journ\u00e9e du Barreau\u00a0: Dans le ressort de Kinshasa, le Barreau de Kinshasa\\\/Gombe va prendre en charge l\u2019organisation mat\u00e9rielle et financi\u00e8re (Communiqu\u00e9)\"}]},{\"@type\":\"WebSite\",\"@id\":\"https:\\\/\\\/infos-droitshumains.net\\\/#website\",\"url\":\"https:\\\/\\\/infos-droitshumains.net\\\/\",\"name\":\"Infos Droits Humains\",\"description\":\"S&#039;informer est un droit\",\"publisher\":{\"@id\":\"https:\\\/\\\/infos-droitshumains.net\\\/#organization\"},\"potentialAction\":[{\"@type\":\"SearchAction\",\"target\":{\"@type\":\"EntryPoint\",\"urlTemplate\":\"https:\\\/\\\/infos-droitshumains.net\\\/?s={search_term_string}\"},\"query-input\":{\"@type\":\"PropertyValueSpecification\",\"valueRequired\":true,\"valueName\":\"search_term_string\"}}],\"inLanguage\":\"fr-FR\"},{\"@type\":\"Organization\",\"@id\":\"https:\\\/\\\/infos-droitshumains.net\\\/#organization\",\"name\":\"Infos Droits Humains\",\"url\":\"https:\\\/\\\/infos-droitshumains.net\\\/\",\"logo\":{\"@type\":\"ImageObject\",\"inLanguage\":\"fr-FR\",\"@id\":\"https:\\\/\\\/infos-droitshumains.net\\\/#\\\/schema\\\/logo\\\/image\\\/\",\"url\":\"https:\\\/\\\/i0.wp.com\\\/infos-droitshumains.net\\\/wp-content\\\/uploads\\\/2022\\\/05\\\/Logo.png?fit=333%2C129&ssl=1\",\"contentUrl\":\"https:\\\/\\\/i0.wp.com\\\/infos-droitshumains.net\\\/wp-content\\\/uploads\\\/2022\\\/05\\\/Logo.png?fit=333%2C129&ssl=1\",\"width\":333,\"height\":129,\"caption\":\"Infos Droits Humains\"},\"image\":{\"@id\":\"https:\\\/\\\/infos-droitshumains.net\\\/#\\\/schema\\\/logo\\\/image\\\/\"}},{\"@type\":\"Person\",\"@id\":\"https:\\\/\\\/infos-droitshumains.net\\\/#\\\/schema\\\/person\\\/3dc5e921c3302172e0ed4362f96faab7\",\"name\":\"Jo\u00ebl Diawa\",\"image\":{\"@type\":\"ImageObject\",\"inLanguage\":\"fr-FR\",\"@id\":\"https:\\\/\\\/secure.gravatar.com\\\/avatar\\\/729bea6ff4604c624417803c477363be8e3c7186deaa65713313f9b4b820f41c?s=96&d=mm&r=g\",\"url\":\"https:\\\/\\\/secure.gravatar.com\\\/avatar\\\/729bea6ff4604c624417803c477363be8e3c7186deaa65713313f9b4b820f41c?s=96&d=mm&r=g\",\"contentUrl\":\"https:\\\/\\\/secure.gravatar.com\\\/avatar\\\/729bea6ff4604c624417803c477363be8e3c7186deaa65713313f9b4b820f41c?s=96&d=mm&r=g\",\"caption\":\"Jo\u00ebl Diawa\"},\"sameAs\":[\"https:\\\/\\\/www.infos-droitshumains.net\"],\"url\":\"https:\\\/\\\/infos-droitshumains.net\\\/?author=2\"}]}<\/script>\n<!-- \/ Yoast SEO plugin. -->","yoast_head_json":{"title":"C\u00e9l\u00e9bration de la journ\u00e9e du Barreau\u00a0: Dans le ressort de Kinshasa, le Barreau de Kinshasa\/Gombe va prendre en charge l\u2019organisation mat\u00e9rielle et financi\u00e8re (Communiqu\u00e9) - Infos Droits Humains","robots":{"index":"index","follow":"follow","max-snippet":"max-snippet:-1","max-image-preview":"max-image-preview:large","max-video-preview":"max-video-preview:-1"},"canonical":"https:\/\/infos-droitshumains.net\/?p=10387","og_locale":"fr_FR","og_type":"article","og_title":"C\u00e9l\u00e9bration de la journ\u00e9e du Barreau\u00a0: Dans le ressort de Kinshasa, le Barreau de Kinshasa\/Gombe va prendre en charge l\u2019organisation mat\u00e9rielle et financi\u00e8re (Communiqu\u00e9) - Infos Droits Humains","og_description":"R\u00e9daction: +243 817 406 088 Le Barreau de la R\u00e9publique D\u00e9mocratique du Congo c\u00e9l\u00e8bre ce...","og_url":"https:\/\/infos-droitshumains.net\/?p=10387","og_site_name":"Infos Droits Humains","article_published_time":"2024-07-09T19:07:44+00:00","article_modified_time":"2024-07-09T19:17:21+00:00","og_image":[{"width":430,"height":323,"url":"https:\/\/infos-droitshumains.net\/wp-content\/uploads\/2024\/07\/Barreau_de_Kinshasa_Gombe.jpg","type":"image\/jpeg"}],"author":"Jo\u00ebl Diawa","twitter_card":"summary_large_image","twitter_misc":{"\u00c9crit par":"Jo\u00ebl Diawa","Dur\u00e9e de lecture estim\u00e9e":"2 minutes"},"schema":{"@context":"https:\/\/schema.org","@graph":[{"@type":"Article","@id":"https:\/\/infos-droitshumains.net\/?p=10387#article","isPartOf":{"@id":"https:\/\/infos-droitshumains.net\/?p=10387"},"author":{"name":"Jo\u00ebl Diawa","@id":"https:\/\/infos-droitshumains.net\/#\/schema\/person\/3dc5e921c3302172e0ed4362f96faab7"},"headline":"C\u00e9l\u00e9bration de la journ\u00e9e du Barreau\u00a0: Dans le ressort de Kinshasa, le Barreau de Kinshasa\/Gombe va prendre en charge l\u2019organisation mat\u00e9rielle et financi\u00e8re (Communiqu\u00e9)","datePublished":"2024-07-09T19:07:44+00:00","dateModified":"2024-07-09T19:17:21+00:00","mainEntityOfPage":{"@id":"https:\/\/infos-droitshumains.net\/?p=10387"},"wordCount":316,"commentCount":0,"publisher":{"@id":"https:\/\/infos-droitshumains.net\/#organization"},"image":{"@id":"https:\/\/infos-droitshumains.net\/?p=10387#primaryimage"},"thumbnailUrl":"https:\/\/i0.wp.com\/infos-droitshumains.net\/wp-content\/uploads\/2024\/07\/Barreau_de_Kinshasa_Gombe.jpg?fit=430%2C323&ssl=1","articleSection":["Justice"],"inLanguage":"fr-FR","potentialAction":[{"@type":"CommentAction","name":"Comment","target":["https:\/\/infos-droitshumains.net\/?p=10387#respond"]}]},{"@type":"WebPage","@id":"https:\/\/infos-droitshumains.net\/?p=10387","url":"https:\/\/infos-droitshumains.net\/?p=10387","name":"C\u00e9l\u00e9bration de la journ\u00e9e du Barreau\u00a0: Dans le ressort de Kinshasa, le Barreau de Kinshasa\/Gombe va prendre en charge l\u2019organisation mat\u00e9rielle et financi\u00e8re (Communiqu\u00e9) - Infos Droits Humains","isPartOf":{"@id":"https:\/\/infos-droitshumains.net\/#website"},"primaryImageOfPage":{"@id":"https:\/\/infos-droitshumains.net\/?p=10387#primaryimage"},"image":{"@id":"https:\/\/infos-droitshumains.net\/?p=10387#primaryimage"},"thumbnailUrl":"https:\/\/i0.wp.com\/infos-droitshumains.net\/wp-content\/uploads\/2024\/07\/Barreau_de_Kinshasa_Gombe.jpg?fit=430%2C323&ssl=1","datePublished":"2024-07-09T19:07:44+00:00","dateModified":"2024-07-09T19:17:21+00:00","breadcrumb":{"@id":"https:\/\/infos-droitshumains.net\/?p=10387#breadcrumb"},"inLanguage":"fr-FR","potentialAction":[{"@type":"ReadAction","target":["https:\/\/infos-droitshumains.net\/?p=10387"]}]},{"@type":"ImageObject","inLanguage":"fr-FR","@id":"https:\/\/infos-droitshumains.net\/?p=10387#primaryimage","url":"https:\/\/i0.wp.com\/infos-droitshumains.net\/wp-content\/uploads\/2024\/07\/Barreau_de_Kinshasa_Gombe.jpg?fit=430%2C323&ssl=1","contentUrl":"https:\/\/i0.wp.com\/infos-droitshumains.net\/wp-content\/uploads\/2024\/07\/Barreau_de_Kinshasa_Gombe.jpg?fit=430%2C323&ssl=1","width":430,"height":323},{"@type":"BreadcrumbList","@id":"https:\/\/infos-droitshumains.net\/?p=10387#breadcrumb","itemListElement":[{"@type":"ListItem","position":1,"name":"Accueil","item":"https:\/\/infos-droitshumains.net\/"},{"@type":"ListItem","position":2,"name":"C\u00e9l\u00e9bration de la journ\u00e9e du Barreau\u00a0: Dans le ressort de Kinshasa, le Barreau de Kinshasa\/Gombe va prendre en charge l\u2019organisation mat\u00e9rielle et financi\u00e8re (Communiqu\u00e9)"}]},{"@type":"WebSite","@id":"https:\/\/infos-droitshumains.net\/#website","url":"https:\/\/infos-droitshumains.net\/","name":"Infos Droits Humains","description":"S&#039;informer est un droit","publisher":{"@id":"https:\/\/infos-droitshumains.net\/#organization"},"potentialAction":[{"@type":"SearchAction","target":{"@type":"EntryPoint","urlTemplate":"https:\/\/infos-droitshumains.net\/?s={search_term_string}"},"query-input":{"@type":"PropertyValueSpecification","valueRequired":true,"valueName":"search_term_string"}}],"inLanguage":"fr-FR"},{"@type":"Organization","@id":"https:\/\/infos-droitshumains.net\/#organization","name":"Infos Droits Humains","url":"https:\/\/infos-droitshumains.net\/","logo":{"@type":"ImageObject","inLanguage":"fr-FR","@id":"https:\/\/infos-droitshumains.net\/#\/schema\/logo\/image\/","url":"https:\/\/i0.wp.com\/infos-droitshumains.net\/wp-content\/uploads\/2022\/05\/Logo.png?fit=333%2C129&ssl=1","contentUrl":"https:\/\/i0.wp.com\/infos-droitshumains.net\/wp-content\/uploads\/2022\/05\/Logo.png?fit=333%2C129&ssl=1","width":333,"height":129,"caption":"Infos Droits Humains"},"image":{"@id":"https:\/\/infos-droitshumains.net\/#\/schema\/logo\/image\/"}},{"@type":"Person","@id":"https:\/\/infos-droitshumains.net\/#\/schema\/person\/3dc5e921c3302172e0ed4362f96faab7","name":"Jo\u00ebl Diawa","image":{"@type":"ImageObject","inLanguage":"fr-FR","@id":"https:\/\/secure.gravatar.com\/avatar\/729bea6ff4604c624417803c477363be8e3c7186deaa65713313f9b4b820f41c?s=96&d=mm&r=g","url":"https:\/\/secure.gravatar.com\/avatar\/729bea6ff4604c624417803c477363be8e3c7186deaa65713313f9b4b820f41c?s=96&d=mm&r=g","contentUrl":"https:\/\/secure.gravatar.com\/avatar\/729bea6ff4604c624417803c477363be8e3c7186deaa65713313f9b4b820f41c?s=96&d=mm&r=g","caption":"Jo\u00ebl Diawa"},"sameAs":["https:\/\/www.infos-droitshumains.net"],"url":"https:\/\/infos-droitshumains.net\/?author=2"}]}},"featured_image_urls":{"full":["https:\/\/i0.wp.com\/infos-droitshumains.net\/wp-content\/uploads\/2024\/07\/Barreau_de_Kinshasa_Gombe.jpg?fit=430%2C323&ssl=1",430,323,false],"thumbnail":["https:\/\/i0.wp.com\/infos-droitshumains.net\/wp-content\/uploads\/2024\/07\/Barreau_de_Kinshasa_Gombe.jpg?resize=150%2C150&ssl=1",150,150,true],"medium":["https:\/\/i0.wp.com\/infos-droitshumains.net\/wp-content\/uploads\/2024\/07\/Barreau_de_Kinshasa_Gombe.jpg?fit=300%2C225&ssl=1",300,225,true],"medium_large":["https:\/\/i0.wp.com\/infos-droitshumains.net\/wp-content\/uploads\/2024\/07\/Barreau_de_Kinshasa_Gombe.jpg?fit=430%2C323&ssl=1",430,323,true],"large":["https:\/\/i0.wp.com\/infos-droitshumains.net\/wp-content\/uploads\/2024\/07\/Barreau_de_Kinshasa_Gombe.jpg?fit=430%2C323&ssl=1",430,323,true],"1536x1536":["https:\/\/i0.wp.com\/infos-droitshumains.net\/wp-content\/uploads\/2024\/07\/Barreau_de_Kinshasa_Gombe.jpg?fit=430%2C323&ssl=1",430,323,true],"2048x2048":["https:\/\/i0.wp.com\/infos-droitshumains.net\/wp-content\/uploads\/2024\/07\/Barreau_de_Kinshasa_Gombe.jpg?fit=430%2C323&ssl=1",430,323,true],"covernews-slider-full":["https:\/\/i0.wp.com\/infos-droitshumains.net\/wp-content\/uploads\/2024\/07\/Barreau_de_Kinshasa_Gombe.jpg?resize=430%2C323&ssl=1",430,323,true],"covernews-slider-center":["https:\/\/i0.wp.com\/infos-droitshumains.net\/wp-content\/uploads\/2024\/07\/Barreau_de_Kinshasa_Gombe.jpg?resize=430%2C323&ssl=1",430,323,true],"covernews-featured":["https:\/\/i0.wp.com\/infos-droitshumains.net\/wp-content\/uploads\/2024\/07\/Barreau_de_Kinshasa_Gombe.jpg?fit=430%2C323&ssl=1",430,323,true],"covernews-medium":["https:\/\/i0.wp.com\/infos-droitshumains.net\/wp-content\/uploads\/2024\/07\/Barreau_de_Kinshasa_Gombe.jpg?resize=430%2C323&ssl=1",430,323,true],"covernews-medium-square":["https:\/\/i0.wp.com\/infos-droitshumains.net\/wp-content\/uploads\/2024\/07\/Barreau_de_Kinshasa_Gombe.jpg?resize=400%2C250&ssl=1",400,250,true]},"author_info":{"display_name":"Jo\u00ebl Diawa","author_link":"https:\/\/infos-droitshumains.net\/?author=2"},"category_info":"<a href=\"https:\/\/infos-droitshumains.net\/?cat=6\" rel=\"category\">Justice<\/a>","tag_info":"Justice","comment_count":"0","jetpack_featured_media_url":"https:\/\/i0.wp.com\/infos-droitshumains.net\/wp-content\/uploads\/2024\/07\/Barreau_de_Kinshasa_Gombe.jpg?fit=430%2C323&ssl=1","jetpack-related-posts":[],"jetpack_sharing_enabled":true,"_links":{"self":[{"href":"https:\/\/infos-droitshumains.net\/index.php?rest_route=\/wp\/v2\/posts\/10387","targetHints":{"allow":["GET"]}}],"collection":[{"href":"https:\/\/infos-droitshumains.net\/index.php?rest_route=\/wp\/v2\/posts"}],"about":[{"href":"https:\/\/infos-droitshumains.net\/index.php?rest_route=\/wp\/v2\/types\/post"}],"author":[{"embeddable":true,"href":"https:\/\/infos-droitshumains.net\/index.php?rest_route=\/wp\/v2\/users\/2"}],"replies":[{"embeddable":true,"href":"https:\/\/infos-droitshumains.net\/index.php?rest_route=%2Fwp%2Fv2%2Fcomments&post=10387"}],"version-history":[{"count":2,"href":"https:\/\/infos-droitshumains.net\/index.php?rest_route=\/wp\/v2\/posts\/10387\/revisions"}],"predecessor-version":[{"id":10392,"href":"https:\/\/infos-droitshumains.net\/index.php?rest_route=\/wp\/v2\/posts\/10387\/revisions\/10392"}],"wp:featuredmedia":[{"embeddable":true,"href":"https:\/\/infos-droitshumains.net\/index.php?rest_route=\/wp\/v2\/media\/10389"}],"wp:attachment":[{"href":"https:\/\/infos-droitshumains.net\/index.php?rest_route=%2Fwp%2Fv2%2Fmedia&parent=10387"}],"wp:term":[{"taxonomy":"category","embeddable":true,"href":"https:\/\/infos-droitshumains.net\/index.php?rest_route=%2Fwp%2Fv2%2Fcategories&post=10387"},{"taxonomy":"post_tag","embeddable":true,"href":"https:\/\/infos-droitshumains.net\/index.php?rest_route=%2Fwp%2Fv2%2Ftags&post=10387"}],"curies":[{"name":"wp","href":"https:\/\/api.w.org\/{rel}","templated":true}]}}