{"id":10365,"date":"2024-07-04T23:27:28","date_gmt":"2024-07-04T21:27:28","guid":{"rendered":"https:\/\/infos-droitshumains.net\/?p=10365"},"modified":"2024-07-05T12:08:21","modified_gmt":"2024-07-05T10:08:21","slug":"rdc-la-nouvelle-loi-sur-les-tribunaux-de-commerce-est-un-rendez-vous-manque-juge-patrick-mbangama","status":"publish","type":"post","link":"https:\/\/infos-droitshumains.net\/?p=10365","title":{"rendered":"RDC\u00a0: La nouvelle loi sur les tribunaux de commerce est un rendez-vous manqu\u00e9 de la r\u00e9forme tant voulue. (Juge Patrick Mbangama)"},"content":{"rendered":"\n<p><strong>R\u00e9daction: +243 817 406 088<\/strong><\/p>\n\n\n\n<h3 class=\"wp-block-heading has-vivid-red-color has-text-color has-link-color wp-elements-8cd11356bcb4e2fc0ab3179af6422dbc\">C\u2019est depuis le 10 d\u00e9cembre 2023 que la loi n\u00b0 002\/2001 du 03 Juillet 2001 portant cr\u00e9ation, organisation et fonctionnement des tribunaux de commerce a \u00e9t\u00e9 modifi\u00e9e. Entr\u00e9 en vigueur le 1<sup>er<\/sup> Mars de l\u2019ann\u00e9e en cours, ce nouveau texte apporte des innovations significatives qui modifient fondamentalement le cadre proc\u00e9dural devant les tribunaux de commerce notamment, de la saisine au prononc\u00e9 et l&rsquo;ex\u00e9cution du jugement en passant par le d\u00e9roulement de l\u2019instance.<\/h3>\n\n\n\n<p>A la lecture de ses dispositif, singuli\u00e8rement l\u2019article 21, Patrick Mbangama, juge au Tribunal de Commerce de Kinshasa\/Gombe estime que \u00a0cette nouvelle loi est un <em>\u00ab\u00a0rendez-vous manqu\u00e9 de la r\u00e9forme tant voulue\u00a0\u00bb<\/em> car dit-il, <em>\u00ab\u00a0 le l\u00e9gislateur congolais a brill\u00e9 par sa paraisse en n\u2019ayant pas sp\u00e9cifi\u00e9 les r\u00e9f\u00e9r\u00e9s commerciaux\u00a0\u00bb<\/em>. Cette opinion a \u00e9t\u00e9 \u00e9mise au cours de la matin\u00e9e scientifique sur la <strong>\u2018\u2019R\u00e9forme de la loi sur les tribunaux de commerce\u00a0: innovations et d\u00e9fis de mise en \u0153uvre\u2019\u2019<\/strong> organis\u00e9e le jeudi 4 juillet 2024 par l\u2019Union des Jeunes Avocats du Barreau de Kinshasa\/Gombe, matin\u00e9e \u00e0 laquelle Patrick MBANGAMA a pris part en qualit\u00e9 de conf\u00e9rencier.<\/p>\n\n\n\n<p><em>\u00ab&nbsp;Le rendez-vous manqu\u00e9 est cons\u00e9cutif \u00e0 l\u2019articulation des r\u00e9f\u00e9r\u00e9s commerciaux. Lorsque l\u2019on fait une analyse comparative avec le droit fran\u00e7ais, plus particuli\u00e8rement l\u2019article 482 du code fran\u00e7ais des proc\u00e9dures civiles, vous allez constater qu\u2019il y a cinq r\u00e9f\u00e9r\u00e9s commerciaux qui sont organis\u00e9s&nbsp;; mais ici chez nous, le l\u00e9gislateur n\u2019a pas fait \u00e9tat de \u00e7a et a emmur\u00e9 dans un seul article les cinq r\u00e9f\u00e9r\u00e9s commerciaux au point d\u2019en occasionner une confusion&nbsp;\u00bb<\/em>, a-t-il dit d\u00e9duisant un probl\u00e8me<em><strong> \u00ab&nbsp;l\u00e9gistique&nbsp;\u00bb<\/strong>.<\/em><\/p>\n\n\n\n<p>Chercheur et doctorant \u00e0 l\u2019Universit\u00e9 de Kinshasa, Patrick Mbangama ne reste par contre pas dubitatif, il propose en outre quelques pistes de solution afin de rem\u00e9dier \u00e0 ce d\u00e9ficit&nbsp;:<\/p>\n\n\n\n<p><em>\u00abIl faut une r\u00e9forme sur une r\u00e9forme de mani\u00e8re \u00e0 ce que la loi soit claire afin de permettre au juge de bien faire son travail et aux avocats de mieux d\u00e9fendre leurs clients. Il y a lieu d\u2019y revenir de mani\u00e8re \u00e0 sp\u00e9cifier le r\u00e9gime juridique et celui proc\u00e9dural de chaque r\u00e9f\u00e9r\u00e9 commercial&nbsp;\u00bb<\/em>, a-t-il martel\u00e9.<\/p>\n\n\n\n<p>Les modifications \u00e9tant nombreuses en termes de proc\u00e9dures, &nbsp;de d\u00e9lai de prononc\u00e9 et en termes d\u2019affaires qui rel\u00e8ve maintenant de la comp\u00e9tence exclusive des tribunaux de commerce en ce qui concerne les contentieux d\u2019ex\u00e9cution ainsi que le juge de r\u00e9f\u00e9r\u00e9, pour le juge Patrick Mabngama, plusieurs d\u00e9fis restent \u00e0 relever dont celui <em>\u00ab&nbsp;r\u00e9glementaire&nbsp;\u00bb<\/em> et celui li\u00e9 \u00e0 la <em>\u00ab&nbsp;formation permanente et continue&nbsp;\u00bb<\/em>.<\/p>\n\n\n\n<p>Jo\u00ebl Diawa<\/p>\n","protected":false},"excerpt":{"rendered":"<p>R\u00e9daction: +243 817 406 088 C\u2019est depuis le 10 d\u00e9cembre 2023 que la loi n\u00b0&#8230;<\/p>\n","protected":false},"author":2,"featured_media":10367,"comment_status":"open","ping_status":"open","sticky":false,"template":"","format":"standard","meta":{"_jetpack_memberships_contains_paid_content":false,"footnotes":""},"categories":[6],"tags":[],"class_list":["post-10365","post","type-post","status-publish","format-standard","has-post-thumbnail","hentry","category-justice"],"yoast_head":"<!-- This site is optimized with the Yoast SEO plugin v27.5 - https:\/\/yoast.com\/product\/yoast-seo-wordpress\/ -->\n<title>RDC\u00a0: La nouvelle loi sur les tribunaux de commerce est un rendez-vous manqu\u00e9 de la r\u00e9forme tant voulue. (Juge Patrick Mbangama) - Infos Droits Humains<\/title>\n<meta name=\"robots\" content=\"index, follow, max-snippet:-1, max-image-preview:large, max-video-preview:-1\" \/>\n<link rel=\"canonical\" href=\"https:\/\/infos-droitshumains.net\/?p=10365\" \/>\n<meta property=\"og:locale\" content=\"fr_FR\" \/>\n<meta property=\"og:type\" content=\"article\" \/>\n<meta property=\"og:title\" content=\"RDC\u00a0: La nouvelle loi sur les tribunaux de commerce est un rendez-vous manqu\u00e9 de la r\u00e9forme tant voulue. (Juge Patrick Mbangama) - Infos Droits Humains\" \/>\n<meta property=\"og:description\" content=\"R\u00e9daction: +243 817 406 088 C\u2019est depuis le 10 d\u00e9cembre 2023 que la loi n\u00b0...\" \/>\n<meta property=\"og:url\" content=\"https:\/\/infos-droitshumains.net\/?p=10365\" \/>\n<meta property=\"og:site_name\" content=\"Infos Droits Humains\" \/>\n<meta property=\"article:published_time\" content=\"2024-07-04T21:27:28+00:00\" \/>\n<meta property=\"article:modified_time\" content=\"2024-07-05T10:08:21+00:00\" \/>\n<meta property=\"og:image\" content=\"https:\/\/infos-droitshumains.net\/wp-content\/uploads\/2024\/07\/IMG-20240704-WA0058.jpg\" \/>\n\t<meta property=\"og:image:width\" content=\"1280\" \/>\n\t<meta property=\"og:image:height\" content=\"929\" \/>\n\t<meta property=\"og:image:type\" content=\"image\/jpeg\" \/>\n<meta name=\"author\" content=\"Jo\u00ebl Diawa\" \/>\n<meta name=\"twitter:card\" content=\"summary_large_image\" \/>\n<meta name=\"twitter:label1\" content=\"\u00c9crit par\" \/>\n\t<meta name=\"twitter:data1\" content=\"Jo\u00ebl Diawa\" \/>\n\t<meta name=\"twitter:label2\" content=\"Dur\u00e9e de lecture estim\u00e9e\" \/>\n\t<meta name=\"twitter:data2\" content=\"3 minutes\" \/>\n<script type=\"application\/ld+json\" class=\"yoast-schema-graph\">{\"@context\":\"https:\\\/\\\/schema.org\",\"@graph\":[{\"@type\":\"Article\",\"@id\":\"https:\\\/\\\/infos-droitshumains.net\\\/?p=10365#article\",\"isPartOf\":{\"@id\":\"https:\\\/\\\/infos-droitshumains.net\\\/?p=10365\"},\"author\":{\"name\":\"Jo\u00ebl Diawa\",\"@id\":\"https:\\\/\\\/infos-droitshumains.net\\\/#\\\/schema\\\/person\\\/3dc5e921c3302172e0ed4362f96faab7\"},\"headline\":\"RDC\u00a0: La nouvelle loi sur les tribunaux de commerce est un rendez-vous manqu\u00e9 de la r\u00e9forme tant voulue. (Juge Patrick Mbangama)\",\"datePublished\":\"2024-07-04T21:27:28+00:00\",\"dateModified\":\"2024-07-05T10:08:21+00:00\",\"mainEntityOfPage\":{\"@id\":\"https:\\\/\\\/infos-droitshumains.net\\\/?p=10365\"},\"wordCount\":501,\"commentCount\":0,\"publisher\":{\"@id\":\"https:\\\/\\\/infos-droitshumains.net\\\/#organization\"},\"image\":{\"@id\":\"https:\\\/\\\/infos-droitshumains.net\\\/?p=10365#primaryimage\"},\"thumbnailUrl\":\"https:\\\/\\\/i0.wp.com\\\/infos-droitshumains.net\\\/wp-content\\\/uploads\\\/2024\\\/07\\\/IMG-20240704-WA0058.jpg?fit=1280%2C929&ssl=1\",\"articleSection\":[\"Justice\"],\"inLanguage\":\"fr-FR\",\"potentialAction\":[{\"@type\":\"CommentAction\",\"name\":\"Comment\",\"target\":[\"https:\\\/\\\/infos-droitshumains.net\\\/?p=10365#respond\"]}]},{\"@type\":\"WebPage\",\"@id\":\"https:\\\/\\\/infos-droitshumains.net\\\/?p=10365\",\"url\":\"https:\\\/\\\/infos-droitshumains.net\\\/?p=10365\",\"name\":\"RDC\u00a0: La nouvelle loi sur les tribunaux de commerce est un rendez-vous manqu\u00e9 de la r\u00e9forme tant voulue. (Juge Patrick Mbangama) - Infos Droits Humains\",\"isPartOf\":{\"@id\":\"https:\\\/\\\/infos-droitshumains.net\\\/#website\"},\"primaryImageOfPage\":{\"@id\":\"https:\\\/\\\/infos-droitshumains.net\\\/?p=10365#primaryimage\"},\"image\":{\"@id\":\"https:\\\/\\\/infos-droitshumains.net\\\/?p=10365#primaryimage\"},\"thumbnailUrl\":\"https:\\\/\\\/i0.wp.com\\\/infos-droitshumains.net\\\/wp-content\\\/uploads\\\/2024\\\/07\\\/IMG-20240704-WA0058.jpg?fit=1280%2C929&ssl=1\",\"datePublished\":\"2024-07-04T21:27:28+00:00\",\"dateModified\":\"2024-07-05T10:08:21+00:00\",\"breadcrumb\":{\"@id\":\"https:\\\/\\\/infos-droitshumains.net\\\/?p=10365#breadcrumb\"},\"inLanguage\":\"fr-FR\",\"potentialAction\":[{\"@type\":\"ReadAction\",\"target\":[\"https:\\\/\\\/infos-droitshumains.net\\\/?p=10365\"]}]},{\"@type\":\"ImageObject\",\"inLanguage\":\"fr-FR\",\"@id\":\"https:\\\/\\\/infos-droitshumains.net\\\/?p=10365#primaryimage\",\"url\":\"https:\\\/\\\/i0.wp.com\\\/infos-droitshumains.net\\\/wp-content\\\/uploads\\\/2024\\\/07\\\/IMG-20240704-WA0058.jpg?fit=1280%2C929&ssl=1\",\"contentUrl\":\"https:\\\/\\\/i0.wp.com\\\/infos-droitshumains.net\\\/wp-content\\\/uploads\\\/2024\\\/07\\\/IMG-20240704-WA0058.jpg?fit=1280%2C929&ssl=1\",\"width\":1280,\"height\":929},{\"@type\":\"BreadcrumbList\",\"@id\":\"https:\\\/\\\/infos-droitshumains.net\\\/?p=10365#breadcrumb\",\"itemListElement\":[{\"@type\":\"ListItem\",\"position\":1,\"name\":\"Accueil\",\"item\":\"https:\\\/\\\/infos-droitshumains.net\\\/\"},{\"@type\":\"ListItem\",\"position\":2,\"name\":\"RDC\u00a0: La nouvelle loi sur les tribunaux de commerce est un rendez-vous manqu\u00e9 de la r\u00e9forme tant voulue. (Juge Patrick Mbangama)\"}]},{\"@type\":\"WebSite\",\"@id\":\"https:\\\/\\\/infos-droitshumains.net\\\/#website\",\"url\":\"https:\\\/\\\/infos-droitshumains.net\\\/\",\"name\":\"Infos Droits Humains\",\"description\":\"S&#039;informer est un droit\",\"publisher\":{\"@id\":\"https:\\\/\\\/infos-droitshumains.net\\\/#organization\"},\"potentialAction\":[{\"@type\":\"SearchAction\",\"target\":{\"@type\":\"EntryPoint\",\"urlTemplate\":\"https:\\\/\\\/infos-droitshumains.net\\\/?s={search_term_string}\"},\"query-input\":{\"@type\":\"PropertyValueSpecification\",\"valueRequired\":true,\"valueName\":\"search_term_string\"}}],\"inLanguage\":\"fr-FR\"},{\"@type\":\"Organization\",\"@id\":\"https:\\\/\\\/infos-droitshumains.net\\\/#organization\",\"name\":\"Infos Droits Humains\",\"url\":\"https:\\\/\\\/infos-droitshumains.net\\\/\",\"logo\":{\"@type\":\"ImageObject\",\"inLanguage\":\"fr-FR\",\"@id\":\"https:\\\/\\\/infos-droitshumains.net\\\/#\\\/schema\\\/logo\\\/image\\\/\",\"url\":\"https:\\\/\\\/i0.wp.com\\\/infos-droitshumains.net\\\/wp-content\\\/uploads\\\/2022\\\/05\\\/Logo.png?fit=333%2C129&ssl=1\",\"contentUrl\":\"https:\\\/\\\/i0.wp.com\\\/infos-droitshumains.net\\\/wp-content\\\/uploads\\\/2022\\\/05\\\/Logo.png?fit=333%2C129&ssl=1\",\"width\":333,\"height\":129,\"caption\":\"Infos Droits Humains\"},\"image\":{\"@id\":\"https:\\\/\\\/infos-droitshumains.net\\\/#\\\/schema\\\/logo\\\/image\\\/\"}},{\"@type\":\"Person\",\"@id\":\"https:\\\/\\\/infos-droitshumains.net\\\/#\\\/schema\\\/person\\\/3dc5e921c3302172e0ed4362f96faab7\",\"name\":\"Jo\u00ebl Diawa\",\"image\":{\"@type\":\"ImageObject\",\"inLanguage\":\"fr-FR\",\"@id\":\"https:\\\/\\\/secure.gravatar.com\\\/avatar\\\/729bea6ff4604c624417803c477363be8e3c7186deaa65713313f9b4b820f41c?s=96&d=mm&r=g\",\"url\":\"https:\\\/\\\/secure.gravatar.com\\\/avatar\\\/729bea6ff4604c624417803c477363be8e3c7186deaa65713313f9b4b820f41c?s=96&d=mm&r=g\",\"contentUrl\":\"https:\\\/\\\/secure.gravatar.com\\\/avatar\\\/729bea6ff4604c624417803c477363be8e3c7186deaa65713313f9b4b820f41c?s=96&d=mm&r=g\",\"caption\":\"Jo\u00ebl Diawa\"},\"sameAs\":[\"https:\\\/\\\/www.infos-droitshumains.net\"],\"url\":\"https:\\\/\\\/infos-droitshumains.net\\\/?author=2\"}]}<\/script>\n<!-- \/ Yoast SEO plugin. -->","yoast_head_json":{"title":"RDC\u00a0: La nouvelle loi sur les tribunaux de commerce est un rendez-vous manqu\u00e9 de la r\u00e9forme tant voulue. (Juge Patrick Mbangama) - Infos Droits Humains","robots":{"index":"index","follow":"follow","max-snippet":"max-snippet:-1","max-image-preview":"max-image-preview:large","max-video-preview":"max-video-preview:-1"},"canonical":"https:\/\/infos-droitshumains.net\/?p=10365","og_locale":"fr_FR","og_type":"article","og_title":"RDC\u00a0: La nouvelle loi sur les tribunaux de commerce est un rendez-vous manqu\u00e9 de la r\u00e9forme tant voulue. (Juge Patrick Mbangama) - Infos Droits Humains","og_description":"R\u00e9daction: +243 817 406 088 C\u2019est depuis le 10 d\u00e9cembre 2023 que la loi n\u00b0...","og_url":"https:\/\/infos-droitshumains.net\/?p=10365","og_site_name":"Infos Droits Humains","article_published_time":"2024-07-04T21:27:28+00:00","article_modified_time":"2024-07-05T10:08:21+00:00","og_image":[{"width":1280,"height":929,"url":"https:\/\/infos-droitshumains.net\/wp-content\/uploads\/2024\/07\/IMG-20240704-WA0058.jpg","type":"image\/jpeg"}],"author":"Jo\u00ebl Diawa","twitter_card":"summary_large_image","twitter_misc":{"\u00c9crit par":"Jo\u00ebl Diawa","Dur\u00e9e de lecture estim\u00e9e":"3 minutes"},"schema":{"@context":"https:\/\/schema.org","@graph":[{"@type":"Article","@id":"https:\/\/infos-droitshumains.net\/?p=10365#article","isPartOf":{"@id":"https:\/\/infos-droitshumains.net\/?p=10365"},"author":{"name":"Jo\u00ebl Diawa","@id":"https:\/\/infos-droitshumains.net\/#\/schema\/person\/3dc5e921c3302172e0ed4362f96faab7"},"headline":"RDC\u00a0: La nouvelle loi sur les tribunaux de commerce est un rendez-vous manqu\u00e9 de la r\u00e9forme tant voulue. (Juge Patrick Mbangama)","datePublished":"2024-07-04T21:27:28+00:00","dateModified":"2024-07-05T10:08:21+00:00","mainEntityOfPage":{"@id":"https:\/\/infos-droitshumains.net\/?p=10365"},"wordCount":501,"commentCount":0,"publisher":{"@id":"https:\/\/infos-droitshumains.net\/#organization"},"image":{"@id":"https:\/\/infos-droitshumains.net\/?p=10365#primaryimage"},"thumbnailUrl":"https:\/\/i0.wp.com\/infos-droitshumains.net\/wp-content\/uploads\/2024\/07\/IMG-20240704-WA0058.jpg?fit=1280%2C929&ssl=1","articleSection":["Justice"],"inLanguage":"fr-FR","potentialAction":[{"@type":"CommentAction","name":"Comment","target":["https:\/\/infos-droitshumains.net\/?p=10365#respond"]}]},{"@type":"WebPage","@id":"https:\/\/infos-droitshumains.net\/?p=10365","url":"https:\/\/infos-droitshumains.net\/?p=10365","name":"RDC\u00a0: La nouvelle loi sur les tribunaux de commerce est un rendez-vous manqu\u00e9 de la r\u00e9forme tant voulue. (Juge Patrick Mbangama) - Infos Droits Humains","isPartOf":{"@id":"https:\/\/infos-droitshumains.net\/#website"},"primaryImageOfPage":{"@id":"https:\/\/infos-droitshumains.net\/?p=10365#primaryimage"},"image":{"@id":"https:\/\/infos-droitshumains.net\/?p=10365#primaryimage"},"thumbnailUrl":"https:\/\/i0.wp.com\/infos-droitshumains.net\/wp-content\/uploads\/2024\/07\/IMG-20240704-WA0058.jpg?fit=1280%2C929&ssl=1","datePublished":"2024-07-04T21:27:28+00:00","dateModified":"2024-07-05T10:08:21+00:00","breadcrumb":{"@id":"https:\/\/infos-droitshumains.net\/?p=10365#breadcrumb"},"inLanguage":"fr-FR","potentialAction":[{"@type":"ReadAction","target":["https:\/\/infos-droitshumains.net\/?p=10365"]}]},{"@type":"ImageObject","inLanguage":"fr-FR","@id":"https:\/\/infos-droitshumains.net\/?p=10365#primaryimage","url":"https:\/\/i0.wp.com\/infos-droitshumains.net\/wp-content\/uploads\/2024\/07\/IMG-20240704-WA0058.jpg?fit=1280%2C929&ssl=1","contentUrl":"https:\/\/i0.wp.com\/infos-droitshumains.net\/wp-content\/uploads\/2024\/07\/IMG-20240704-WA0058.jpg?fit=1280%2C929&ssl=1","width":1280,"height":929},{"@type":"BreadcrumbList","@id":"https:\/\/infos-droitshumains.net\/?p=10365#breadcrumb","itemListElement":[{"@type":"ListItem","position":1,"name":"Accueil","item":"https:\/\/infos-droitshumains.net\/"},{"@type":"ListItem","position":2,"name":"RDC\u00a0: La nouvelle loi sur les tribunaux de commerce est un rendez-vous manqu\u00e9 de la r\u00e9forme tant voulue. (Juge Patrick Mbangama)"}]},{"@type":"WebSite","@id":"https:\/\/infos-droitshumains.net\/#website","url":"https:\/\/infos-droitshumains.net\/","name":"Infos Droits Humains","description":"S&#039;informer est un droit","publisher":{"@id":"https:\/\/infos-droitshumains.net\/#organization"},"potentialAction":[{"@type":"SearchAction","target":{"@type":"EntryPoint","urlTemplate":"https:\/\/infos-droitshumains.net\/?s={search_term_string}"},"query-input":{"@type":"PropertyValueSpecification","valueRequired":true,"valueName":"search_term_string"}}],"inLanguage":"fr-FR"},{"@type":"Organization","@id":"https:\/\/infos-droitshumains.net\/#organization","name":"Infos Droits Humains","url":"https:\/\/infos-droitshumains.net\/","logo":{"@type":"ImageObject","inLanguage":"fr-FR","@id":"https:\/\/infos-droitshumains.net\/#\/schema\/logo\/image\/","url":"https:\/\/i0.wp.com\/infos-droitshumains.net\/wp-content\/uploads\/2022\/05\/Logo.png?fit=333%2C129&ssl=1","contentUrl":"https:\/\/i0.wp.com\/infos-droitshumains.net\/wp-content\/uploads\/2022\/05\/Logo.png?fit=333%2C129&ssl=1","width":333,"height":129,"caption":"Infos Droits Humains"},"image":{"@id":"https:\/\/infos-droitshumains.net\/#\/schema\/logo\/image\/"}},{"@type":"Person","@id":"https:\/\/infos-droitshumains.net\/#\/schema\/person\/3dc5e921c3302172e0ed4362f96faab7","name":"Jo\u00ebl Diawa","image":{"@type":"ImageObject","inLanguage":"fr-FR","@id":"https:\/\/secure.gravatar.com\/avatar\/729bea6ff4604c624417803c477363be8e3c7186deaa65713313f9b4b820f41c?s=96&d=mm&r=g","url":"https:\/\/secure.gravatar.com\/avatar\/729bea6ff4604c624417803c477363be8e3c7186deaa65713313f9b4b820f41c?s=96&d=mm&r=g","contentUrl":"https:\/\/secure.gravatar.com\/avatar\/729bea6ff4604c624417803c477363be8e3c7186deaa65713313f9b4b820f41c?s=96&d=mm&r=g","caption":"Jo\u00ebl Diawa"},"sameAs":["https:\/\/www.infos-droitshumains.net"],"url":"https:\/\/infos-droitshumains.net\/?author=2"}]}},"featured_image_urls":{"full":["https:\/\/i0.wp.com\/infos-droitshumains.net\/wp-content\/uploads\/2024\/07\/IMG-20240704-WA0058.jpg?fit=1280%2C929&ssl=1",1280,929,false],"thumbnail":["https:\/\/i0.wp.com\/infos-droitshumains.net\/wp-content\/uploads\/2024\/07\/IMG-20240704-WA0058.jpg?resize=150%2C150&ssl=1",150,150,true],"medium":["https:\/\/i0.wp.com\/infos-droitshumains.net\/wp-content\/uploads\/2024\/07\/IMG-20240704-WA0058.jpg?fit=300%2C218&ssl=1",300,218,true],"medium_large":["https:\/\/i0.wp.com\/infos-droitshumains.net\/wp-content\/uploads\/2024\/07\/IMG-20240704-WA0058.jpg?fit=640%2C464&ssl=1",640,464,true],"large":["https:\/\/i0.wp.com\/infos-droitshumains.net\/wp-content\/uploads\/2024\/07\/IMG-20240704-WA0058.jpg?fit=640%2C464&ssl=1",640,464,true],"1536x1536":["https:\/\/i0.wp.com\/infos-droitshumains.net\/wp-content\/uploads\/2024\/07\/IMG-20240704-WA0058.jpg?fit=1280%2C929&ssl=1",1280,929,true],"2048x2048":["https:\/\/i0.wp.com\/infos-droitshumains.net\/wp-content\/uploads\/2024\/07\/IMG-20240704-WA0058.jpg?fit=1280%2C929&ssl=1",1280,929,true],"covernews-slider-full":["https:\/\/i0.wp.com\/infos-droitshumains.net\/wp-content\/uploads\/2024\/07\/IMG-20240704-WA0058.jpg?resize=1115%2C715&ssl=1",1115,715,true],"covernews-slider-center":["https:\/\/i0.wp.com\/infos-droitshumains.net\/wp-content\/uploads\/2024\/07\/IMG-20240704-WA0058.jpg?resize=800%2C500&ssl=1",800,500,true],"covernews-featured":["https:\/\/i0.wp.com\/infos-droitshumains.net\/wp-content\/uploads\/2024\/07\/IMG-20240704-WA0058.jpg?fit=1024%2C743&ssl=1",1024,743,true],"covernews-medium":["https:\/\/i0.wp.com\/infos-droitshumains.net\/wp-content\/uploads\/2024\/07\/IMG-20240704-WA0058.jpg?resize=540%2C340&ssl=1",540,340,true],"covernews-medium-square":["https:\/\/i0.wp.com\/infos-droitshumains.net\/wp-content\/uploads\/2024\/07\/IMG-20240704-WA0058.jpg?resize=400%2C250&ssl=1",400,250,true]},"author_info":{"display_name":"Jo\u00ebl Diawa","author_link":"https:\/\/infos-droitshumains.net\/?author=2"},"category_info":"<a href=\"https:\/\/infos-droitshumains.net\/?cat=6\" rel=\"category\">Justice<\/a>","tag_info":"Justice","comment_count":"0","jetpack_featured_media_url":"https:\/\/i0.wp.com\/infos-droitshumains.net\/wp-content\/uploads\/2024\/07\/IMG-20240704-WA0058.jpg?fit=1280%2C929&ssl=1","jetpack-related-posts":[],"jetpack_sharing_enabled":true,"_links":{"self":[{"href":"https:\/\/infos-droitshumains.net\/index.php?rest_route=\/wp\/v2\/posts\/10365","targetHints":{"allow":["GET"]}}],"collection":[{"href":"https:\/\/infos-droitshumains.net\/index.php?rest_route=\/wp\/v2\/posts"}],"about":[{"href":"https:\/\/infos-droitshumains.net\/index.php?rest_route=\/wp\/v2\/types\/post"}],"author":[{"embeddable":true,"href":"https:\/\/infos-droitshumains.net\/index.php?rest_route=\/wp\/v2\/users\/2"}],"replies":[{"embeddable":true,"href":"https:\/\/infos-droitshumains.net\/index.php?rest_route=%2Fwp%2Fv2%2Fcomments&post=10365"}],"version-history":[{"count":9,"href":"https:\/\/infos-droitshumains.net\/index.php?rest_route=\/wp\/v2\/posts\/10365\/revisions"}],"predecessor-version":[{"id":10380,"href":"https:\/\/infos-droitshumains.net\/index.php?rest_route=\/wp\/v2\/posts\/10365\/revisions\/10380"}],"wp:featuredmedia":[{"embeddable":true,"href":"https:\/\/infos-droitshumains.net\/index.php?rest_route=\/wp\/v2\/media\/10367"}],"wp:attachment":[{"href":"https:\/\/infos-droitshumains.net\/index.php?rest_route=%2Fwp%2Fv2%2Fmedia&parent=10365"}],"wp:term":[{"taxonomy":"category","embeddable":true,"href":"https:\/\/infos-droitshumains.net\/index.php?rest_route=%2Fwp%2Fv2%2Fcategories&post=10365"},{"taxonomy":"post_tag","embeddable":true,"href":"https:\/\/infos-droitshumains.net\/index.php?rest_route=%2Fwp%2Fv2%2Ftags&post=10365"}],"curies":[{"name":"wp","href":"https:\/\/api.w.org\/{rel}","templated":true}]}}