{"id":10324,"date":"2024-07-04T21:23:49","date_gmt":"2024-07-04T19:23:49","guid":{"rendered":"https:\/\/infos-droitshumains.net\/?p=10324"},"modified":"2024-07-04T22:47:38","modified_gmt":"2024-07-04T20:47:38","slug":"rdc-luja-du-barreau-de-kinshasa-gombe-outille-les-avocats-sur-les-innovations-de-la-nouvelle-loi-sur-les-tribunaux-de-commerce","status":"publish","type":"post","link":"https:\/\/infos-droitshumains.net\/?p=10324","title":{"rendered":"RDC\u00a0: l\u2019UJA du Barreau de Kinshasa\/Gombe outille les avocats sur les innovations de la nouvelle loi sur les tribunaux de commerce"},"content":{"rendered":"\n<p><strong>R\u00e9daction: +243 817 406 088<\/strong><\/p>\n\n\n\n<h3 class=\"wp-block-heading has-vivid-red-color has-text-color has-link-color wp-elements-15728aa2b908f3bfd66b883bf67ce8e4\">Apr\u00e8s 22 ans d\u2019application, la loi n\u00b0 002\/2001 du 03 Juillet 2001 portant cr\u00e9ation, organisation et fonctionnement des tribunaux de commerce a \u00e9t\u00e9 modifi\u00e9e le 10 d\u00e9cembre 2023 apportant ainsi plusieurs innovations. Afin de permettre aux avocats en g\u00e9n\u00e9ral et les jeunes avocats en particulier de s\u2019impr\u00e9gner de ce nouveau texte, l\u2019Union des Jeunes Avocats du Barreau de Kinshasa\/Gombe (UJABKG) sous le patronage du B\u00e2tonnier et du Conseil de l\u2019Ordre a organis\u00e9 ce jeudi 4 juillet 2024 \u00e0 Kinshasa, une matin\u00e9e scientifique.<\/h3>\n\n\n\n<p>Plus de 300 participants venus de tous les coins de la capitale ont ergot\u00e9 sur La <strong>\u2018\u2019R\u00e9forme de la loi sur les tribunaux de commerce\u00a0: innovations et d\u00e9fis de mise en \u0153uvre.\u2019\u2019<\/strong><\/p>\n\n\n\n<figure class=\"wp-block-image alignfull size-large\"><img data-recalc-dims=\"1\" fetchpriority=\"high\" decoding=\"async\" width=\"640\" height=\"427\" src=\"https:\/\/i0.wp.com\/infos-droitshumains.net\/wp-content\/uploads\/2024\/07\/IMG-20240704-WA0091.jpg?resize=640%2C427&#038;ssl=1\" alt=\"\" class=\"wp-image-10328\" srcset=\"https:\/\/i0.wp.com\/infos-droitshumains.net\/wp-content\/uploads\/2024\/07\/IMG-20240704-WA0091.jpg?resize=1024%2C683&amp;ssl=1 1024w, https:\/\/i0.wp.com\/infos-droitshumains.net\/wp-content\/uploads\/2024\/07\/IMG-20240704-WA0091.jpg?resize=300%2C200&amp;ssl=1 300w, https:\/\/i0.wp.com\/infos-droitshumains.net\/wp-content\/uploads\/2024\/07\/IMG-20240704-WA0091.jpg?resize=768%2C512&amp;ssl=1 768w, https:\/\/i0.wp.com\/infos-droitshumains.net\/wp-content\/uploads\/2024\/07\/IMG-20240704-WA0091.jpg?w=1032&amp;ssl=1 1032w\" sizes=\"(max-width: 640px) 100vw, 640px\" \/><figcaption class=\"wp-element-caption\">Aper\u00e7u g\u00e9n\u00e9ral des participants \u00e0 la matin\u00e9e<br>scientifique organis\u00e9e par l&rsquo;UJABKG<\/figcaption><\/figure>\n\n\n\n<figure class=\"wp-block-image alignfull size-large\"><img data-recalc-dims=\"1\" decoding=\"async\" width=\"640\" height=\"427\" src=\"https:\/\/i0.wp.com\/infos-droitshumains.net\/wp-content\/uploads\/2024\/07\/IMG-20240704-WA0092.jpg?resize=640%2C427&#038;ssl=1\" alt=\"\" class=\"wp-image-10329\" srcset=\"https:\/\/i0.wp.com\/infos-droitshumains.net\/wp-content\/uploads\/2024\/07\/IMG-20240704-WA0092.jpg?resize=1024%2C683&amp;ssl=1 1024w, https:\/\/i0.wp.com\/infos-droitshumains.net\/wp-content\/uploads\/2024\/07\/IMG-20240704-WA0092.jpg?resize=300%2C200&amp;ssl=1 300w, https:\/\/i0.wp.com\/infos-droitshumains.net\/wp-content\/uploads\/2024\/07\/IMG-20240704-WA0092.jpg?resize=768%2C512&amp;ssl=1 768w, https:\/\/i0.wp.com\/infos-droitshumains.net\/wp-content\/uploads\/2024\/07\/IMG-20240704-WA0092.jpg?w=1032&amp;ssl=1 1032w\" sizes=\"(max-width: 640px) 100vw, 640px\" \/><figcaption class=\"wp-element-caption\">Aper\u00e7u g\u00e9n\u00e9ral des participants \u00e0 la matin\u00e9e<br>scientifique organis\u00e9e par l&rsquo;UJABKG<\/figcaption><\/figure>\n\n\n\n<p>Le B\u00e2tonnier de l\u2019ordre du Barreau de Kinshasa\/Gombe, l\u2019un des conf\u00e9renciers, a abord\u00e9 l\u2019aspect d\u00e9ontologique de l\u2019impact de cette loi sur la profession d\u2019avocat. Me. Jean-Claude Mbaki Siluzaku qui a insist\u00e9 sur la num\u00e9risation de la profession estime qu\u2019il a fallu <em>\u00ab\u00a0mettre \u00e0 jour les avocats du barreau de Kinshasa\/Gombe sur la question\u2026 pour ne pas \u00eatre \u00e0 marge de la l\u00e9gislation\u00a0\u00bb.<\/em><\/p>\n\n\n\n<p><em>\u00ab\u00a0Nous avons \u00e9chang\u00e9 sur les innovations et ses impacts dans l\u2019exercice de la profession surtout les r\u00e8gles d\u00e9ontologiques\u2026 Les avocats doivent s\u2019impr\u00e9gner de ces modifications parce que ce sont des modifications de taille et qui touchent r\u00e9guli\u00e8rement \u00e0 l\u2019exercice de la profession d\u2019avocat.\u00a0 Aussi, il y a des dispositions qui tranchent avec nos r\u00e8gles d\u00e9ontologiques et avec certaines dispositions de la loi organique sur les barreaux. Ils (les jeunes avocats) doivent en principe s\u2019affirmer, s\u2019informer pour qu\u2019ils puissent \u00e9viter toute action disciplinaire\u00a0\u00bb<\/em>, a-t-il insist\u00e9.<\/p>\n\n\n\n<figure class=\"wp-block-image alignfull size-large\"><img data-recalc-dims=\"1\" decoding=\"async\" width=\"640\" height=\"718\" src=\"https:\/\/i0.wp.com\/infos-droitshumains.net\/wp-content\/uploads\/2024\/07\/IMG-20240704-WA0063.jpg?resize=640%2C718&#038;ssl=1\" alt=\"\" class=\"wp-image-10330\" srcset=\"https:\/\/i0.wp.com\/infos-droitshumains.net\/wp-content\/uploads\/2024\/07\/IMG-20240704-WA0063.jpg?resize=913%2C1024&amp;ssl=1 913w, https:\/\/i0.wp.com\/infos-droitshumains.net\/wp-content\/uploads\/2024\/07\/IMG-20240704-WA0063.jpg?resize=267%2C300&amp;ssl=1 267w, https:\/\/i0.wp.com\/infos-droitshumains.net\/wp-content\/uploads\/2024\/07\/IMG-20240704-WA0063.jpg?resize=768%2C862&amp;ssl=1 768w, https:\/\/i0.wp.com\/infos-droitshumains.net\/wp-content\/uploads\/2024\/07\/IMG-20240704-WA0063.jpg?resize=1024%2C1149&amp;ssl=1 1024w, https:\/\/i0.wp.com\/infos-droitshumains.net\/wp-content\/uploads\/2024\/07\/IMG-20240704-WA0063.jpg?w=1108&amp;ssl=1 1108w\" sizes=\"(max-width: 640px) 100vw, 640px\" \/><figcaption class=\"wp-element-caption\">Le B\u00e2tonnier Jean-Claude Mbaki lors de son expos\u00e9<br>\u00e0 la matin\u00e9e scientifique de l&rsquo;UJA\/BKG<\/figcaption><\/figure>\n\n\n\n<p>Juge au tribunal de commerce de Kinshasa\/Gombe, Patrick Mbangama qui a aussi fait partie des conf\u00e9renciers estime que cette nouvelle loi est un rendez-vous manqu\u00e9 de la r\u00e9forme tant voulu car \u00e0 l\u2019en croire, <em>\u00ab&nbsp;le l\u00e9gislateur congolais a brill\u00e9 par sa paraisse en n\u2019ayant pas sp\u00e9cifi\u00e9 les r\u00e9f\u00e9r\u00e9s commerciaux&nbsp;\u00bb<\/em> comparativement \u00e0 la loi fran\u00e7aise.<\/p>\n\n\n\n<p>Patrick Mbangama a par ailleurs relev\u00e9 certaines modifications sont en <em>\u00ab\u00a0termes de proc\u00e9dures, en termes de d\u00e9lai de prononc\u00e9, en termes d\u2019affaires qui rel\u00e8ve maintenant de la comp\u00e9tence exclusive des tribunaux de commerce en ce qui concerne les contentieux d\u2019ex\u00e9cution ainsi que le juge de r\u00e9f\u00e9r\u00e9\u00a0\u00bb<\/em>.<\/p>\n\n\n\n<figure class=\"wp-block-image alignfull size-large\"><img data-recalc-dims=\"1\" loading=\"lazy\" decoding=\"async\" width=\"640\" height=\"687\" src=\"https:\/\/i0.wp.com\/infos-droitshumains.net\/wp-content\/uploads\/2024\/07\/IMG-20240704-WA0083.jpg?resize=640%2C687&#038;ssl=1\" alt=\"\" class=\"wp-image-10331\" srcset=\"https:\/\/i0.wp.com\/infos-droitshumains.net\/wp-content\/uploads\/2024\/07\/IMG-20240704-WA0083.jpg?resize=954%2C1024&amp;ssl=1 954w, https:\/\/i0.wp.com\/infos-droitshumains.net\/wp-content\/uploads\/2024\/07\/IMG-20240704-WA0083.jpg?resize=279%2C300&amp;ssl=1 279w, https:\/\/i0.wp.com\/infos-droitshumains.net\/wp-content\/uploads\/2024\/07\/IMG-20240704-WA0083.jpg?resize=768%2C825&amp;ssl=1 768w, https:\/\/i0.wp.com\/infos-droitshumains.net\/wp-content\/uploads\/2024\/07\/IMG-20240704-WA0083.jpg?resize=1024%2C1100&amp;ssl=1 1024w, https:\/\/i0.wp.com\/infos-droitshumains.net\/wp-content\/uploads\/2024\/07\/IMG-20240704-WA0083.jpg?w=1192&amp;ssl=1 1192w\" sizes=\"(max-width: 640px) 100vw, 640px\" \/><figcaption class=\"wp-element-caption\">Le juge Patrick Mbangama lors de son expos\u00e9<br>\u00e0 la matin\u00e9e scientifique de l&rsquo;UJA\/BKG<\/figcaption><\/figure>\n\n\n\n<p>Pour l\u2019organisatrice, l\u2019objet de la matin\u00e9e a \u00e9t\u00e9 largement atteint dans la mesure o\u00f9, les participants ont pris connaissance des innovations apport\u00e9es par cette loi.<\/p>\n\n\n\n<p><em>\u00ab\u00a0Nous sommes une association qui milite pour la formation et la vie professionnelle du jeune avocat. C\u2019est en ce sens que le jeune avocat doit \u00eatre bien trait\u00e9 dans son cabinet, il doit avoir un bon encadrement de ses formateurs, des membres de son cabinet. C\u2019est dans ce sens que nous organisons des matin\u00e9es scientifiques\u00a0 pour avoir des \u00e9changes et pouvoir accroitre nos connaissances et nous familiariser entre nous aussi parce que chacun de nous \u00e0 une exp\u00e9rience \u00e0 apporter \u00e0 l\u2019autre. Pour aujourd\u2019hui, avec la r\u00e9forme des tribunaux de commerce, il \u00e9tait important que nous sachions les innovations et aussi les d\u00e9fis \u00e0 relever par rapport \u00e0 cette nouvelle loi\u00a0\u00bb<\/em>, a d\u00e9clar\u00e9 Camille Yuma, Pr\u00e9sident de l\u2019UJA du Barreau de Kinshasa\/Gombe.<\/p>\n\n\n\n<figure class=\"wp-block-image alignfull size-large\"><img data-recalc-dims=\"1\" loading=\"lazy\" decoding=\"async\" width=\"640\" height=\"427\" src=\"https:\/\/i0.wp.com\/infos-droitshumains.net\/wp-content\/uploads\/2024\/07\/IMG-20240704-WA0065.jpg?resize=640%2C427&#038;ssl=1\" alt=\"\" class=\"wp-image-10332\" srcset=\"https:\/\/i0.wp.com\/infos-droitshumains.net\/wp-content\/uploads\/2024\/07\/IMG-20240704-WA0065.jpg?resize=1024%2C683&amp;ssl=1 1024w, https:\/\/i0.wp.com\/infos-droitshumains.net\/wp-content\/uploads\/2024\/07\/IMG-20240704-WA0065.jpg?resize=300%2C200&amp;ssl=1 300w, https:\/\/i0.wp.com\/infos-droitshumains.net\/wp-content\/uploads\/2024\/07\/IMG-20240704-WA0065.jpg?resize=768%2C512&amp;ssl=1 768w, https:\/\/i0.wp.com\/infos-droitshumains.net\/wp-content\/uploads\/2024\/07\/IMG-20240704-WA0065.jpg?resize=1536%2C1024&amp;ssl=1 1536w, https:\/\/i0.wp.com\/infos-droitshumains.net\/wp-content\/uploads\/2024\/07\/IMG-20240704-WA0065.jpg?resize=2048%2C1365&amp;ssl=1 2048w, https:\/\/i0.wp.com\/infos-droitshumains.net\/wp-content\/uploads\/2024\/07\/IMG-20240704-WA0065.jpg?w=1280&amp;ssl=1 1280w, https:\/\/i0.wp.com\/infos-droitshumains.net\/wp-content\/uploads\/2024\/07\/IMG-20240704-WA0065.jpg?w=1920&amp;ssl=1 1920w\" sizes=\"(max-width: 640px) 100vw, 640px\" \/><figcaption class=\"wp-element-caption\">Me. Camille Yuma, Pr\u00e9sident de l&rsquo;UJA\/BKG  pronon\u00e7ant le mot<br>de cl\u00f4ture de la matin\u00e9e scientifique<\/figcaption><\/figure>\n\n\n\n<p>&nbsp;Cette matin\u00e9e scientifique a \u00e9t\u00e9 parrain\u00e9e par le B\u00e2tonnier et le Conseil de l\u2019Ordre dont l\u2019implication sans faille aux cot\u00e9 du jeune avocat est tr\u00e8s remarquable&nbsp;:<\/p>\n\n\n\n<p><em>\u00ab\u00a0Je pars d\u2019un principe simple qui voudrait que les bons jeunes avocats d\u2019aujourd\u2019hui soient des excellents patrons des cabinets demain. Donc, j\u2019estime qu\u2019il s\u2019agit de s\u2019inscrire dans la logique de formation continue \u00e0 la base jusqu\u2019au sommet pour offrir \u00e0 nos diff\u00e9rents clients, des avocats d\u2019une comp\u00e9tence tr\u00e8s av\u00e9r\u00e9e\u00a0\u00bb<\/em>, a r\u00e9v\u00e9l\u00e9 Me. Junior Kapuya Meleka, Secr\u00e9taire de l\u2019Ordre du Barreau de Kinshasa\/Gombe.<\/p>\n\n\n\n<figure class=\"wp-block-image alignfull size-large\"><img data-recalc-dims=\"1\" loading=\"lazy\" decoding=\"async\" width=\"640\" height=\"427\" src=\"https:\/\/i0.wp.com\/infos-droitshumains.net\/wp-content\/uploads\/2024\/07\/IMG-20240704-WA0054.jpg?resize=640%2C427&#038;ssl=1\" alt=\"\" class=\"wp-image-10334\" srcset=\"https:\/\/i0.wp.com\/infos-droitshumains.net\/wp-content\/uploads\/2024\/07\/IMG-20240704-WA0054.jpg?resize=1024%2C683&amp;ssl=1 1024w, https:\/\/i0.wp.com\/infos-droitshumains.net\/wp-content\/uploads\/2024\/07\/IMG-20240704-WA0054.jpg?resize=300%2C200&amp;ssl=1 300w, https:\/\/i0.wp.com\/infos-droitshumains.net\/wp-content\/uploads\/2024\/07\/IMG-20240704-WA0054.jpg?resize=768%2C512&amp;ssl=1 768w, https:\/\/i0.wp.com\/infos-droitshumains.net\/wp-content\/uploads\/2024\/07\/IMG-20240704-WA0054.jpg?w=1032&amp;ssl=1 1032w\" sizes=\"(max-width: 640px) 100vw, 640px\" \/><figcaption class=\"wp-element-caption\">Me. Junior Kapuya, Secr\u00e9taire de l&rsquo;Ordre du Barreau de Kinshasa\/Gombe<br>face aux journalistes \u00e0 la fin de la matin\u00e9e scientifique<\/figcaption><\/figure>\n\n\n\n<p>Sur les 43 articles de l\u2019ancienne loi, il y a 22 qui ont \u00e9t\u00e9 modifi\u00e9s, 23 ajout\u00e9s, 1 supprim\u00e9. Au sortir de cette conf\u00e9rence, les participants qui \u00e9taient entrain avec quelques insuffisances, disent en sortir outill\u00e9s avec une parfaite ma\u00eetrise sur la proc\u00e9dure devant le tribunal de commerce.<\/p>\n\n\n\n<p>Jo\u00ebl Diawa<\/p>\n","protected":false},"excerpt":{"rendered":"<p>R\u00e9daction: +243 817 406 088 Apr\u00e8s 22 ans d\u2019application, la loi n\u00b0 002\/2001 du 03&#8230;<\/p>\n","protected":false},"author":2,"featured_media":10325,"comment_status":"open","ping_status":"open","sticky":false,"template":"","format":"standard","meta":{"_jetpack_memberships_contains_paid_content":false,"footnotes":""},"categories":[6],"tags":[],"class_list":["post-10324","post","type-post","status-publish","format-standard","has-post-thumbnail","hentry","category-justice"],"yoast_head":"<!-- This site is optimized with the Yoast SEO plugin v27.5 - https:\/\/yoast.com\/product\/yoast-seo-wordpress\/ -->\n<title>RDC\u00a0: l\u2019UJA du Barreau de Kinshasa\/Gombe outille les avocats sur les innovations de la nouvelle loi sur les tribunaux de commerce - Infos Droits Humains<\/title>\n<meta name=\"robots\" content=\"index, follow, max-snippet:-1, max-image-preview:large, max-video-preview:-1\" \/>\n<link rel=\"canonical\" href=\"https:\/\/infos-droitshumains.net\/?p=10324\" \/>\n<meta property=\"og:locale\" content=\"fr_FR\" \/>\n<meta property=\"og:type\" content=\"article\" \/>\n<meta property=\"og:title\" content=\"RDC\u00a0: l\u2019UJA du Barreau de Kinshasa\/Gombe outille les avocats sur les innovations de la nouvelle loi sur les tribunaux de commerce - Infos Droits Humains\" \/>\n<meta property=\"og:description\" content=\"R\u00e9daction: +243 817 406 088 Apr\u00e8s 22 ans d\u2019application, la loi n\u00b0 002\/2001 du 03...\" \/>\n<meta property=\"og:url\" content=\"https:\/\/infos-droitshumains.net\/?p=10324\" \/>\n<meta property=\"og:site_name\" content=\"Infos Droits Humains\" \/>\n<meta property=\"article:published_time\" content=\"2024-07-04T19:23:49+00:00\" \/>\n<meta property=\"article:modified_time\" content=\"2024-07-04T20:47:38+00:00\" \/>\n<meta property=\"og:image\" content=\"https:\/\/infos-droitshumains.net\/wp-content\/uploads\/2024\/07\/IMG-20240704-WA0080.jpg\" \/>\n\t<meta property=\"og:image:width\" content=\"2064\" \/>\n\t<meta property=\"og:image:height\" content=\"1376\" \/>\n\t<meta property=\"og:image:type\" content=\"image\/jpeg\" \/>\n<meta name=\"author\" content=\"Jo\u00ebl Diawa\" \/>\n<meta name=\"twitter:card\" content=\"summary_large_image\" \/>\n<meta name=\"twitter:label1\" content=\"\u00c9crit par\" \/>\n\t<meta name=\"twitter:data1\" content=\"Jo\u00ebl Diawa\" \/>\n\t<meta name=\"twitter:label2\" content=\"Dur\u00e9e de lecture estim\u00e9e\" \/>\n\t<meta name=\"twitter:data2\" content=\"6 minutes\" \/>\n<script type=\"application\/ld+json\" class=\"yoast-schema-graph\">{\"@context\":\"https:\\\/\\\/schema.org\",\"@graph\":[{\"@type\":\"Article\",\"@id\":\"https:\\\/\\\/infos-droitshumains.net\\\/?p=10324#article\",\"isPartOf\":{\"@id\":\"https:\\\/\\\/infos-droitshumains.net\\\/?p=10324\"},\"author\":{\"name\":\"Jo\u00ebl Diawa\",\"@id\":\"https:\\\/\\\/infos-droitshumains.net\\\/#\\\/schema\\\/person\\\/3dc5e921c3302172e0ed4362f96faab7\"},\"headline\":\"RDC\u00a0: l\u2019UJA du Barreau de Kinshasa\\\/Gombe outille les avocats sur les innovations de la nouvelle loi sur les tribunaux de commerce\",\"datePublished\":\"2024-07-04T19:23:49+00:00\",\"dateModified\":\"2024-07-04T20:47:38+00:00\",\"mainEntityOfPage\":{\"@id\":\"https:\\\/\\\/infos-droitshumains.net\\\/?p=10324\"},\"wordCount\":859,\"commentCount\":3,\"publisher\":{\"@id\":\"https:\\\/\\\/infos-droitshumains.net\\\/#organization\"},\"image\":{\"@id\":\"https:\\\/\\\/infos-droitshumains.net\\\/?p=10324#primaryimage\"},\"thumbnailUrl\":\"https:\\\/\\\/i0.wp.com\\\/infos-droitshumains.net\\\/wp-content\\\/uploads\\\/2024\\\/07\\\/IMG-20240704-WA0080.jpg?fit=2064%2C1376&ssl=1\",\"articleSection\":[\"Justice\"],\"inLanguage\":\"fr-FR\",\"potentialAction\":[{\"@type\":\"CommentAction\",\"name\":\"Comment\",\"target\":[\"https:\\\/\\\/infos-droitshumains.net\\\/?p=10324#respond\"]}]},{\"@type\":\"WebPage\",\"@id\":\"https:\\\/\\\/infos-droitshumains.net\\\/?p=10324\",\"url\":\"https:\\\/\\\/infos-droitshumains.net\\\/?p=10324\",\"name\":\"RDC\u00a0: l\u2019UJA du Barreau de Kinshasa\\\/Gombe outille les avocats sur les innovations de la nouvelle loi sur les tribunaux de commerce - Infos Droits Humains\",\"isPartOf\":{\"@id\":\"https:\\\/\\\/infos-droitshumains.net\\\/#website\"},\"primaryImageOfPage\":{\"@id\":\"https:\\\/\\\/infos-droitshumains.net\\\/?p=10324#primaryimage\"},\"image\":{\"@id\":\"https:\\\/\\\/infos-droitshumains.net\\\/?p=10324#primaryimage\"},\"thumbnailUrl\":\"https:\\\/\\\/i0.wp.com\\\/infos-droitshumains.net\\\/wp-content\\\/uploads\\\/2024\\\/07\\\/IMG-20240704-WA0080.jpg?fit=2064%2C1376&ssl=1\",\"datePublished\":\"2024-07-04T19:23:49+00:00\",\"dateModified\":\"2024-07-04T20:47:38+00:00\",\"breadcrumb\":{\"@id\":\"https:\\\/\\\/infos-droitshumains.net\\\/?p=10324#breadcrumb\"},\"inLanguage\":\"fr-FR\",\"potentialAction\":[{\"@type\":\"ReadAction\",\"target\":[\"https:\\\/\\\/infos-droitshumains.net\\\/?p=10324\"]}]},{\"@type\":\"ImageObject\",\"inLanguage\":\"fr-FR\",\"@id\":\"https:\\\/\\\/infos-droitshumains.net\\\/?p=10324#primaryimage\",\"url\":\"https:\\\/\\\/i0.wp.com\\\/infos-droitshumains.net\\\/wp-content\\\/uploads\\\/2024\\\/07\\\/IMG-20240704-WA0080.jpg?fit=2064%2C1376&ssl=1\",\"contentUrl\":\"https:\\\/\\\/i0.wp.com\\\/infos-droitshumains.net\\\/wp-content\\\/uploads\\\/2024\\\/07\\\/IMG-20240704-WA0080.jpg?fit=2064%2C1376&ssl=1\",\"width\":2064,\"height\":1376},{\"@type\":\"BreadcrumbList\",\"@id\":\"https:\\\/\\\/infos-droitshumains.net\\\/?p=10324#breadcrumb\",\"itemListElement\":[{\"@type\":\"ListItem\",\"position\":1,\"name\":\"Accueil\",\"item\":\"https:\\\/\\\/infos-droitshumains.net\\\/\"},{\"@type\":\"ListItem\",\"position\":2,\"name\":\"RDC\u00a0: l\u2019UJA du Barreau de Kinshasa\\\/Gombe outille les avocats sur les innovations de la nouvelle loi sur les tribunaux de commerce\"}]},{\"@type\":\"WebSite\",\"@id\":\"https:\\\/\\\/infos-droitshumains.net\\\/#website\",\"url\":\"https:\\\/\\\/infos-droitshumains.net\\\/\",\"name\":\"Infos Droits Humains\",\"description\":\"S&#039;informer est un droit\",\"publisher\":{\"@id\":\"https:\\\/\\\/infos-droitshumains.net\\\/#organization\"},\"potentialAction\":[{\"@type\":\"SearchAction\",\"target\":{\"@type\":\"EntryPoint\",\"urlTemplate\":\"https:\\\/\\\/infos-droitshumains.net\\\/?s={search_term_string}\"},\"query-input\":{\"@type\":\"PropertyValueSpecification\",\"valueRequired\":true,\"valueName\":\"search_term_string\"}}],\"inLanguage\":\"fr-FR\"},{\"@type\":\"Organization\",\"@id\":\"https:\\\/\\\/infos-droitshumains.net\\\/#organization\",\"name\":\"Infos Droits Humains\",\"url\":\"https:\\\/\\\/infos-droitshumains.net\\\/\",\"logo\":{\"@type\":\"ImageObject\",\"inLanguage\":\"fr-FR\",\"@id\":\"https:\\\/\\\/infos-droitshumains.net\\\/#\\\/schema\\\/logo\\\/image\\\/\",\"url\":\"https:\\\/\\\/i0.wp.com\\\/infos-droitshumains.net\\\/wp-content\\\/uploads\\\/2022\\\/05\\\/Logo.png?fit=333%2C129&ssl=1\",\"contentUrl\":\"https:\\\/\\\/i0.wp.com\\\/infos-droitshumains.net\\\/wp-content\\\/uploads\\\/2022\\\/05\\\/Logo.png?fit=333%2C129&ssl=1\",\"width\":333,\"height\":129,\"caption\":\"Infos Droits Humains\"},\"image\":{\"@id\":\"https:\\\/\\\/infos-droitshumains.net\\\/#\\\/schema\\\/logo\\\/image\\\/\"}},{\"@type\":\"Person\",\"@id\":\"https:\\\/\\\/infos-droitshumains.net\\\/#\\\/schema\\\/person\\\/3dc5e921c3302172e0ed4362f96faab7\",\"name\":\"Jo\u00ebl Diawa\",\"image\":{\"@type\":\"ImageObject\",\"inLanguage\":\"fr-FR\",\"@id\":\"https:\\\/\\\/secure.gravatar.com\\\/avatar\\\/729bea6ff4604c624417803c477363be8e3c7186deaa65713313f9b4b820f41c?s=96&d=mm&r=g\",\"url\":\"https:\\\/\\\/secure.gravatar.com\\\/avatar\\\/729bea6ff4604c624417803c477363be8e3c7186deaa65713313f9b4b820f41c?s=96&d=mm&r=g\",\"contentUrl\":\"https:\\\/\\\/secure.gravatar.com\\\/avatar\\\/729bea6ff4604c624417803c477363be8e3c7186deaa65713313f9b4b820f41c?s=96&d=mm&r=g\",\"caption\":\"Jo\u00ebl Diawa\"},\"sameAs\":[\"https:\\\/\\\/www.infos-droitshumains.net\"],\"url\":\"https:\\\/\\\/infos-droitshumains.net\\\/?author=2\"}]}<\/script>\n<!-- \/ Yoast SEO plugin. -->","yoast_head_json":{"title":"RDC\u00a0: l\u2019UJA du Barreau de Kinshasa\/Gombe outille les avocats sur les innovations de la nouvelle loi sur les tribunaux de commerce - Infos Droits Humains","robots":{"index":"index","follow":"follow","max-snippet":"max-snippet:-1","max-image-preview":"max-image-preview:large","max-video-preview":"max-video-preview:-1"},"canonical":"https:\/\/infos-droitshumains.net\/?p=10324","og_locale":"fr_FR","og_type":"article","og_title":"RDC\u00a0: l\u2019UJA du Barreau de Kinshasa\/Gombe outille les avocats sur les innovations de la nouvelle loi sur les tribunaux de commerce - Infos Droits Humains","og_description":"R\u00e9daction: +243 817 406 088 Apr\u00e8s 22 ans d\u2019application, la loi n\u00b0 002\/2001 du 03...","og_url":"https:\/\/infos-droitshumains.net\/?p=10324","og_site_name":"Infos Droits Humains","article_published_time":"2024-07-04T19:23:49+00:00","article_modified_time":"2024-07-04T20:47:38+00:00","og_image":[{"width":2064,"height":1376,"url":"https:\/\/infos-droitshumains.net\/wp-content\/uploads\/2024\/07\/IMG-20240704-WA0080.jpg","type":"image\/jpeg"}],"author":"Jo\u00ebl Diawa","twitter_card":"summary_large_image","twitter_misc":{"\u00c9crit par":"Jo\u00ebl Diawa","Dur\u00e9e de lecture estim\u00e9e":"6 minutes"},"schema":{"@context":"https:\/\/schema.org","@graph":[{"@type":"Article","@id":"https:\/\/infos-droitshumains.net\/?p=10324#article","isPartOf":{"@id":"https:\/\/infos-droitshumains.net\/?p=10324"},"author":{"name":"Jo\u00ebl Diawa","@id":"https:\/\/infos-droitshumains.net\/#\/schema\/person\/3dc5e921c3302172e0ed4362f96faab7"},"headline":"RDC\u00a0: l\u2019UJA du Barreau de Kinshasa\/Gombe outille les avocats sur les innovations de la nouvelle loi sur les tribunaux de commerce","datePublished":"2024-07-04T19:23:49+00:00","dateModified":"2024-07-04T20:47:38+00:00","mainEntityOfPage":{"@id":"https:\/\/infos-droitshumains.net\/?p=10324"},"wordCount":859,"commentCount":3,"publisher":{"@id":"https:\/\/infos-droitshumains.net\/#organization"},"image":{"@id":"https:\/\/infos-droitshumains.net\/?p=10324#primaryimage"},"thumbnailUrl":"https:\/\/i0.wp.com\/infos-droitshumains.net\/wp-content\/uploads\/2024\/07\/IMG-20240704-WA0080.jpg?fit=2064%2C1376&ssl=1","articleSection":["Justice"],"inLanguage":"fr-FR","potentialAction":[{"@type":"CommentAction","name":"Comment","target":["https:\/\/infos-droitshumains.net\/?p=10324#respond"]}]},{"@type":"WebPage","@id":"https:\/\/infos-droitshumains.net\/?p=10324","url":"https:\/\/infos-droitshumains.net\/?p=10324","name":"RDC\u00a0: l\u2019UJA du Barreau de Kinshasa\/Gombe outille les avocats sur les innovations de la nouvelle loi sur les tribunaux de commerce - Infos Droits Humains","isPartOf":{"@id":"https:\/\/infos-droitshumains.net\/#website"},"primaryImageOfPage":{"@id":"https:\/\/infos-droitshumains.net\/?p=10324#primaryimage"},"image":{"@id":"https:\/\/infos-droitshumains.net\/?p=10324#primaryimage"},"thumbnailUrl":"https:\/\/i0.wp.com\/infos-droitshumains.net\/wp-content\/uploads\/2024\/07\/IMG-20240704-WA0080.jpg?fit=2064%2C1376&ssl=1","datePublished":"2024-07-04T19:23:49+00:00","dateModified":"2024-07-04T20:47:38+00:00","breadcrumb":{"@id":"https:\/\/infos-droitshumains.net\/?p=10324#breadcrumb"},"inLanguage":"fr-FR","potentialAction":[{"@type":"ReadAction","target":["https:\/\/infos-droitshumains.net\/?p=10324"]}]},{"@type":"ImageObject","inLanguage":"fr-FR","@id":"https:\/\/infos-droitshumains.net\/?p=10324#primaryimage","url":"https:\/\/i0.wp.com\/infos-droitshumains.net\/wp-content\/uploads\/2024\/07\/IMG-20240704-WA0080.jpg?fit=2064%2C1376&ssl=1","contentUrl":"https:\/\/i0.wp.com\/infos-droitshumains.net\/wp-content\/uploads\/2024\/07\/IMG-20240704-WA0080.jpg?fit=2064%2C1376&ssl=1","width":2064,"height":1376},{"@type":"BreadcrumbList","@id":"https:\/\/infos-droitshumains.net\/?p=10324#breadcrumb","itemListElement":[{"@type":"ListItem","position":1,"name":"Accueil","item":"https:\/\/infos-droitshumains.net\/"},{"@type":"ListItem","position":2,"name":"RDC\u00a0: l\u2019UJA du Barreau de Kinshasa\/Gombe outille les avocats sur les innovations de la nouvelle loi sur les tribunaux de commerce"}]},{"@type":"WebSite","@id":"https:\/\/infos-droitshumains.net\/#website","url":"https:\/\/infos-droitshumains.net\/","name":"Infos Droits Humains","description":"S&#039;informer est un droit","publisher":{"@id":"https:\/\/infos-droitshumains.net\/#organization"},"potentialAction":[{"@type":"SearchAction","target":{"@type":"EntryPoint","urlTemplate":"https:\/\/infos-droitshumains.net\/?s={search_term_string}"},"query-input":{"@type":"PropertyValueSpecification","valueRequired":true,"valueName":"search_term_string"}}],"inLanguage":"fr-FR"},{"@type":"Organization","@id":"https:\/\/infos-droitshumains.net\/#organization","name":"Infos Droits Humains","url":"https:\/\/infos-droitshumains.net\/","logo":{"@type":"ImageObject","inLanguage":"fr-FR","@id":"https:\/\/infos-droitshumains.net\/#\/schema\/logo\/image\/","url":"https:\/\/i0.wp.com\/infos-droitshumains.net\/wp-content\/uploads\/2022\/05\/Logo.png?fit=333%2C129&ssl=1","contentUrl":"https:\/\/i0.wp.com\/infos-droitshumains.net\/wp-content\/uploads\/2022\/05\/Logo.png?fit=333%2C129&ssl=1","width":333,"height":129,"caption":"Infos Droits Humains"},"image":{"@id":"https:\/\/infos-droitshumains.net\/#\/schema\/logo\/image\/"}},{"@type":"Person","@id":"https:\/\/infos-droitshumains.net\/#\/schema\/person\/3dc5e921c3302172e0ed4362f96faab7","name":"Jo\u00ebl Diawa","image":{"@type":"ImageObject","inLanguage":"fr-FR","@id":"https:\/\/secure.gravatar.com\/avatar\/729bea6ff4604c624417803c477363be8e3c7186deaa65713313f9b4b820f41c?s=96&d=mm&r=g","url":"https:\/\/secure.gravatar.com\/avatar\/729bea6ff4604c624417803c477363be8e3c7186deaa65713313f9b4b820f41c?s=96&d=mm&r=g","contentUrl":"https:\/\/secure.gravatar.com\/avatar\/729bea6ff4604c624417803c477363be8e3c7186deaa65713313f9b4b820f41c?s=96&d=mm&r=g","caption":"Jo\u00ebl Diawa"},"sameAs":["https:\/\/www.infos-droitshumains.net"],"url":"https:\/\/infos-droitshumains.net\/?author=2"}]}},"featured_image_urls":{"full":["https:\/\/i0.wp.com\/infos-droitshumains.net\/wp-content\/uploads\/2024\/07\/IMG-20240704-WA0080.jpg?fit=2064%2C1376&ssl=1",2064,1376,false],"thumbnail":["https:\/\/i0.wp.com\/infos-droitshumains.net\/wp-content\/uploads\/2024\/07\/IMG-20240704-WA0080.jpg?resize=150%2C150&ssl=1",150,150,true],"medium":["https:\/\/i0.wp.com\/infos-droitshumains.net\/wp-content\/uploads\/2024\/07\/IMG-20240704-WA0080.jpg?fit=300%2C200&ssl=1",300,200,true],"medium_large":["https:\/\/i0.wp.com\/infos-droitshumains.net\/wp-content\/uploads\/2024\/07\/IMG-20240704-WA0080.jpg?fit=640%2C427&ssl=1",640,427,true],"large":["https:\/\/i0.wp.com\/infos-droitshumains.net\/wp-content\/uploads\/2024\/07\/IMG-20240704-WA0080.jpg?fit=640%2C427&ssl=1",640,427,true],"1536x1536":["https:\/\/i0.wp.com\/infos-droitshumains.net\/wp-content\/uploads\/2024\/07\/IMG-20240704-WA0080.jpg?fit=1536%2C1024&ssl=1",1536,1024,true],"2048x2048":["https:\/\/i0.wp.com\/infos-droitshumains.net\/wp-content\/uploads\/2024\/07\/IMG-20240704-WA0080.jpg?fit=2048%2C1365&ssl=1",2048,1365,true],"covernews-slider-full":["https:\/\/i0.wp.com\/infos-droitshumains.net\/wp-content\/uploads\/2024\/07\/IMG-20240704-WA0080.jpg?resize=1115%2C715&ssl=1",1115,715,true],"covernews-slider-center":["https:\/\/i0.wp.com\/infos-droitshumains.net\/wp-content\/uploads\/2024\/07\/IMG-20240704-WA0080.jpg?resize=800%2C500&ssl=1",800,500,true],"covernews-featured":["https:\/\/i0.wp.com\/infos-droitshumains.net\/wp-content\/uploads\/2024\/07\/IMG-20240704-WA0080.jpg?fit=1024%2C683&ssl=1",1024,683,true],"covernews-medium":["https:\/\/i0.wp.com\/infos-droitshumains.net\/wp-content\/uploads\/2024\/07\/IMG-20240704-WA0080.jpg?resize=540%2C340&ssl=1",540,340,true],"covernews-medium-square":["https:\/\/i0.wp.com\/infos-droitshumains.net\/wp-content\/uploads\/2024\/07\/IMG-20240704-WA0080.jpg?resize=400%2C250&ssl=1",400,250,true]},"author_info":{"display_name":"Jo\u00ebl Diawa","author_link":"https:\/\/infos-droitshumains.net\/?author=2"},"category_info":"<a href=\"https:\/\/infos-droitshumains.net\/?cat=6\" rel=\"category\">Justice<\/a>","tag_info":"Justice","comment_count":"3","jetpack_featured_media_url":"https:\/\/i0.wp.com\/infos-droitshumains.net\/wp-content\/uploads\/2024\/07\/IMG-20240704-WA0080.jpg?fit=2064%2C1376&ssl=1","jetpack-related-posts":[],"jetpack_sharing_enabled":true,"_links":{"self":[{"href":"https:\/\/infos-droitshumains.net\/index.php?rest_route=\/wp\/v2\/posts\/10324","targetHints":{"allow":["GET"]}}],"collection":[{"href":"https:\/\/infos-droitshumains.net\/index.php?rest_route=\/wp\/v2\/posts"}],"about":[{"href":"https:\/\/infos-droitshumains.net\/index.php?rest_route=\/wp\/v2\/types\/post"}],"author":[{"embeddable":true,"href":"https:\/\/infos-droitshumains.net\/index.php?rest_route=\/wp\/v2\/users\/2"}],"replies":[{"embeddable":true,"href":"https:\/\/infos-droitshumains.net\/index.php?rest_route=%2Fwp%2Fv2%2Fcomments&post=10324"}],"version-history":[{"count":15,"href":"https:\/\/infos-droitshumains.net\/index.php?rest_route=\/wp\/v2\/posts\/10324\/revisions"}],"predecessor-version":[{"id":10364,"href":"https:\/\/infos-droitshumains.net\/index.php?rest_route=\/wp\/v2\/posts\/10324\/revisions\/10364"}],"wp:featuredmedia":[{"embeddable":true,"href":"https:\/\/infos-droitshumains.net\/index.php?rest_route=\/wp\/v2\/media\/10325"}],"wp:attachment":[{"href":"https:\/\/infos-droitshumains.net\/index.php?rest_route=%2Fwp%2Fv2%2Fmedia&parent=10324"}],"wp:term":[{"taxonomy":"category","embeddable":true,"href":"https:\/\/infos-droitshumains.net\/index.php?rest_route=%2Fwp%2Fv2%2Fcategories&post=10324"},{"taxonomy":"post_tag","embeddable":true,"href":"https:\/\/infos-droitshumains.net\/index.php?rest_route=%2Fwp%2Fv2%2Ftags&post=10324"}],"curies":[{"name":"wp","href":"https:\/\/api.w.org\/{rel}","templated":true}]}}