{"id":10305,"date":"2024-07-03T22:19:30","date_gmt":"2024-07-03T20:19:30","guid":{"rendered":"https:\/\/infos-droitshumains.net\/?p=10305"},"modified":"2024-07-03T22:47:33","modified_gmt":"2024-07-03T20:47:33","slug":"rdc-les-associations-de-defense-de-droits-des-personnes-atteintes-dalbinisme-en-a-lecole-des-droits-de-lhomme-sous-linitiative-du-bcnudh","status":"publish","type":"post","link":"https:\/\/infos-droitshumains.net\/?p=10305","title":{"rendered":"RDC : Les associations de d\u00e9fense de droits des personnes atteintes d&rsquo;albinisme \u00e0 l&rsquo;\u00e9cole des droits de l&rsquo;homme sous l&rsquo;initiative du BCNUDH"},"content":{"rendered":"\n<p><strong>R\u00e9daction: +243 817 406 088<\/strong><\/p>\n\n\n\n<h3 class=\"wp-block-heading has-vivid-red-color has-text-color has-link-color wp-elements-05e2b4d42cb4d1c87d21033f49d84470\">Dans le but de promouvoir l&rsquo;inclusion totale des personnes atteintes d&rsquo;albinisme et le respect de leurs droits, un atelier de formation est organis\u00e9 du 3 au 4 juillet 2024 \u00e0 Kinshasa par le Bureau Conjoint des Nations Unies aux Droits de l&rsquo;Homme (BCNUDH) \u00e0 l&rsquo;intention des associations de d\u00e9fense des droits de cette cat\u00e9gorie des personnes.<\/h3>\n\n\n\n<figure class=\"wp-block-image alignfull size-large\"><img data-recalc-dims=\"1\" fetchpriority=\"high\" decoding=\"async\" width=\"640\" height=\"480\" src=\"https:\/\/i0.wp.com\/infos-droitshumains.net\/wp-content\/uploads\/2024\/07\/IMG-20240703-WA0097.jpg?resize=640%2C480&#038;ssl=1\" alt=\"\" class=\"wp-image-10309\" srcset=\"https:\/\/i0.wp.com\/infos-droitshumains.net\/wp-content\/uploads\/2024\/07\/IMG-20240703-WA0097.jpg?resize=1024%2C768&amp;ssl=1 1024w, https:\/\/i0.wp.com\/infos-droitshumains.net\/wp-content\/uploads\/2024\/07\/IMG-20240703-WA0097.jpg?resize=300%2C225&amp;ssl=1 300w, https:\/\/i0.wp.com\/infos-droitshumains.net\/wp-content\/uploads\/2024\/07\/IMG-20240703-WA0097.jpg?resize=768%2C576&amp;ssl=1 768w, https:\/\/i0.wp.com\/infos-droitshumains.net\/wp-content\/uploads\/2024\/07\/IMG-20240703-WA0097.jpg?w=1280&amp;ssl=1 1280w\" sizes=\"(max-width: 640px) 100vw, 640px\" \/><\/figure>\n\n\n\n<figure class=\"wp-block-image alignfull size-large\"><img data-recalc-dims=\"1\" decoding=\"async\" width=\"640\" height=\"480\" src=\"https:\/\/i0.wp.com\/infos-droitshumains.net\/wp-content\/uploads\/2024\/07\/IMG-20240703-WA0096.jpg?resize=640%2C480&#038;ssl=1\" alt=\"\" class=\"wp-image-10312\" srcset=\"https:\/\/i0.wp.com\/infos-droitshumains.net\/wp-content\/uploads\/2024\/07\/IMG-20240703-WA0096.jpg?resize=1024%2C768&amp;ssl=1 1024w, https:\/\/i0.wp.com\/infos-droitshumains.net\/wp-content\/uploads\/2024\/07\/IMG-20240703-WA0096.jpg?resize=300%2C225&amp;ssl=1 300w, https:\/\/i0.wp.com\/infos-droitshumains.net\/wp-content\/uploads\/2024\/07\/IMG-20240703-WA0096.jpg?resize=768%2C576&amp;ssl=1 768w, https:\/\/i0.wp.com\/infos-droitshumains.net\/wp-content\/uploads\/2024\/07\/IMG-20240703-WA0096.jpg?w=1280&amp;ssl=1 1280w\" sizes=\"(max-width: 640px) 100vw, 640px\" \/><\/figure>\n\n\n\n<p>\u00c0 l&rsquo;ouverture des travaux, le directeur du BCNUDH a rappel\u00e9 le r\u00f4le de chacun pour le respect des droits des personnes atteintes d&rsquo;albinisme et leur inclusion sociale malgr\u00e9 l&rsquo;existence de loi leur prot\u00e9geant.<\/p>\n\n\n\n<p><em>\u00ab\u00a0La th\u00e9matique d&rsquo;albinisme en RDC a connu une tr\u00e8s grande \u00e9volution avec une bonne compr\u00e9hension et la sensibilisation des autorit\u00e9s. Nous avons un cadre l\u00e9gal avant-gardiste\u00a0; mais seule la loi ne suffit pas pour esp\u00e9rer \u00e0 l&rsquo;inclusion totale des personnes atteintes d&rsquo;albinisme. Il y a beaucoup d&rsquo;efforts qui doivent se faire d&rsquo;abord au niveau de famille, de la soci\u00e9t\u00e9 ou communaut\u00e9 pour que les personnes atteintes d&rsquo;albinisme soient vues et qu&rsquo;on ait en changement de regard vis-\u00e0-vis d&rsquo;elles. Qu&rsquo;elles aient acc\u00e8s \u00e0 la justice lorsqu&rsquo;elles font l&rsquo;objet de discrimination ou leurs droits sont viol\u00e9s\u00a0\u00bb<\/em>, a d\u00e9clar\u00e9 Patrice Vahard.<\/p>\n\n\n\n<figure class=\"wp-block-image alignfull size-large\"><img data-recalc-dims=\"1\" decoding=\"async\" width=\"640\" height=\"480\" src=\"https:\/\/i0.wp.com\/infos-droitshumains.net\/wp-content\/uploads\/2024\/07\/IMG-20240703-WA0094.jpg?resize=640%2C480&#038;ssl=1\" alt=\"\" class=\"wp-image-10314\" srcset=\"https:\/\/i0.wp.com\/infos-droitshumains.net\/wp-content\/uploads\/2024\/07\/IMG-20240703-WA0094.jpg?resize=1024%2C768&amp;ssl=1 1024w, https:\/\/i0.wp.com\/infos-droitshumains.net\/wp-content\/uploads\/2024\/07\/IMG-20240703-WA0094.jpg?resize=300%2C225&amp;ssl=1 300w, https:\/\/i0.wp.com\/infos-droitshumains.net\/wp-content\/uploads\/2024\/07\/IMG-20240703-WA0094.jpg?resize=768%2C576&amp;ssl=1 768w, https:\/\/i0.wp.com\/infos-droitshumains.net\/wp-content\/uploads\/2024\/07\/IMG-20240703-WA0094.jpg?w=1280&amp;ssl=1 1280w\" sizes=\"(max-width: 640px) 100vw, 640px\" \/><\/figure>\n\n\n\n<p>\u00c0 l\u2019en croire, cet atelier de formation qui va au-del\u00e0 de la sensibilisation, vise \u00e0 examiner l&rsquo;ampleur de la situation des personnes atteintes d&rsquo;albinisme.<\/p>\n\n\n\n<p><em>\u00ab&nbsp;On appuie les associations et le minist\u00e8re en charge des personnes vuln\u00e9rables pour voir comment avoir des donn\u00e9es assez v\u00e9rifiables sur l&rsquo;ampleur de la situation des personnes atteintes d&rsquo;albinisme et voir comment changer nos langages et regards vis-\u00e0-vis de cette cat\u00e9gorie des personnes. Qu&rsquo;on ne parle plus d&rsquo;albinos\u2026mais plut\u00f4t des personnes atteintes d&rsquo;albinisme, qu&rsquo;on puisse leur accorder le m\u00eame acc\u00e8s comme tout humain&nbsp;\u00bb<\/em>, a plaid\u00e9 le directeur du BCNUDH.<\/p>\n\n\n\n<p>Plusieurs modules ont ponctu\u00e9 le premier jour de cet atelier de formation au nombre desquels, les notions g\u00e9n\u00e9rales des droits de l&rsquo;homme, les m\u00e9canismes et instruments internationaux et nationaux de protection des droits de l&rsquo;homme et la loi nationale sur le d\u00e9fenseur des droits de l&rsquo;homme.<\/p>\n\n\n\n<figure class=\"wp-block-image alignfull size-large\"><img data-recalc-dims=\"1\" loading=\"lazy\" decoding=\"async\" width=\"640\" height=\"480\" src=\"https:\/\/i0.wp.com\/infos-droitshumains.net\/wp-content\/uploads\/2024\/07\/IMG-20240703-WA0098.jpg?resize=640%2C480&#038;ssl=1\" alt=\"\" class=\"wp-image-10315\" srcset=\"https:\/\/i0.wp.com\/infos-droitshumains.net\/wp-content\/uploads\/2024\/07\/IMG-20240703-WA0098.jpg?resize=1024%2C768&amp;ssl=1 1024w, https:\/\/i0.wp.com\/infos-droitshumains.net\/wp-content\/uploads\/2024\/07\/IMG-20240703-WA0098.jpg?resize=300%2C225&amp;ssl=1 300w, https:\/\/i0.wp.com\/infos-droitshumains.net\/wp-content\/uploads\/2024\/07\/IMG-20240703-WA0098.jpg?resize=768%2C576&amp;ssl=1 768w, https:\/\/i0.wp.com\/infos-droitshumains.net\/wp-content\/uploads\/2024\/07\/IMG-20240703-WA0098.jpg?w=1280&amp;ssl=1 1280w\" sizes=\"(max-width: 640px) 100vw, 640px\" \/><\/figure>\n\n\n\n<figure class=\"wp-block-image alignfull size-large\"><img data-recalc-dims=\"1\" loading=\"lazy\" decoding=\"async\" width=\"640\" height=\"480\" src=\"https:\/\/i0.wp.com\/infos-droitshumains.net\/wp-content\/uploads\/2024\/07\/IMG-20240703-WA0099.jpg?resize=640%2C480&#038;ssl=1\" alt=\"\" class=\"wp-image-10316\" srcset=\"https:\/\/i0.wp.com\/infos-droitshumains.net\/wp-content\/uploads\/2024\/07\/IMG-20240703-WA0099.jpg?resize=1024%2C768&amp;ssl=1 1024w, https:\/\/i0.wp.com\/infos-droitshumains.net\/wp-content\/uploads\/2024\/07\/IMG-20240703-WA0099.jpg?resize=300%2C225&amp;ssl=1 300w, https:\/\/i0.wp.com\/infos-droitshumains.net\/wp-content\/uploads\/2024\/07\/IMG-20240703-WA0099.jpg?resize=768%2C576&amp;ssl=1 768w, https:\/\/i0.wp.com\/infos-droitshumains.net\/wp-content\/uploads\/2024\/07\/IMG-20240703-WA0099.jpg?w=1280&amp;ssl=1 1280w\" sizes=\"(max-width: 640px) 100vw, 640px\" \/><\/figure>\n\n\n\n<p>Le Bureau Conjoint des Nations Unies aux Droits de l&rsquo;Homme projette \u00e9galement des \u00e9missions, des programmes cin\u00e9matographiques en vue d&rsquo;encourager l&rsquo;inclusion sociale des personnes atteintes d&rsquo;albinisme en RDC.<\/p>\n\n\n\n<p>AM<\/p>\n","protected":false},"excerpt":{"rendered":"<p>R\u00e9daction: +243 817 406 088 Dans le but de promouvoir l&rsquo;inclusion totale des personnes atteintes&#8230;<\/p>\n","protected":false},"author":2,"featured_media":10306,"comment_status":"open","ping_status":"open","sticky":false,"template":"","format":"standard","meta":{"_jetpack_memberships_contains_paid_content":false,"footnotes":""},"categories":[7],"tags":[],"class_list":["post-10305","post","type-post","status-publish","format-standard","has-post-thumbnail","hentry","category-droits-humains"],"yoast_head":"<!-- This site is optimized with the Yoast SEO plugin v27.5 - https:\/\/yoast.com\/product\/yoast-seo-wordpress\/ -->\n<title>RDC : Les associations de d\u00e9fense de droits des personnes atteintes d&#039;albinisme \u00e0 l&#039;\u00e9cole des droits de l&#039;homme sous l&#039;initiative du BCNUDH - Infos Droits Humains<\/title>\n<meta name=\"robots\" content=\"index, follow, max-snippet:-1, max-image-preview:large, max-video-preview:-1\" \/>\n<link rel=\"canonical\" href=\"https:\/\/infos-droitshumains.net\/?p=10305\" \/>\n<meta property=\"og:locale\" content=\"fr_FR\" \/>\n<meta property=\"og:type\" content=\"article\" \/>\n<meta property=\"og:title\" content=\"RDC : Les associations de d\u00e9fense de droits des personnes atteintes d&#039;albinisme \u00e0 l&#039;\u00e9cole des droits de l&#039;homme sous l&#039;initiative du BCNUDH - Infos Droits Humains\" \/>\n<meta property=\"og:description\" content=\"R\u00e9daction: +243 817 406 088 Dans le but de promouvoir l&rsquo;inclusion totale des personnes atteintes...\" \/>\n<meta property=\"og:url\" content=\"https:\/\/infos-droitshumains.net\/?p=10305\" \/>\n<meta property=\"og:site_name\" content=\"Infos Droits Humains\" \/>\n<meta property=\"article:published_time\" content=\"2024-07-03T20:19:30+00:00\" \/>\n<meta property=\"article:modified_time\" content=\"2024-07-03T20:47:33+00:00\" \/>\n<meta property=\"og:image\" content=\"https:\/\/infos-droitshumains.net\/wp-content\/uploads\/2024\/07\/IMG-20240703-WA0093.jpg\" \/>\n\t<meta property=\"og:image:width\" content=\"1280\" \/>\n\t<meta property=\"og:image:height\" content=\"960\" \/>\n\t<meta property=\"og:image:type\" content=\"image\/jpeg\" \/>\n<meta name=\"author\" content=\"Jo\u00ebl Diawa\" \/>\n<meta name=\"twitter:card\" content=\"summary_large_image\" \/>\n<meta name=\"twitter:label1\" content=\"\u00c9crit par\" \/>\n\t<meta name=\"twitter:data1\" content=\"Jo\u00ebl Diawa\" \/>\n\t<meta name=\"twitter:label2\" content=\"Dur\u00e9e de lecture estim\u00e9e\" \/>\n\t<meta name=\"twitter:data2\" content=\"4 minutes\" \/>\n<script type=\"application\/ld+json\" class=\"yoast-schema-graph\">{\"@context\":\"https:\\\/\\\/schema.org\",\"@graph\":[{\"@type\":\"Article\",\"@id\":\"https:\\\/\\\/infos-droitshumains.net\\\/?p=10305#article\",\"isPartOf\":{\"@id\":\"https:\\\/\\\/infos-droitshumains.net\\\/?p=10305\"},\"author\":{\"name\":\"Jo\u00ebl Diawa\",\"@id\":\"https:\\\/\\\/infos-droitshumains.net\\\/#\\\/schema\\\/person\\\/3dc5e921c3302172e0ed4362f96faab7\"},\"headline\":\"RDC : Les associations de d\u00e9fense de droits des personnes atteintes d&rsquo;albinisme \u00e0 l&rsquo;\u00e9cole des droits de l&rsquo;homme sous l&rsquo;initiative du BCNUDH\",\"datePublished\":\"2024-07-03T20:19:30+00:00\",\"dateModified\":\"2024-07-03T20:47:33+00:00\",\"mainEntityOfPage\":{\"@id\":\"https:\\\/\\\/infos-droitshumains.net\\\/?p=10305\"},\"wordCount\":402,\"commentCount\":0,\"publisher\":{\"@id\":\"https:\\\/\\\/infos-droitshumains.net\\\/#organization\"},\"image\":{\"@id\":\"https:\\\/\\\/infos-droitshumains.net\\\/?p=10305#primaryimage\"},\"thumbnailUrl\":\"https:\\\/\\\/i0.wp.com\\\/infos-droitshumains.net\\\/wp-content\\\/uploads\\\/2024\\\/07\\\/IMG-20240703-WA0093.jpg?fit=1280%2C960&ssl=1\",\"articleSection\":[\"Droits Humains\"],\"inLanguage\":\"fr-FR\",\"potentialAction\":[{\"@type\":\"CommentAction\",\"name\":\"Comment\",\"target\":[\"https:\\\/\\\/infos-droitshumains.net\\\/?p=10305#respond\"]}]},{\"@type\":\"WebPage\",\"@id\":\"https:\\\/\\\/infos-droitshumains.net\\\/?p=10305\",\"url\":\"https:\\\/\\\/infos-droitshumains.net\\\/?p=10305\",\"name\":\"RDC : Les associations de d\u00e9fense de droits des personnes atteintes d'albinisme \u00e0 l'\u00e9cole des droits de l'homme sous l'initiative du BCNUDH - Infos Droits Humains\",\"isPartOf\":{\"@id\":\"https:\\\/\\\/infos-droitshumains.net\\\/#website\"},\"primaryImageOfPage\":{\"@id\":\"https:\\\/\\\/infos-droitshumains.net\\\/?p=10305#primaryimage\"},\"image\":{\"@id\":\"https:\\\/\\\/infos-droitshumains.net\\\/?p=10305#primaryimage\"},\"thumbnailUrl\":\"https:\\\/\\\/i0.wp.com\\\/infos-droitshumains.net\\\/wp-content\\\/uploads\\\/2024\\\/07\\\/IMG-20240703-WA0093.jpg?fit=1280%2C960&ssl=1\",\"datePublished\":\"2024-07-03T20:19:30+00:00\",\"dateModified\":\"2024-07-03T20:47:33+00:00\",\"breadcrumb\":{\"@id\":\"https:\\\/\\\/infos-droitshumains.net\\\/?p=10305#breadcrumb\"},\"inLanguage\":\"fr-FR\",\"potentialAction\":[{\"@type\":\"ReadAction\",\"target\":[\"https:\\\/\\\/infos-droitshumains.net\\\/?p=10305\"]}]},{\"@type\":\"ImageObject\",\"inLanguage\":\"fr-FR\",\"@id\":\"https:\\\/\\\/infos-droitshumains.net\\\/?p=10305#primaryimage\",\"url\":\"https:\\\/\\\/i0.wp.com\\\/infos-droitshumains.net\\\/wp-content\\\/uploads\\\/2024\\\/07\\\/IMG-20240703-WA0093.jpg?fit=1280%2C960&ssl=1\",\"contentUrl\":\"https:\\\/\\\/i0.wp.com\\\/infos-droitshumains.net\\\/wp-content\\\/uploads\\\/2024\\\/07\\\/IMG-20240703-WA0093.jpg?fit=1280%2C960&ssl=1\",\"width\":1280,\"height\":960},{\"@type\":\"BreadcrumbList\",\"@id\":\"https:\\\/\\\/infos-droitshumains.net\\\/?p=10305#breadcrumb\",\"itemListElement\":[{\"@type\":\"ListItem\",\"position\":1,\"name\":\"Accueil\",\"item\":\"https:\\\/\\\/infos-droitshumains.net\\\/\"},{\"@type\":\"ListItem\",\"position\":2,\"name\":\"RDC : Les associations de d\u00e9fense de droits des personnes atteintes d&rsquo;albinisme \u00e0 l&rsquo;\u00e9cole des droits de l&rsquo;homme sous l&rsquo;initiative du BCNUDH\"}]},{\"@type\":\"WebSite\",\"@id\":\"https:\\\/\\\/infos-droitshumains.net\\\/#website\",\"url\":\"https:\\\/\\\/infos-droitshumains.net\\\/\",\"name\":\"Infos Droits Humains\",\"description\":\"S&#039;informer est un droit\",\"publisher\":{\"@id\":\"https:\\\/\\\/infos-droitshumains.net\\\/#organization\"},\"potentialAction\":[{\"@type\":\"SearchAction\",\"target\":{\"@type\":\"EntryPoint\",\"urlTemplate\":\"https:\\\/\\\/infos-droitshumains.net\\\/?s={search_term_string}\"},\"query-input\":{\"@type\":\"PropertyValueSpecification\",\"valueRequired\":true,\"valueName\":\"search_term_string\"}}],\"inLanguage\":\"fr-FR\"},{\"@type\":\"Organization\",\"@id\":\"https:\\\/\\\/infos-droitshumains.net\\\/#organization\",\"name\":\"Infos Droits Humains\",\"url\":\"https:\\\/\\\/infos-droitshumains.net\\\/\",\"logo\":{\"@type\":\"ImageObject\",\"inLanguage\":\"fr-FR\",\"@id\":\"https:\\\/\\\/infos-droitshumains.net\\\/#\\\/schema\\\/logo\\\/image\\\/\",\"url\":\"https:\\\/\\\/i0.wp.com\\\/infos-droitshumains.net\\\/wp-content\\\/uploads\\\/2022\\\/05\\\/Logo.png?fit=333%2C129&ssl=1\",\"contentUrl\":\"https:\\\/\\\/i0.wp.com\\\/infos-droitshumains.net\\\/wp-content\\\/uploads\\\/2022\\\/05\\\/Logo.png?fit=333%2C129&ssl=1\",\"width\":333,\"height\":129,\"caption\":\"Infos Droits Humains\"},\"image\":{\"@id\":\"https:\\\/\\\/infos-droitshumains.net\\\/#\\\/schema\\\/logo\\\/image\\\/\"}},{\"@type\":\"Person\",\"@id\":\"https:\\\/\\\/infos-droitshumains.net\\\/#\\\/schema\\\/person\\\/3dc5e921c3302172e0ed4362f96faab7\",\"name\":\"Jo\u00ebl Diawa\",\"image\":{\"@type\":\"ImageObject\",\"inLanguage\":\"fr-FR\",\"@id\":\"https:\\\/\\\/secure.gravatar.com\\\/avatar\\\/729bea6ff4604c624417803c477363be8e3c7186deaa65713313f9b4b820f41c?s=96&d=mm&r=g\",\"url\":\"https:\\\/\\\/secure.gravatar.com\\\/avatar\\\/729bea6ff4604c624417803c477363be8e3c7186deaa65713313f9b4b820f41c?s=96&d=mm&r=g\",\"contentUrl\":\"https:\\\/\\\/secure.gravatar.com\\\/avatar\\\/729bea6ff4604c624417803c477363be8e3c7186deaa65713313f9b4b820f41c?s=96&d=mm&r=g\",\"caption\":\"Jo\u00ebl Diawa\"},\"sameAs\":[\"https:\\\/\\\/www.infos-droitshumains.net\"],\"url\":\"https:\\\/\\\/infos-droitshumains.net\\\/?author=2\"}]}<\/script>\n<!-- \/ Yoast SEO plugin. -->","yoast_head_json":{"title":"RDC : Les associations de d\u00e9fense de droits des personnes atteintes d'albinisme \u00e0 l'\u00e9cole des droits de l'homme sous l'initiative du BCNUDH - Infos Droits Humains","robots":{"index":"index","follow":"follow","max-snippet":"max-snippet:-1","max-image-preview":"max-image-preview:large","max-video-preview":"max-video-preview:-1"},"canonical":"https:\/\/infos-droitshumains.net\/?p=10305","og_locale":"fr_FR","og_type":"article","og_title":"RDC : Les associations de d\u00e9fense de droits des personnes atteintes d'albinisme \u00e0 l'\u00e9cole des droits de l'homme sous l'initiative du BCNUDH - Infos Droits Humains","og_description":"R\u00e9daction: +243 817 406 088 Dans le but de promouvoir l&rsquo;inclusion totale des personnes atteintes...","og_url":"https:\/\/infos-droitshumains.net\/?p=10305","og_site_name":"Infos Droits Humains","article_published_time":"2024-07-03T20:19:30+00:00","article_modified_time":"2024-07-03T20:47:33+00:00","og_image":[{"width":1280,"height":960,"url":"https:\/\/infos-droitshumains.net\/wp-content\/uploads\/2024\/07\/IMG-20240703-WA0093.jpg","type":"image\/jpeg"}],"author":"Jo\u00ebl Diawa","twitter_card":"summary_large_image","twitter_misc":{"\u00c9crit par":"Jo\u00ebl Diawa","Dur\u00e9e de lecture estim\u00e9e":"4 minutes"},"schema":{"@context":"https:\/\/schema.org","@graph":[{"@type":"Article","@id":"https:\/\/infos-droitshumains.net\/?p=10305#article","isPartOf":{"@id":"https:\/\/infos-droitshumains.net\/?p=10305"},"author":{"name":"Jo\u00ebl Diawa","@id":"https:\/\/infos-droitshumains.net\/#\/schema\/person\/3dc5e921c3302172e0ed4362f96faab7"},"headline":"RDC : Les associations de d\u00e9fense de droits des personnes atteintes d&rsquo;albinisme \u00e0 l&rsquo;\u00e9cole des droits de l&rsquo;homme sous l&rsquo;initiative du BCNUDH","datePublished":"2024-07-03T20:19:30+00:00","dateModified":"2024-07-03T20:47:33+00:00","mainEntityOfPage":{"@id":"https:\/\/infos-droitshumains.net\/?p=10305"},"wordCount":402,"commentCount":0,"publisher":{"@id":"https:\/\/infos-droitshumains.net\/#organization"},"image":{"@id":"https:\/\/infos-droitshumains.net\/?p=10305#primaryimage"},"thumbnailUrl":"https:\/\/i0.wp.com\/infos-droitshumains.net\/wp-content\/uploads\/2024\/07\/IMG-20240703-WA0093.jpg?fit=1280%2C960&ssl=1","articleSection":["Droits Humains"],"inLanguage":"fr-FR","potentialAction":[{"@type":"CommentAction","name":"Comment","target":["https:\/\/infos-droitshumains.net\/?p=10305#respond"]}]},{"@type":"WebPage","@id":"https:\/\/infos-droitshumains.net\/?p=10305","url":"https:\/\/infos-droitshumains.net\/?p=10305","name":"RDC : Les associations de d\u00e9fense de droits des personnes atteintes d'albinisme \u00e0 l'\u00e9cole des droits de l'homme sous l'initiative du BCNUDH - Infos Droits Humains","isPartOf":{"@id":"https:\/\/infos-droitshumains.net\/#website"},"primaryImageOfPage":{"@id":"https:\/\/infos-droitshumains.net\/?p=10305#primaryimage"},"image":{"@id":"https:\/\/infos-droitshumains.net\/?p=10305#primaryimage"},"thumbnailUrl":"https:\/\/i0.wp.com\/infos-droitshumains.net\/wp-content\/uploads\/2024\/07\/IMG-20240703-WA0093.jpg?fit=1280%2C960&ssl=1","datePublished":"2024-07-03T20:19:30+00:00","dateModified":"2024-07-03T20:47:33+00:00","breadcrumb":{"@id":"https:\/\/infos-droitshumains.net\/?p=10305#breadcrumb"},"inLanguage":"fr-FR","potentialAction":[{"@type":"ReadAction","target":["https:\/\/infos-droitshumains.net\/?p=10305"]}]},{"@type":"ImageObject","inLanguage":"fr-FR","@id":"https:\/\/infos-droitshumains.net\/?p=10305#primaryimage","url":"https:\/\/i0.wp.com\/infos-droitshumains.net\/wp-content\/uploads\/2024\/07\/IMG-20240703-WA0093.jpg?fit=1280%2C960&ssl=1","contentUrl":"https:\/\/i0.wp.com\/infos-droitshumains.net\/wp-content\/uploads\/2024\/07\/IMG-20240703-WA0093.jpg?fit=1280%2C960&ssl=1","width":1280,"height":960},{"@type":"BreadcrumbList","@id":"https:\/\/infos-droitshumains.net\/?p=10305#breadcrumb","itemListElement":[{"@type":"ListItem","position":1,"name":"Accueil","item":"https:\/\/infos-droitshumains.net\/"},{"@type":"ListItem","position":2,"name":"RDC : Les associations de d\u00e9fense de droits des personnes atteintes d&rsquo;albinisme \u00e0 l&rsquo;\u00e9cole des droits de l&rsquo;homme sous l&rsquo;initiative du BCNUDH"}]},{"@type":"WebSite","@id":"https:\/\/infos-droitshumains.net\/#website","url":"https:\/\/infos-droitshumains.net\/","name":"Infos Droits Humains","description":"S&#039;informer est un droit","publisher":{"@id":"https:\/\/infos-droitshumains.net\/#organization"},"potentialAction":[{"@type":"SearchAction","target":{"@type":"EntryPoint","urlTemplate":"https:\/\/infos-droitshumains.net\/?s={search_term_string}"},"query-input":{"@type":"PropertyValueSpecification","valueRequired":true,"valueName":"search_term_string"}}],"inLanguage":"fr-FR"},{"@type":"Organization","@id":"https:\/\/infos-droitshumains.net\/#organization","name":"Infos Droits Humains","url":"https:\/\/infos-droitshumains.net\/","logo":{"@type":"ImageObject","inLanguage":"fr-FR","@id":"https:\/\/infos-droitshumains.net\/#\/schema\/logo\/image\/","url":"https:\/\/i0.wp.com\/infos-droitshumains.net\/wp-content\/uploads\/2022\/05\/Logo.png?fit=333%2C129&ssl=1","contentUrl":"https:\/\/i0.wp.com\/infos-droitshumains.net\/wp-content\/uploads\/2022\/05\/Logo.png?fit=333%2C129&ssl=1","width":333,"height":129,"caption":"Infos Droits Humains"},"image":{"@id":"https:\/\/infos-droitshumains.net\/#\/schema\/logo\/image\/"}},{"@type":"Person","@id":"https:\/\/infos-droitshumains.net\/#\/schema\/person\/3dc5e921c3302172e0ed4362f96faab7","name":"Jo\u00ebl Diawa","image":{"@type":"ImageObject","inLanguage":"fr-FR","@id":"https:\/\/secure.gravatar.com\/avatar\/729bea6ff4604c624417803c477363be8e3c7186deaa65713313f9b4b820f41c?s=96&d=mm&r=g","url":"https:\/\/secure.gravatar.com\/avatar\/729bea6ff4604c624417803c477363be8e3c7186deaa65713313f9b4b820f41c?s=96&d=mm&r=g","contentUrl":"https:\/\/secure.gravatar.com\/avatar\/729bea6ff4604c624417803c477363be8e3c7186deaa65713313f9b4b820f41c?s=96&d=mm&r=g","caption":"Jo\u00ebl Diawa"},"sameAs":["https:\/\/www.infos-droitshumains.net"],"url":"https:\/\/infos-droitshumains.net\/?author=2"}]}},"featured_image_urls":{"full":["https:\/\/i0.wp.com\/infos-droitshumains.net\/wp-content\/uploads\/2024\/07\/IMG-20240703-WA0093.jpg?fit=1280%2C960&ssl=1",1280,960,false],"thumbnail":["https:\/\/i0.wp.com\/infos-droitshumains.net\/wp-content\/uploads\/2024\/07\/IMG-20240703-WA0093.jpg?resize=150%2C150&ssl=1",150,150,true],"medium":["https:\/\/i0.wp.com\/infos-droitshumains.net\/wp-content\/uploads\/2024\/07\/IMG-20240703-WA0093.jpg?fit=300%2C225&ssl=1",300,225,true],"medium_large":["https:\/\/i0.wp.com\/infos-droitshumains.net\/wp-content\/uploads\/2024\/07\/IMG-20240703-WA0093.jpg?fit=640%2C480&ssl=1",640,480,true],"large":["https:\/\/i0.wp.com\/infos-droitshumains.net\/wp-content\/uploads\/2024\/07\/IMG-20240703-WA0093.jpg?fit=640%2C480&ssl=1",640,480,true],"1536x1536":["https:\/\/i0.wp.com\/infos-droitshumains.net\/wp-content\/uploads\/2024\/07\/IMG-20240703-WA0093.jpg?fit=1280%2C960&ssl=1",1280,960,true],"2048x2048":["https:\/\/i0.wp.com\/infos-droitshumains.net\/wp-content\/uploads\/2024\/07\/IMG-20240703-WA0093.jpg?fit=1280%2C960&ssl=1",1280,960,true],"covernews-slider-full":["https:\/\/i0.wp.com\/infos-droitshumains.net\/wp-content\/uploads\/2024\/07\/IMG-20240703-WA0093.jpg?resize=1115%2C715&ssl=1",1115,715,true],"covernews-slider-center":["https:\/\/i0.wp.com\/infos-droitshumains.net\/wp-content\/uploads\/2024\/07\/IMG-20240703-WA0093.jpg?resize=800%2C500&ssl=1",800,500,true],"covernews-featured":["https:\/\/i0.wp.com\/infos-droitshumains.net\/wp-content\/uploads\/2024\/07\/IMG-20240703-WA0093.jpg?fit=1024%2C768&ssl=1",1024,768,true],"covernews-medium":["https:\/\/i0.wp.com\/infos-droitshumains.net\/wp-content\/uploads\/2024\/07\/IMG-20240703-WA0093.jpg?resize=540%2C340&ssl=1",540,340,true],"covernews-medium-square":["https:\/\/i0.wp.com\/infos-droitshumains.net\/wp-content\/uploads\/2024\/07\/IMG-20240703-WA0093.jpg?resize=400%2C250&ssl=1",400,250,true]},"author_info":{"display_name":"Jo\u00ebl Diawa","author_link":"https:\/\/infos-droitshumains.net\/?author=2"},"category_info":"<a href=\"https:\/\/infos-droitshumains.net\/?cat=7\" rel=\"category\">Droits Humains<\/a>","tag_info":"Droits Humains","comment_count":"0","jetpack_featured_media_url":"https:\/\/i0.wp.com\/infos-droitshumains.net\/wp-content\/uploads\/2024\/07\/IMG-20240703-WA0093.jpg?fit=1280%2C960&ssl=1","jetpack-related-posts":[],"jetpack_sharing_enabled":true,"_links":{"self":[{"href":"https:\/\/infos-droitshumains.net\/index.php?rest_route=\/wp\/v2\/posts\/10305","targetHints":{"allow":["GET"]}}],"collection":[{"href":"https:\/\/infos-droitshumains.net\/index.php?rest_route=\/wp\/v2\/posts"}],"about":[{"href":"https:\/\/infos-droitshumains.net\/index.php?rest_route=\/wp\/v2\/types\/post"}],"author":[{"embeddable":true,"href":"https:\/\/infos-droitshumains.net\/index.php?rest_route=\/wp\/v2\/users\/2"}],"replies":[{"embeddable":true,"href":"https:\/\/infos-droitshumains.net\/index.php?rest_route=%2Fwp%2Fv2%2Fcomments&post=10305"}],"version-history":[{"count":8,"href":"https:\/\/infos-droitshumains.net\/index.php?rest_route=\/wp\/v2\/posts\/10305\/revisions"}],"predecessor-version":[{"id":10322,"href":"https:\/\/infos-droitshumains.net\/index.php?rest_route=\/wp\/v2\/posts\/10305\/revisions\/10322"}],"wp:featuredmedia":[{"embeddable":true,"href":"https:\/\/infos-droitshumains.net\/index.php?rest_route=\/wp\/v2\/media\/10306"}],"wp:attachment":[{"href":"https:\/\/infos-droitshumains.net\/index.php?rest_route=%2Fwp%2Fv2%2Fmedia&parent=10305"}],"wp:term":[{"taxonomy":"category","embeddable":true,"href":"https:\/\/infos-droitshumains.net\/index.php?rest_route=%2Fwp%2Fv2%2Fcategories&post=10305"},{"taxonomy":"post_tag","embeddable":true,"href":"https:\/\/infos-droitshumains.net\/index.php?rest_route=%2Fwp%2Fv2%2Ftags&post=10305"}],"curies":[{"name":"wp","href":"https:\/\/api.w.org\/{rel}","templated":true}]}}