{"id":10293,"date":"2024-07-02T21:34:42","date_gmt":"2024-07-02T19:34:42","guid":{"rendered":"https:\/\/infos-droitshumains.net\/?p=10293"},"modified":"2024-07-02T21:34:46","modified_gmt":"2024-07-02T19:34:46","slug":"rdc-integration-sociale-des-personnes-atteintes-dalbinisme-les-avancees-sont-enregistrees-malgre-la-persistance-des-stereotypes-dordre-culturel","status":"publish","type":"post","link":"https:\/\/infos-droitshumains.net\/?p=10293","title":{"rendered":"RDC\u00a0: Int\u00e9gration sociale des personnes atteintes d&rsquo;albinisme, les avanc\u00e9es sont enregistr\u00e9es malgr\u00e9 la persistance des st\u00e9r\u00e9otypes d&rsquo;ordre culturel"},"content":{"rendered":"\n<p><strong>R\u00e9daction: +243 817 406 088<\/strong><\/p>\n\n\n\n<h3 class=\"wp-block-heading has-vivid-red-color has-text-color has-link-color wp-elements-93d524514320060d3b5dde9c750dbd3e\">\u00c0 l&rsquo;occasion de 10 ans d&rsquo;anniversaire de la c\u00e9l\u00e9bration de la journ\u00e9e internationale de sensibilisation \u00e0 l&rsquo;albinisme, une conf\u00e9rence-radiodiffus\u00e9e a \u00e9t\u00e9 organis\u00e9e\u00a0 mardi 2 juillet 2024 \u00e0 la station de la Radio Okapi \u00e0 Kinshasa, sous l&rsquo;initiative du Bureau Conjoint des Nations Unies aux Droits de l&rsquo;Homme(BCNUDH).<\/h3>\n\n\n\n<figure class=\"wp-block-image alignfull size-large\"><img data-recalc-dims=\"1\" fetchpriority=\"high\" decoding=\"async\" width=\"640\" height=\"480\" src=\"https:\/\/i0.wp.com\/infos-droitshumains.net\/wp-content\/uploads\/2024\/07\/6.jpg?resize=640%2C480&#038;ssl=1\" alt=\"\" class=\"wp-image-10294\" srcset=\"https:\/\/i0.wp.com\/infos-droitshumains.net\/wp-content\/uploads\/2024\/07\/6.jpg?resize=1024%2C768&amp;ssl=1 1024w, https:\/\/i0.wp.com\/infos-droitshumains.net\/wp-content\/uploads\/2024\/07\/6.jpg?resize=300%2C225&amp;ssl=1 300w, https:\/\/i0.wp.com\/infos-droitshumains.net\/wp-content\/uploads\/2024\/07\/6.jpg?resize=768%2C576&amp;ssl=1 768w, https:\/\/i0.wp.com\/infos-droitshumains.net\/wp-content\/uploads\/2024\/07\/6.jpg?w=1040&amp;ssl=1 1040w\" sizes=\"(max-width: 640px) 100vw, 640px\" \/><\/figure>\n\n\n\n<p>Parlant de l&rsquo;int\u00e9gration sociale des personnes atteintes d&rsquo;albinisme en R\u00e9publique D\u00e9mocratique du Congo, Brigitte Iyeli, a dit noter quelques avanc\u00e9es malgr\u00e9 que le probl\u00e8me de l&rsquo;inclusion sociale persiste \u00e0 cause des st\u00e9r\u00e9otypes d&rsquo;ordre culturel.<\/p>\n\n\n\n<p><em>\u00ab\u00a0Il y a des avanc\u00e9es\u00a0! Nous voyons certaines personnes atteintes d&rsquo;albinisme dans les postes de d\u00e9cision, on les voit de plus en plus mais le probl\u00e8me d&rsquo;int\u00e9gration reste pos\u00e9. Il y a trop de repr\u00e9sentations sociales ali\u00e9nantes qui d\u00e9nigrent cette cat\u00e9gorie des personnes. Tous ces pr\u00e9jug\u00e9s font que les gens les \u00e9vitent, les marginalisent. Ce qui fait que nombreux d&rsquo;entre eux surtout les enfants ont du mal \u00e0 \u00e9voluer\u00a0\u00bb<\/em>, a rapport\u00e9 cette doctorante en anthropologie de l&rsquo;universit\u00e9 de Kinshasa qui propose par ailleurs, la prise en compte de plusieurs aspects humains pour esp\u00e9rer \u00e0 leur totale int\u00e9gration sociale.<\/p>\n\n\n\n<figure class=\"wp-block-image alignfull size-large\"><img data-recalc-dims=\"1\" decoding=\"async\" width=\"640\" height=\"480\" src=\"https:\/\/i0.wp.com\/infos-droitshumains.net\/wp-content\/uploads\/2024\/07\/3.jpg?resize=640%2C480&#038;ssl=1\" alt=\"\" class=\"wp-image-10295\" srcset=\"https:\/\/i0.wp.com\/infos-droitshumains.net\/wp-content\/uploads\/2024\/07\/3.jpg?resize=1024%2C768&amp;ssl=1 1024w, https:\/\/i0.wp.com\/infos-droitshumains.net\/wp-content\/uploads\/2024\/07\/3.jpg?resize=300%2C225&amp;ssl=1 300w, https:\/\/i0.wp.com\/infos-droitshumains.net\/wp-content\/uploads\/2024\/07\/3.jpg?resize=768%2C576&amp;ssl=1 768w, https:\/\/i0.wp.com\/infos-droitshumains.net\/wp-content\/uploads\/2024\/07\/3.jpg?w=1280&amp;ssl=1 1280w\" sizes=\"(max-width: 640px) 100vw, 640px\" \/><\/figure>\n\n\n\n<p>Elle estime que <em>\u00ab&nbsp;l&rsquo;int\u00e9gration sociale doit prendre en compte les aspects anthropologique, culturel, psycho-social, psycho-psychique de cette cat\u00e9gorie des personnes&nbsp;\u00bb<\/em> auxquels s\u2019ajoute <em>\u00ab&nbsp;une conjugaison d&rsquo;efforts des parties prenantes de la soci\u00e9t\u00e9 et sans oublier les concern\u00e9es elles-m\u00eames&nbsp;\u00bb<\/em>.<\/p>\n\n\n\n<p>L&rsquo;autre difficult\u00e9 \u00e0 laquelle font face les personnes atteintes d&rsquo;albinisme est l&rsquo;acc\u00e8s \u00e0 l&rsquo;\u00e9ducation. Tchad Tshiandamu, deuxi\u00e8me pan\u00e9liste \u00e0 cette conf\u00e9rence soutient en outre que <em>\u00ab\u00a0la premi\u00e8re facilitation de l&rsquo;accessibilit\u00e9 \u00e0 l&rsquo;\u00e9ducation est au niveau de la famille\u00a0\u00bb<\/em>. <em>\u00ab\u00a0Il faut que les parents favorisent l&rsquo;acc\u00e8s \u00e0 l&rsquo;\u00e9cole de leurs enfants atteints d&rsquo;albinisme parce que l&rsquo;\u00c9tat a d\u00e9j\u00e0 mis en place toutes les dispositions possibles de cet acc\u00e8s\u00a0\u00bb<\/em>, a insist\u00e9 cet enseignant.<\/p>\n\n\n\n<figure class=\"wp-block-image alignfull size-large\"><img data-recalc-dims=\"1\" decoding=\"async\" width=\"640\" height=\"480\" src=\"https:\/\/i0.wp.com\/infos-droitshumains.net\/wp-content\/uploads\/2024\/07\/1.jpg?resize=640%2C480&#038;ssl=1\" alt=\"\" class=\"wp-image-10296\" srcset=\"https:\/\/i0.wp.com\/infos-droitshumains.net\/wp-content\/uploads\/2024\/07\/1.jpg?resize=1024%2C768&amp;ssl=1 1024w, https:\/\/i0.wp.com\/infos-droitshumains.net\/wp-content\/uploads\/2024\/07\/1.jpg?resize=300%2C225&amp;ssl=1 300w, https:\/\/i0.wp.com\/infos-droitshumains.net\/wp-content\/uploads\/2024\/07\/1.jpg?resize=768%2C576&amp;ssl=1 768w, https:\/\/i0.wp.com\/infos-droitshumains.net\/wp-content\/uploads\/2024\/07\/1.jpg?w=1280&amp;ssl=1 1280w\" sizes=\"(max-width: 640px) 100vw, 640px\" \/><\/figure>\n\n\n\n<p>La journ\u00e9e internationale de sensibilisation \u00e0 l&rsquo;albinisme a \u00e9t\u00e9 instaur\u00e9e le 13 juin 2014 par les Nations Unies dans le but&nbsp; entre autres de lutter contre les discriminations faites aux personnes atteintes d&rsquo;albinisme. En R\u00e9publique D\u00e9mocratique du Congo, les droits de cette cat\u00e9gorie des personnes sont r\u00e9gis dans la loi organique n\u00b022\/033 du 3 mai portant protection et promotion des droits de la personne vivant avec handicap.<\/p>\n\n\n\n<p>AM<\/p>\n","protected":false},"excerpt":{"rendered":"<p>R\u00e9daction: +243 817 406 088 \u00c0 l&rsquo;occasion de 10 ans d&rsquo;anniversaire de la c\u00e9l\u00e9bration de&#8230;<\/p>\n","protected":false},"author":2,"featured_media":10297,"comment_status":"open","ping_status":"open","sticky":false,"template":"","format":"standard","meta":{"_jetpack_memberships_contains_paid_content":false,"footnotes":""},"categories":[7],"tags":[],"class_list":["post-10293","post","type-post","status-publish","format-standard","has-post-thumbnail","hentry","category-droits-humains"],"yoast_head":"<!-- This site is optimized with the Yoast SEO plugin v27.5 - https:\/\/yoast.com\/product\/yoast-seo-wordpress\/ -->\n<title>RDC\u00a0: Int\u00e9gration sociale des personnes atteintes d&#039;albinisme, les avanc\u00e9es sont enregistr\u00e9es malgr\u00e9 la persistance des st\u00e9r\u00e9otypes d&#039;ordre culturel - Infos Droits Humains<\/title>\n<meta name=\"robots\" content=\"index, follow, max-snippet:-1, max-image-preview:large, max-video-preview:-1\" \/>\n<link rel=\"canonical\" href=\"https:\/\/infos-droitshumains.net\/?p=10293\" \/>\n<meta property=\"og:locale\" content=\"fr_FR\" \/>\n<meta property=\"og:type\" content=\"article\" \/>\n<meta property=\"og:title\" content=\"RDC\u00a0: Int\u00e9gration sociale des personnes atteintes d&#039;albinisme, les avanc\u00e9es sont enregistr\u00e9es malgr\u00e9 la persistance des st\u00e9r\u00e9otypes d&#039;ordre culturel - Infos Droits Humains\" \/>\n<meta property=\"og:description\" content=\"R\u00e9daction: +243 817 406 088 \u00c0 l&rsquo;occasion de 10 ans d&rsquo;anniversaire de la c\u00e9l\u00e9bration de...\" \/>\n<meta property=\"og:url\" content=\"https:\/\/infos-droitshumains.net\/?p=10293\" \/>\n<meta property=\"og:site_name\" content=\"Infos Droits Humains\" \/>\n<meta property=\"article:published_time\" content=\"2024-07-02T19:34:42+00:00\" \/>\n<meta property=\"article:modified_time\" content=\"2024-07-02T19:34:46+00:00\" \/>\n<meta property=\"og:image\" content=\"https:\/\/infos-droitshumains.net\/wp-content\/uploads\/2024\/07\/2.jpg\" \/>\n\t<meta property=\"og:image:width\" content=\"1280\" \/>\n\t<meta property=\"og:image:height\" content=\"960\" \/>\n\t<meta property=\"og:image:type\" content=\"image\/jpeg\" \/>\n<meta name=\"author\" content=\"Jo\u00ebl Diawa\" \/>\n<meta name=\"twitter:card\" content=\"summary_large_image\" \/>\n<meta name=\"twitter:label1\" content=\"\u00c9crit par\" \/>\n\t<meta name=\"twitter:data1\" content=\"Jo\u00ebl Diawa\" \/>\n\t<meta name=\"twitter:label2\" content=\"Dur\u00e9e de lecture estim\u00e9e\" \/>\n\t<meta name=\"twitter:data2\" content=\"3 minutes\" \/>\n<script type=\"application\/ld+json\" class=\"yoast-schema-graph\">{\"@context\":\"https:\\\/\\\/schema.org\",\"@graph\":[{\"@type\":\"Article\",\"@id\":\"https:\\\/\\\/infos-droitshumains.net\\\/?p=10293#article\",\"isPartOf\":{\"@id\":\"https:\\\/\\\/infos-droitshumains.net\\\/?p=10293\"},\"author\":{\"name\":\"Jo\u00ebl Diawa\",\"@id\":\"https:\\\/\\\/infos-droitshumains.net\\\/#\\\/schema\\\/person\\\/3dc5e921c3302172e0ed4362f96faab7\"},\"headline\":\"RDC\u00a0: Int\u00e9gration sociale des personnes atteintes d&rsquo;albinisme, les avanc\u00e9es sont enregistr\u00e9es malgr\u00e9 la persistance des st\u00e9r\u00e9otypes d&rsquo;ordre culturel\",\"datePublished\":\"2024-07-02T19:34:42+00:00\",\"dateModified\":\"2024-07-02T19:34:46+00:00\",\"mainEntityOfPage\":{\"@id\":\"https:\\\/\\\/infos-droitshumains.net\\\/?p=10293\"},\"wordCount\":416,\"commentCount\":0,\"publisher\":{\"@id\":\"https:\\\/\\\/infos-droitshumains.net\\\/#organization\"},\"image\":{\"@id\":\"https:\\\/\\\/infos-droitshumains.net\\\/?p=10293#primaryimage\"},\"thumbnailUrl\":\"https:\\\/\\\/i0.wp.com\\\/infos-droitshumains.net\\\/wp-content\\\/uploads\\\/2024\\\/07\\\/2.jpg?fit=1280%2C960&ssl=1\",\"articleSection\":[\"Droits Humains\"],\"inLanguage\":\"fr-FR\",\"potentialAction\":[{\"@type\":\"CommentAction\",\"name\":\"Comment\",\"target\":[\"https:\\\/\\\/infos-droitshumains.net\\\/?p=10293#respond\"]}]},{\"@type\":\"WebPage\",\"@id\":\"https:\\\/\\\/infos-droitshumains.net\\\/?p=10293\",\"url\":\"https:\\\/\\\/infos-droitshumains.net\\\/?p=10293\",\"name\":\"RDC\u00a0: Int\u00e9gration sociale des personnes atteintes d'albinisme, les avanc\u00e9es sont enregistr\u00e9es malgr\u00e9 la persistance des st\u00e9r\u00e9otypes d'ordre culturel - Infos Droits Humains\",\"isPartOf\":{\"@id\":\"https:\\\/\\\/infos-droitshumains.net\\\/#website\"},\"primaryImageOfPage\":{\"@id\":\"https:\\\/\\\/infos-droitshumains.net\\\/?p=10293#primaryimage\"},\"image\":{\"@id\":\"https:\\\/\\\/infos-droitshumains.net\\\/?p=10293#primaryimage\"},\"thumbnailUrl\":\"https:\\\/\\\/i0.wp.com\\\/infos-droitshumains.net\\\/wp-content\\\/uploads\\\/2024\\\/07\\\/2.jpg?fit=1280%2C960&ssl=1\",\"datePublished\":\"2024-07-02T19:34:42+00:00\",\"dateModified\":\"2024-07-02T19:34:46+00:00\",\"breadcrumb\":{\"@id\":\"https:\\\/\\\/infos-droitshumains.net\\\/?p=10293#breadcrumb\"},\"inLanguage\":\"fr-FR\",\"potentialAction\":[{\"@type\":\"ReadAction\",\"target\":[\"https:\\\/\\\/infos-droitshumains.net\\\/?p=10293\"]}]},{\"@type\":\"ImageObject\",\"inLanguage\":\"fr-FR\",\"@id\":\"https:\\\/\\\/infos-droitshumains.net\\\/?p=10293#primaryimage\",\"url\":\"https:\\\/\\\/i0.wp.com\\\/infos-droitshumains.net\\\/wp-content\\\/uploads\\\/2024\\\/07\\\/2.jpg?fit=1280%2C960&ssl=1\",\"contentUrl\":\"https:\\\/\\\/i0.wp.com\\\/infos-droitshumains.net\\\/wp-content\\\/uploads\\\/2024\\\/07\\\/2.jpg?fit=1280%2C960&ssl=1\",\"width\":1280,\"height\":960},{\"@type\":\"BreadcrumbList\",\"@id\":\"https:\\\/\\\/infos-droitshumains.net\\\/?p=10293#breadcrumb\",\"itemListElement\":[{\"@type\":\"ListItem\",\"position\":1,\"name\":\"Accueil\",\"item\":\"https:\\\/\\\/infos-droitshumains.net\\\/\"},{\"@type\":\"ListItem\",\"position\":2,\"name\":\"RDC\u00a0: Int\u00e9gration sociale des personnes atteintes d&rsquo;albinisme, les avanc\u00e9es sont enregistr\u00e9es malgr\u00e9 la persistance des st\u00e9r\u00e9otypes d&rsquo;ordre culturel\"}]},{\"@type\":\"WebSite\",\"@id\":\"https:\\\/\\\/infos-droitshumains.net\\\/#website\",\"url\":\"https:\\\/\\\/infos-droitshumains.net\\\/\",\"name\":\"Infos Droits Humains\",\"description\":\"S&#039;informer est un droit\",\"publisher\":{\"@id\":\"https:\\\/\\\/infos-droitshumains.net\\\/#organization\"},\"potentialAction\":[{\"@type\":\"SearchAction\",\"target\":{\"@type\":\"EntryPoint\",\"urlTemplate\":\"https:\\\/\\\/infos-droitshumains.net\\\/?s={search_term_string}\"},\"query-input\":{\"@type\":\"PropertyValueSpecification\",\"valueRequired\":true,\"valueName\":\"search_term_string\"}}],\"inLanguage\":\"fr-FR\"},{\"@type\":\"Organization\",\"@id\":\"https:\\\/\\\/infos-droitshumains.net\\\/#organization\",\"name\":\"Infos Droits Humains\",\"url\":\"https:\\\/\\\/infos-droitshumains.net\\\/\",\"logo\":{\"@type\":\"ImageObject\",\"inLanguage\":\"fr-FR\",\"@id\":\"https:\\\/\\\/infos-droitshumains.net\\\/#\\\/schema\\\/logo\\\/image\\\/\",\"url\":\"https:\\\/\\\/i0.wp.com\\\/infos-droitshumains.net\\\/wp-content\\\/uploads\\\/2022\\\/05\\\/Logo.png?fit=333%2C129&ssl=1\",\"contentUrl\":\"https:\\\/\\\/i0.wp.com\\\/infos-droitshumains.net\\\/wp-content\\\/uploads\\\/2022\\\/05\\\/Logo.png?fit=333%2C129&ssl=1\",\"width\":333,\"height\":129,\"caption\":\"Infos Droits Humains\"},\"image\":{\"@id\":\"https:\\\/\\\/infos-droitshumains.net\\\/#\\\/schema\\\/logo\\\/image\\\/\"}},{\"@type\":\"Person\",\"@id\":\"https:\\\/\\\/infos-droitshumains.net\\\/#\\\/schema\\\/person\\\/3dc5e921c3302172e0ed4362f96faab7\",\"name\":\"Jo\u00ebl Diawa\",\"image\":{\"@type\":\"ImageObject\",\"inLanguage\":\"fr-FR\",\"@id\":\"https:\\\/\\\/secure.gravatar.com\\\/avatar\\\/729bea6ff4604c624417803c477363be8e3c7186deaa65713313f9b4b820f41c?s=96&d=mm&r=g\",\"url\":\"https:\\\/\\\/secure.gravatar.com\\\/avatar\\\/729bea6ff4604c624417803c477363be8e3c7186deaa65713313f9b4b820f41c?s=96&d=mm&r=g\",\"contentUrl\":\"https:\\\/\\\/secure.gravatar.com\\\/avatar\\\/729bea6ff4604c624417803c477363be8e3c7186deaa65713313f9b4b820f41c?s=96&d=mm&r=g\",\"caption\":\"Jo\u00ebl Diawa\"},\"sameAs\":[\"https:\\\/\\\/www.infos-droitshumains.net\"],\"url\":\"https:\\\/\\\/infos-droitshumains.net\\\/?author=2\"}]}<\/script>\n<!-- \/ Yoast SEO plugin. -->","yoast_head_json":{"title":"RDC\u00a0: Int\u00e9gration sociale des personnes atteintes d'albinisme, les avanc\u00e9es sont enregistr\u00e9es malgr\u00e9 la persistance des st\u00e9r\u00e9otypes d'ordre culturel - Infos Droits Humains","robots":{"index":"index","follow":"follow","max-snippet":"max-snippet:-1","max-image-preview":"max-image-preview:large","max-video-preview":"max-video-preview:-1"},"canonical":"https:\/\/infos-droitshumains.net\/?p=10293","og_locale":"fr_FR","og_type":"article","og_title":"RDC\u00a0: Int\u00e9gration sociale des personnes atteintes d'albinisme, les avanc\u00e9es sont enregistr\u00e9es malgr\u00e9 la persistance des st\u00e9r\u00e9otypes d'ordre culturel - Infos Droits Humains","og_description":"R\u00e9daction: +243 817 406 088 \u00c0 l&rsquo;occasion de 10 ans d&rsquo;anniversaire de la c\u00e9l\u00e9bration de...","og_url":"https:\/\/infos-droitshumains.net\/?p=10293","og_site_name":"Infos Droits Humains","article_published_time":"2024-07-02T19:34:42+00:00","article_modified_time":"2024-07-02T19:34:46+00:00","og_image":[{"width":1280,"height":960,"url":"https:\/\/infos-droitshumains.net\/wp-content\/uploads\/2024\/07\/2.jpg","type":"image\/jpeg"}],"author":"Jo\u00ebl Diawa","twitter_card":"summary_large_image","twitter_misc":{"\u00c9crit par":"Jo\u00ebl Diawa","Dur\u00e9e de lecture estim\u00e9e":"3 minutes"},"schema":{"@context":"https:\/\/schema.org","@graph":[{"@type":"Article","@id":"https:\/\/infos-droitshumains.net\/?p=10293#article","isPartOf":{"@id":"https:\/\/infos-droitshumains.net\/?p=10293"},"author":{"name":"Jo\u00ebl Diawa","@id":"https:\/\/infos-droitshumains.net\/#\/schema\/person\/3dc5e921c3302172e0ed4362f96faab7"},"headline":"RDC\u00a0: Int\u00e9gration sociale des personnes atteintes d&rsquo;albinisme, les avanc\u00e9es sont enregistr\u00e9es malgr\u00e9 la persistance des st\u00e9r\u00e9otypes d&rsquo;ordre culturel","datePublished":"2024-07-02T19:34:42+00:00","dateModified":"2024-07-02T19:34:46+00:00","mainEntityOfPage":{"@id":"https:\/\/infos-droitshumains.net\/?p=10293"},"wordCount":416,"commentCount":0,"publisher":{"@id":"https:\/\/infos-droitshumains.net\/#organization"},"image":{"@id":"https:\/\/infos-droitshumains.net\/?p=10293#primaryimage"},"thumbnailUrl":"https:\/\/i0.wp.com\/infos-droitshumains.net\/wp-content\/uploads\/2024\/07\/2.jpg?fit=1280%2C960&ssl=1","articleSection":["Droits Humains"],"inLanguage":"fr-FR","potentialAction":[{"@type":"CommentAction","name":"Comment","target":["https:\/\/infos-droitshumains.net\/?p=10293#respond"]}]},{"@type":"WebPage","@id":"https:\/\/infos-droitshumains.net\/?p=10293","url":"https:\/\/infos-droitshumains.net\/?p=10293","name":"RDC\u00a0: Int\u00e9gration sociale des personnes atteintes d'albinisme, les avanc\u00e9es sont enregistr\u00e9es malgr\u00e9 la persistance des st\u00e9r\u00e9otypes d'ordre culturel - Infos Droits Humains","isPartOf":{"@id":"https:\/\/infos-droitshumains.net\/#website"},"primaryImageOfPage":{"@id":"https:\/\/infos-droitshumains.net\/?p=10293#primaryimage"},"image":{"@id":"https:\/\/infos-droitshumains.net\/?p=10293#primaryimage"},"thumbnailUrl":"https:\/\/i0.wp.com\/infos-droitshumains.net\/wp-content\/uploads\/2024\/07\/2.jpg?fit=1280%2C960&ssl=1","datePublished":"2024-07-02T19:34:42+00:00","dateModified":"2024-07-02T19:34:46+00:00","breadcrumb":{"@id":"https:\/\/infos-droitshumains.net\/?p=10293#breadcrumb"},"inLanguage":"fr-FR","potentialAction":[{"@type":"ReadAction","target":["https:\/\/infos-droitshumains.net\/?p=10293"]}]},{"@type":"ImageObject","inLanguage":"fr-FR","@id":"https:\/\/infos-droitshumains.net\/?p=10293#primaryimage","url":"https:\/\/i0.wp.com\/infos-droitshumains.net\/wp-content\/uploads\/2024\/07\/2.jpg?fit=1280%2C960&ssl=1","contentUrl":"https:\/\/i0.wp.com\/infos-droitshumains.net\/wp-content\/uploads\/2024\/07\/2.jpg?fit=1280%2C960&ssl=1","width":1280,"height":960},{"@type":"BreadcrumbList","@id":"https:\/\/infos-droitshumains.net\/?p=10293#breadcrumb","itemListElement":[{"@type":"ListItem","position":1,"name":"Accueil","item":"https:\/\/infos-droitshumains.net\/"},{"@type":"ListItem","position":2,"name":"RDC\u00a0: Int\u00e9gration sociale des personnes atteintes d&rsquo;albinisme, les avanc\u00e9es sont enregistr\u00e9es malgr\u00e9 la persistance des st\u00e9r\u00e9otypes d&rsquo;ordre culturel"}]},{"@type":"WebSite","@id":"https:\/\/infos-droitshumains.net\/#website","url":"https:\/\/infos-droitshumains.net\/","name":"Infos Droits Humains","description":"S&#039;informer est un droit","publisher":{"@id":"https:\/\/infos-droitshumains.net\/#organization"},"potentialAction":[{"@type":"SearchAction","target":{"@type":"EntryPoint","urlTemplate":"https:\/\/infos-droitshumains.net\/?s={search_term_string}"},"query-input":{"@type":"PropertyValueSpecification","valueRequired":true,"valueName":"search_term_string"}}],"inLanguage":"fr-FR"},{"@type":"Organization","@id":"https:\/\/infos-droitshumains.net\/#organization","name":"Infos Droits Humains","url":"https:\/\/infos-droitshumains.net\/","logo":{"@type":"ImageObject","inLanguage":"fr-FR","@id":"https:\/\/infos-droitshumains.net\/#\/schema\/logo\/image\/","url":"https:\/\/i0.wp.com\/infos-droitshumains.net\/wp-content\/uploads\/2022\/05\/Logo.png?fit=333%2C129&ssl=1","contentUrl":"https:\/\/i0.wp.com\/infos-droitshumains.net\/wp-content\/uploads\/2022\/05\/Logo.png?fit=333%2C129&ssl=1","width":333,"height":129,"caption":"Infos Droits Humains"},"image":{"@id":"https:\/\/infos-droitshumains.net\/#\/schema\/logo\/image\/"}},{"@type":"Person","@id":"https:\/\/infos-droitshumains.net\/#\/schema\/person\/3dc5e921c3302172e0ed4362f96faab7","name":"Jo\u00ebl Diawa","image":{"@type":"ImageObject","inLanguage":"fr-FR","@id":"https:\/\/secure.gravatar.com\/avatar\/729bea6ff4604c624417803c477363be8e3c7186deaa65713313f9b4b820f41c?s=96&d=mm&r=g","url":"https:\/\/secure.gravatar.com\/avatar\/729bea6ff4604c624417803c477363be8e3c7186deaa65713313f9b4b820f41c?s=96&d=mm&r=g","contentUrl":"https:\/\/secure.gravatar.com\/avatar\/729bea6ff4604c624417803c477363be8e3c7186deaa65713313f9b4b820f41c?s=96&d=mm&r=g","caption":"Jo\u00ebl Diawa"},"sameAs":["https:\/\/www.infos-droitshumains.net"],"url":"https:\/\/infos-droitshumains.net\/?author=2"}]}},"featured_image_urls":{"full":["https:\/\/i0.wp.com\/infos-droitshumains.net\/wp-content\/uploads\/2024\/07\/2.jpg?fit=1280%2C960&ssl=1",1280,960,false],"thumbnail":["https:\/\/i0.wp.com\/infos-droitshumains.net\/wp-content\/uploads\/2024\/07\/2.jpg?resize=150%2C150&ssl=1",150,150,true],"medium":["https:\/\/i0.wp.com\/infos-droitshumains.net\/wp-content\/uploads\/2024\/07\/2.jpg?fit=300%2C225&ssl=1",300,225,true],"medium_large":["https:\/\/i0.wp.com\/infos-droitshumains.net\/wp-content\/uploads\/2024\/07\/2.jpg?fit=640%2C480&ssl=1",640,480,true],"large":["https:\/\/i0.wp.com\/infos-droitshumains.net\/wp-content\/uploads\/2024\/07\/2.jpg?fit=640%2C480&ssl=1",640,480,true],"1536x1536":["https:\/\/i0.wp.com\/infos-droitshumains.net\/wp-content\/uploads\/2024\/07\/2.jpg?fit=1280%2C960&ssl=1",1280,960,true],"2048x2048":["https:\/\/i0.wp.com\/infos-droitshumains.net\/wp-content\/uploads\/2024\/07\/2.jpg?fit=1280%2C960&ssl=1",1280,960,true],"covernews-slider-full":["https:\/\/i0.wp.com\/infos-droitshumains.net\/wp-content\/uploads\/2024\/07\/2.jpg?resize=1115%2C715&ssl=1",1115,715,true],"covernews-slider-center":["https:\/\/i0.wp.com\/infos-droitshumains.net\/wp-content\/uploads\/2024\/07\/2.jpg?resize=800%2C500&ssl=1",800,500,true],"covernews-featured":["https:\/\/i0.wp.com\/infos-droitshumains.net\/wp-content\/uploads\/2024\/07\/2.jpg?fit=1024%2C768&ssl=1",1024,768,true],"covernews-medium":["https:\/\/i0.wp.com\/infos-droitshumains.net\/wp-content\/uploads\/2024\/07\/2.jpg?resize=540%2C340&ssl=1",540,340,true],"covernews-medium-square":["https:\/\/i0.wp.com\/infos-droitshumains.net\/wp-content\/uploads\/2024\/07\/2.jpg?resize=400%2C250&ssl=1",400,250,true]},"author_info":{"display_name":"Jo\u00ebl Diawa","author_link":"https:\/\/infos-droitshumains.net\/?author=2"},"category_info":"<a href=\"https:\/\/infos-droitshumains.net\/?cat=7\" rel=\"category\">Droits Humains<\/a>","tag_info":"Droits Humains","comment_count":"0","jetpack_featured_media_url":"https:\/\/i0.wp.com\/infos-droitshumains.net\/wp-content\/uploads\/2024\/07\/2.jpg?fit=1280%2C960&ssl=1","jetpack-related-posts":[],"jetpack_sharing_enabled":true,"_links":{"self":[{"href":"https:\/\/infos-droitshumains.net\/index.php?rest_route=\/wp\/v2\/posts\/10293","targetHints":{"allow":["GET"]}}],"collection":[{"href":"https:\/\/infos-droitshumains.net\/index.php?rest_route=\/wp\/v2\/posts"}],"about":[{"href":"https:\/\/infos-droitshumains.net\/index.php?rest_route=\/wp\/v2\/types\/post"}],"author":[{"embeddable":true,"href":"https:\/\/infos-droitshumains.net\/index.php?rest_route=\/wp\/v2\/users\/2"}],"replies":[{"embeddable":true,"href":"https:\/\/infos-droitshumains.net\/index.php?rest_route=%2Fwp%2Fv2%2Fcomments&post=10293"}],"version-history":[{"count":1,"href":"https:\/\/infos-droitshumains.net\/index.php?rest_route=\/wp\/v2\/posts\/10293\/revisions"}],"predecessor-version":[{"id":10298,"href":"https:\/\/infos-droitshumains.net\/index.php?rest_route=\/wp\/v2\/posts\/10293\/revisions\/10298"}],"wp:featuredmedia":[{"embeddable":true,"href":"https:\/\/infos-droitshumains.net\/index.php?rest_route=\/wp\/v2\/media\/10297"}],"wp:attachment":[{"href":"https:\/\/infos-droitshumains.net\/index.php?rest_route=%2Fwp%2Fv2%2Fmedia&parent=10293"}],"wp:term":[{"taxonomy":"category","embeddable":true,"href":"https:\/\/infos-droitshumains.net\/index.php?rest_route=%2Fwp%2Fv2%2Fcategories&post=10293"},{"taxonomy":"post_tag","embeddable":true,"href":"https:\/\/infos-droitshumains.net\/index.php?rest_route=%2Fwp%2Fv2%2Ftags&post=10293"}],"curies":[{"name":"wp","href":"https:\/\/api.w.org\/{rel}","templated":true}]}}