{"id":10155,"date":"2024-06-11T21:26:46","date_gmt":"2024-06-11T19:26:46","guid":{"rendered":"https:\/\/infos-droitshumains.net\/?p=10155"},"modified":"2024-06-11T21:32:28","modified_gmt":"2024-06-11T19:32:28","slug":"assemblee-nationale-judith-suminua-presente-le-programme-daction-gouvernementale-2024-2028-chiffre-a-929-milliards","status":"publish","type":"post","link":"https:\/\/infos-droitshumains.net\/?p=10155","title":{"rendered":"Assembl\u00e9e Nationale\u00a0: Judith Suminua pr\u00e9sente le programme d\u2019action gouvernementale 2024-2028 chiffr\u00e9 \u00e0 92,9 Milliards $"},"content":{"rendered":"\n<p><strong>R\u00e9daction: +243 817 406 088<\/strong><\/p>\n\n\n\n<h3 class=\"wp-block-heading has-vivid-red-color has-text-color has-link-color wp-elements-db3ec684b66e2393778cb811534f197e\">La premi\u00e8re ministre de la R\u00e9publique D\u00e9mocratique du Congo a pr\u00e9sent\u00e9 ce mardi 11 juin, \u00e0 l\u2019Assembl\u00e9e Nationale, le programme d\u2019action de son gouvernement. Il s\u2019agit d\u2019un programme quinquennal 2024-2028 qui s\u2019\u00e9l\u00e8ve\u00a0 \u00e0 277\u00a0066,2 milliards de CDF soit 92,9 milliards USD. D\u2019apr\u00e8s Judith Suminua Tuluka, ce co\u00fbt est totalement couvert par des ressources \u00e9tatiques et non \u00e9tatiques, du pouvoir central et des provinces ainsi que des entit\u00e9s territoriales d\u00e9centralis\u00e9es.<\/h3>\n\n\n\n<figure class=\"wp-block-image alignfull size-full\"><img data-recalc-dims=\"1\" fetchpriority=\"high\" decoding=\"async\" width=\"640\" height=\"427\" src=\"https:\/\/i0.wp.com\/infos-droitshumains.net\/wp-content\/uploads\/2024\/06\/IMG-20240611-WA0025.jpg?resize=640%2C427&#038;ssl=1\" alt=\"\" class=\"wp-image-10160\" srcset=\"https:\/\/i0.wp.com\/infos-droitshumains.net\/wp-content\/uploads\/2024\/06\/IMG-20240611-WA0025.jpg?w=1000&amp;ssl=1 1000w, https:\/\/i0.wp.com\/infos-droitshumains.net\/wp-content\/uploads\/2024\/06\/IMG-20240611-WA0025.jpg?resize=300%2C200&amp;ssl=1 300w, https:\/\/i0.wp.com\/infos-droitshumains.net\/wp-content\/uploads\/2024\/06\/IMG-20240611-WA0025.jpg?resize=768%2C512&amp;ssl=1 768w\" sizes=\"(max-width: 640px) 100vw, 640px\" \/><\/figure>\n\n\n\n<p>Ce programme \u00e0 en croire Judith Suminua, traduit la ferme volont\u00e9 du Gouvernement congolais d\u2019atteindre un double objectif&nbsp;\u00e0 savoir, <em>\u00ab&nbsp;consolider les acquis du premier mandat&nbsp;\u00bb<\/em> du Pr\u00e9sident F\u00e9lix Tshisekedi en vue de <em>\u00ab&nbsp;parachever l\u2019av\u00e8nement d\u2019un Congo plus uni, mieux s\u00e9curis\u00e9, \u00e0 la souverainet\u00e9 affirm\u00e9e et plus prosp\u00e8re&nbsp;\u00bb<\/em>&nbsp;; et <em>\u00ab&nbsp;Poser durablement les jalons d\u2019un Congo \u00e9mergent dans lequel l\u2019autorit\u00e9 de l\u2019\u00c9tat est consolid\u00e9e, la solidarit\u00e9 renforc\u00e9e et les villes connect\u00e9es. \u00bb<\/em><\/p>\n\n\n\n<p>Articul\u00e9 autour de six piliers strat\u00e9giques \u00e0 savoir, Cr\u00e9er plus d\u2019emplois et prot\u00e9ger le pouvoir d\u2019achat des m\u00e9nages\u00a0; Prot\u00e9ger le territoire national et s\u00e9curiser les personnes et leurs biens\u00a0; Am\u00e9nager le territoire national en vue d\u2019une connectivit\u00e9 maximale\u00a0; Garantir l\u2019acc\u00e8s aux services sociaux de base\u00a0; Renforcer les capacit\u00e9s des services publics et\u00a0; G\u00e9rer durablement et de mani\u00e8re responsable l\u2019\u00e9cosyst\u00e8me face aux changements climatiques, ce programme tire principalement sa source <em>\u00ab\u00a0de plusieurs documents nationaux de planification strat\u00e9gique et du programme \u00e9lectoral du Pr\u00e9sident de la R\u00e9publique 2024-2028\u00a0\u00bb<\/em>, mais s\u2019est \u00e9galement <em>\u00ab\u00a0inspir\u00e9 des r\u00e9sultats des travaux pr\u00e9paratoires de l\u2019\u00e9laboration du Plan National strat\u00e9gique de D\u00e9veloppement 2024-2028 en cours de finalisation par le Gouvernement\u00a0\u00bb<\/em>, a par ailleurs rappel\u00e9 Judith Suminua.<\/p>\n\n\n\n<figure class=\"wp-block-image alignfull size-full\"><img data-recalc-dims=\"1\" decoding=\"async\" width=\"640\" height=\"428\" src=\"https:\/\/i0.wp.com\/infos-droitshumains.net\/wp-content\/uploads\/2024\/06\/IMG-20240611-WA0061.jpg?resize=640%2C428&#038;ssl=1\" alt=\"\" class=\"wp-image-10162\" srcset=\"https:\/\/i0.wp.com\/infos-droitshumains.net\/wp-content\/uploads\/2024\/06\/IMG-20240611-WA0061.jpg?w=1000&amp;ssl=1 1000w, https:\/\/i0.wp.com\/infos-droitshumains.net\/wp-content\/uploads\/2024\/06\/IMG-20240611-WA0061.jpg?resize=300%2C200&amp;ssl=1 300w, https:\/\/i0.wp.com\/infos-droitshumains.net\/wp-content\/uploads\/2024\/06\/IMG-20240611-WA0061.jpg?resize=768%2C513&amp;ssl=1 768w\" sizes=\"(max-width: 640px) 100vw, 640px\" \/><\/figure>\n\n\n\n<p>30% du budget soit, un co\u00fbt total cumul\u00e9 de 83,1 mille milliards CDF sera allou\u00e9 pour le pilier1, 25% soit 69,3 mille milliards de francs congolais pour le pilier3(Am\u00e9nager le territoire national en vue d\u2019une connectivit\u00e9 maximale). Ce qui repr\u00e9sente un co\u00fbt total cumul\u00e9 de sur les 5ans du programme, soit une moyenne de 13,8 mille milliards CDF&nbsp;; le pilier 2 se verra allou\u00e9 20%, 15% pour le pilier 4 alors que les piliers 5 et 6 b\u00e9n\u00e9ficieront chacun de 5%.<\/p>\n\n\n\n<p>Et pour prendre en charge ses ambitions, <em>\u00ab\u00a0la RDC est dans l\u2019obligation de g\u00e9n\u00e9rer les ressources n\u00e9cessaires pour le financement de ce Programme du Gouvernement.\u00a0 Les ressources dont le Gouvernement a besoin pour financer son programme d\u2019action ne peuvent \u00eatre g\u00e9n\u00e9r\u00e9es que par l\u2019\u00e9conomie congolaise avec l\u2019appui de certains partenaires de l\u2019Etat\u00bb<\/em>, a martel\u00e9\u00a0 la Premi\u00e8re-Ministre devant la repr\u00e9sentation nationale.<\/p>\n\n\n\n<figure class=\"wp-block-image alignfull size-full\"><img data-recalc-dims=\"1\" decoding=\"async\" width=\"640\" height=\"428\" src=\"https:\/\/i0.wp.com\/infos-droitshumains.net\/wp-content\/uploads\/2024\/06\/IMG-20240611-WA0065.jpg?resize=640%2C428&#038;ssl=1\" alt=\"\" class=\"wp-image-10163\" srcset=\"https:\/\/i0.wp.com\/infos-droitshumains.net\/wp-content\/uploads\/2024\/06\/IMG-20240611-WA0065.jpg?w=1000&amp;ssl=1 1000w, https:\/\/i0.wp.com\/infos-droitshumains.net\/wp-content\/uploads\/2024\/06\/IMG-20240611-WA0065.jpg?resize=300%2C200&amp;ssl=1 300w, https:\/\/i0.wp.com\/infos-droitshumains.net\/wp-content\/uploads\/2024\/06\/IMG-20240611-WA0065.jpg?resize=768%2C513&amp;ssl=1 768w\" sizes=\"(max-width: 640px) 100vw, 640px\" \/><\/figure>\n\n\n\n<p>Il faut aussi signaler que le nouveau Gouvernement s\u2019est engag\u00e9&nbsp; \u00e0 mettre en \u0153uvre les trois initiatives pr\u00e9sidentielles, \u00e0 savoir&nbsp;; les routes de desserte agricole dans le cadre du programme de d\u00e9veloppement local de 145 territoires, les cha\u00eenes de valeurs agricoles&nbsp; de l\u2019agenda de transformation Agricole&nbsp;; la revanche du sol sur le sous-sol et l\u2019assainissement des villes afin de faire du d\u00e9veloppement urbain un moteur de croissance \u00e9conomique.<\/p>\n\n\n\n<p>Jo\u00ebl Diawa<\/p>\n","protected":false},"excerpt":{"rendered":"<p>R\u00e9daction: +243 817 406 088 La premi\u00e8re ministre de la R\u00e9publique D\u00e9mocratique du Congo a&#8230;<\/p>\n","protected":false},"author":2,"featured_media":10158,"comment_status":"open","ping_status":"open","sticky":false,"template":"","format":"standard","meta":{"_jetpack_memberships_contains_paid_content":false,"footnotes":""},"categories":[3],"tags":[],"class_list":["post-10155","post","type-post","status-publish","format-standard","has-post-thumbnail","hentry","category-politique"],"yoast_head":"<!-- This site is optimized with the Yoast SEO plugin v27.5 - https:\/\/yoast.com\/product\/yoast-seo-wordpress\/ -->\n<title>Assembl\u00e9e Nationale\u00a0: Judith Suminua pr\u00e9sente le programme d\u2019action gouvernementale 2024-2028 chiffr\u00e9 \u00e0 92,9 Milliards $ - Infos Droits Humains<\/title>\n<meta name=\"robots\" content=\"index, follow, max-snippet:-1, max-image-preview:large, max-video-preview:-1\" \/>\n<link rel=\"canonical\" href=\"https:\/\/infos-droitshumains.net\/?p=10155\" \/>\n<meta property=\"og:locale\" content=\"fr_FR\" \/>\n<meta property=\"og:type\" content=\"article\" \/>\n<meta property=\"og:title\" content=\"Assembl\u00e9e Nationale\u00a0: Judith Suminua pr\u00e9sente le programme d\u2019action gouvernementale 2024-2028 chiffr\u00e9 \u00e0 92,9 Milliards $ - Infos Droits Humains\" \/>\n<meta property=\"og:description\" content=\"R\u00e9daction: +243 817 406 088 La premi\u00e8re ministre de la R\u00e9publique D\u00e9mocratique du Congo a...\" \/>\n<meta property=\"og:url\" content=\"https:\/\/infos-droitshumains.net\/?p=10155\" \/>\n<meta property=\"og:site_name\" content=\"Infos Droits Humains\" \/>\n<meta property=\"article:published_time\" content=\"2024-06-11T19:26:46+00:00\" \/>\n<meta property=\"article:modified_time\" content=\"2024-06-11T19:32:28+00:00\" \/>\n<meta property=\"og:image\" content=\"https:\/\/infos-droitshumains.net\/wp-content\/uploads\/2024\/06\/IMG-20240611-WA0063.jpg\" \/>\n\t<meta property=\"og:image:width\" content=\"1000\" \/>\n\t<meta property=\"og:image:height\" content=\"668\" \/>\n\t<meta property=\"og:image:type\" content=\"image\/jpeg\" \/>\n<meta name=\"author\" content=\"Jo\u00ebl Diawa\" \/>\n<meta name=\"twitter:card\" content=\"summary_large_image\" \/>\n<meta name=\"twitter:label1\" content=\"\u00c9crit par\" \/>\n\t<meta name=\"twitter:data1\" content=\"Jo\u00ebl Diawa\" \/>\n\t<meta name=\"twitter:label2\" content=\"Dur\u00e9e de lecture estim\u00e9e\" \/>\n\t<meta name=\"twitter:data2\" content=\"4 minutes\" \/>\n<script type=\"application\/ld+json\" class=\"yoast-schema-graph\">{\"@context\":\"https:\\\/\\\/schema.org\",\"@graph\":[{\"@type\":\"Article\",\"@id\":\"https:\\\/\\\/infos-droitshumains.net\\\/?p=10155#article\",\"isPartOf\":{\"@id\":\"https:\\\/\\\/infos-droitshumains.net\\\/?p=10155\"},\"author\":{\"name\":\"Jo\u00ebl Diawa\",\"@id\":\"https:\\\/\\\/infos-droitshumains.net\\\/#\\\/schema\\\/person\\\/3dc5e921c3302172e0ed4362f96faab7\"},\"headline\":\"Assembl\u00e9e Nationale\u00a0: Judith Suminua pr\u00e9sente le programme d\u2019action gouvernementale 2024-2028 chiffr\u00e9 \u00e0 92,9 Milliards $\",\"datePublished\":\"2024-06-11T19:26:46+00:00\",\"dateModified\":\"2024-06-11T19:32:28+00:00\",\"mainEntityOfPage\":{\"@id\":\"https:\\\/\\\/infos-droitshumains.net\\\/?p=10155\"},\"wordCount\":559,\"commentCount\":0,\"publisher\":{\"@id\":\"https:\\\/\\\/infos-droitshumains.net\\\/#organization\"},\"image\":{\"@id\":\"https:\\\/\\\/infos-droitshumains.net\\\/?p=10155#primaryimage\"},\"thumbnailUrl\":\"https:\\\/\\\/i0.wp.com\\\/infos-droitshumains.net\\\/wp-content\\\/uploads\\\/2024\\\/06\\\/IMG-20240611-WA0063.jpg?fit=1000%2C668&ssl=1\",\"articleSection\":[\"Politique\"],\"inLanguage\":\"fr-FR\",\"potentialAction\":[{\"@type\":\"CommentAction\",\"name\":\"Comment\",\"target\":[\"https:\\\/\\\/infos-droitshumains.net\\\/?p=10155#respond\"]}]},{\"@type\":\"WebPage\",\"@id\":\"https:\\\/\\\/infos-droitshumains.net\\\/?p=10155\",\"url\":\"https:\\\/\\\/infos-droitshumains.net\\\/?p=10155\",\"name\":\"Assembl\u00e9e Nationale\u00a0: Judith Suminua pr\u00e9sente le programme d\u2019action gouvernementale 2024-2028 chiffr\u00e9 \u00e0 92,9 Milliards $ - Infos Droits Humains\",\"isPartOf\":{\"@id\":\"https:\\\/\\\/infos-droitshumains.net\\\/#website\"},\"primaryImageOfPage\":{\"@id\":\"https:\\\/\\\/infos-droitshumains.net\\\/?p=10155#primaryimage\"},\"image\":{\"@id\":\"https:\\\/\\\/infos-droitshumains.net\\\/?p=10155#primaryimage\"},\"thumbnailUrl\":\"https:\\\/\\\/i0.wp.com\\\/infos-droitshumains.net\\\/wp-content\\\/uploads\\\/2024\\\/06\\\/IMG-20240611-WA0063.jpg?fit=1000%2C668&ssl=1\",\"datePublished\":\"2024-06-11T19:26:46+00:00\",\"dateModified\":\"2024-06-11T19:32:28+00:00\",\"breadcrumb\":{\"@id\":\"https:\\\/\\\/infos-droitshumains.net\\\/?p=10155#breadcrumb\"},\"inLanguage\":\"fr-FR\",\"potentialAction\":[{\"@type\":\"ReadAction\",\"target\":[\"https:\\\/\\\/infos-droitshumains.net\\\/?p=10155\"]}]},{\"@type\":\"ImageObject\",\"inLanguage\":\"fr-FR\",\"@id\":\"https:\\\/\\\/infos-droitshumains.net\\\/?p=10155#primaryimage\",\"url\":\"https:\\\/\\\/i0.wp.com\\\/infos-droitshumains.net\\\/wp-content\\\/uploads\\\/2024\\\/06\\\/IMG-20240611-WA0063.jpg?fit=1000%2C668&ssl=1\",\"contentUrl\":\"https:\\\/\\\/i0.wp.com\\\/infos-droitshumains.net\\\/wp-content\\\/uploads\\\/2024\\\/06\\\/IMG-20240611-WA0063.jpg?fit=1000%2C668&ssl=1\",\"width\":1000,\"height\":668},{\"@type\":\"BreadcrumbList\",\"@id\":\"https:\\\/\\\/infos-droitshumains.net\\\/?p=10155#breadcrumb\",\"itemListElement\":[{\"@type\":\"ListItem\",\"position\":1,\"name\":\"Accueil\",\"item\":\"https:\\\/\\\/infos-droitshumains.net\\\/\"},{\"@type\":\"ListItem\",\"position\":2,\"name\":\"Assembl\u00e9e Nationale\u00a0: Judith Suminua pr\u00e9sente le programme d\u2019action gouvernementale 2024-2028 chiffr\u00e9 \u00e0 92,9 Milliards $\"}]},{\"@type\":\"WebSite\",\"@id\":\"https:\\\/\\\/infos-droitshumains.net\\\/#website\",\"url\":\"https:\\\/\\\/infos-droitshumains.net\\\/\",\"name\":\"Infos Droits Humains\",\"description\":\"S&#039;informer est un droit\",\"publisher\":{\"@id\":\"https:\\\/\\\/infos-droitshumains.net\\\/#organization\"},\"potentialAction\":[{\"@type\":\"SearchAction\",\"target\":{\"@type\":\"EntryPoint\",\"urlTemplate\":\"https:\\\/\\\/infos-droitshumains.net\\\/?s={search_term_string}\"},\"query-input\":{\"@type\":\"PropertyValueSpecification\",\"valueRequired\":true,\"valueName\":\"search_term_string\"}}],\"inLanguage\":\"fr-FR\"},{\"@type\":\"Organization\",\"@id\":\"https:\\\/\\\/infos-droitshumains.net\\\/#organization\",\"name\":\"Infos Droits Humains\",\"url\":\"https:\\\/\\\/infos-droitshumains.net\\\/\",\"logo\":{\"@type\":\"ImageObject\",\"inLanguage\":\"fr-FR\",\"@id\":\"https:\\\/\\\/infos-droitshumains.net\\\/#\\\/schema\\\/logo\\\/image\\\/\",\"url\":\"https:\\\/\\\/i0.wp.com\\\/infos-droitshumains.net\\\/wp-content\\\/uploads\\\/2022\\\/05\\\/Logo.png?fit=333%2C129&ssl=1\",\"contentUrl\":\"https:\\\/\\\/i0.wp.com\\\/infos-droitshumains.net\\\/wp-content\\\/uploads\\\/2022\\\/05\\\/Logo.png?fit=333%2C129&ssl=1\",\"width\":333,\"height\":129,\"caption\":\"Infos Droits Humains\"},\"image\":{\"@id\":\"https:\\\/\\\/infos-droitshumains.net\\\/#\\\/schema\\\/logo\\\/image\\\/\"}},{\"@type\":\"Person\",\"@id\":\"https:\\\/\\\/infos-droitshumains.net\\\/#\\\/schema\\\/person\\\/3dc5e921c3302172e0ed4362f96faab7\",\"name\":\"Jo\u00ebl Diawa\",\"image\":{\"@type\":\"ImageObject\",\"inLanguage\":\"fr-FR\",\"@id\":\"https:\\\/\\\/secure.gravatar.com\\\/avatar\\\/729bea6ff4604c624417803c477363be8e3c7186deaa65713313f9b4b820f41c?s=96&d=mm&r=g\",\"url\":\"https:\\\/\\\/secure.gravatar.com\\\/avatar\\\/729bea6ff4604c624417803c477363be8e3c7186deaa65713313f9b4b820f41c?s=96&d=mm&r=g\",\"contentUrl\":\"https:\\\/\\\/secure.gravatar.com\\\/avatar\\\/729bea6ff4604c624417803c477363be8e3c7186deaa65713313f9b4b820f41c?s=96&d=mm&r=g\",\"caption\":\"Jo\u00ebl Diawa\"},\"sameAs\":[\"https:\\\/\\\/www.infos-droitshumains.net\"],\"url\":\"https:\\\/\\\/infos-droitshumains.net\\\/?author=2\"}]}<\/script>\n<!-- \/ Yoast SEO plugin. -->","yoast_head_json":{"title":"Assembl\u00e9e Nationale\u00a0: Judith Suminua pr\u00e9sente le programme d\u2019action gouvernementale 2024-2028 chiffr\u00e9 \u00e0 92,9 Milliards $ - Infos Droits Humains","robots":{"index":"index","follow":"follow","max-snippet":"max-snippet:-1","max-image-preview":"max-image-preview:large","max-video-preview":"max-video-preview:-1"},"canonical":"https:\/\/infos-droitshumains.net\/?p=10155","og_locale":"fr_FR","og_type":"article","og_title":"Assembl\u00e9e Nationale\u00a0: Judith Suminua pr\u00e9sente le programme d\u2019action gouvernementale 2024-2028 chiffr\u00e9 \u00e0 92,9 Milliards $ - Infos Droits Humains","og_description":"R\u00e9daction: +243 817 406 088 La premi\u00e8re ministre de la R\u00e9publique D\u00e9mocratique du Congo a...","og_url":"https:\/\/infos-droitshumains.net\/?p=10155","og_site_name":"Infos Droits Humains","article_published_time":"2024-06-11T19:26:46+00:00","article_modified_time":"2024-06-11T19:32:28+00:00","og_image":[{"width":1000,"height":668,"url":"https:\/\/infos-droitshumains.net\/wp-content\/uploads\/2024\/06\/IMG-20240611-WA0063.jpg","type":"image\/jpeg"}],"author":"Jo\u00ebl Diawa","twitter_card":"summary_large_image","twitter_misc":{"\u00c9crit par":"Jo\u00ebl Diawa","Dur\u00e9e de lecture estim\u00e9e":"4 minutes"},"schema":{"@context":"https:\/\/schema.org","@graph":[{"@type":"Article","@id":"https:\/\/infos-droitshumains.net\/?p=10155#article","isPartOf":{"@id":"https:\/\/infos-droitshumains.net\/?p=10155"},"author":{"name":"Jo\u00ebl Diawa","@id":"https:\/\/infos-droitshumains.net\/#\/schema\/person\/3dc5e921c3302172e0ed4362f96faab7"},"headline":"Assembl\u00e9e Nationale\u00a0: Judith Suminua pr\u00e9sente le programme d\u2019action gouvernementale 2024-2028 chiffr\u00e9 \u00e0 92,9 Milliards $","datePublished":"2024-06-11T19:26:46+00:00","dateModified":"2024-06-11T19:32:28+00:00","mainEntityOfPage":{"@id":"https:\/\/infos-droitshumains.net\/?p=10155"},"wordCount":559,"commentCount":0,"publisher":{"@id":"https:\/\/infos-droitshumains.net\/#organization"},"image":{"@id":"https:\/\/infos-droitshumains.net\/?p=10155#primaryimage"},"thumbnailUrl":"https:\/\/i0.wp.com\/infos-droitshumains.net\/wp-content\/uploads\/2024\/06\/IMG-20240611-WA0063.jpg?fit=1000%2C668&ssl=1","articleSection":["Politique"],"inLanguage":"fr-FR","potentialAction":[{"@type":"CommentAction","name":"Comment","target":["https:\/\/infos-droitshumains.net\/?p=10155#respond"]}]},{"@type":"WebPage","@id":"https:\/\/infos-droitshumains.net\/?p=10155","url":"https:\/\/infos-droitshumains.net\/?p=10155","name":"Assembl\u00e9e Nationale\u00a0: Judith Suminua pr\u00e9sente le programme d\u2019action gouvernementale 2024-2028 chiffr\u00e9 \u00e0 92,9 Milliards $ - Infos Droits Humains","isPartOf":{"@id":"https:\/\/infos-droitshumains.net\/#website"},"primaryImageOfPage":{"@id":"https:\/\/infos-droitshumains.net\/?p=10155#primaryimage"},"image":{"@id":"https:\/\/infos-droitshumains.net\/?p=10155#primaryimage"},"thumbnailUrl":"https:\/\/i0.wp.com\/infos-droitshumains.net\/wp-content\/uploads\/2024\/06\/IMG-20240611-WA0063.jpg?fit=1000%2C668&ssl=1","datePublished":"2024-06-11T19:26:46+00:00","dateModified":"2024-06-11T19:32:28+00:00","breadcrumb":{"@id":"https:\/\/infos-droitshumains.net\/?p=10155#breadcrumb"},"inLanguage":"fr-FR","potentialAction":[{"@type":"ReadAction","target":["https:\/\/infos-droitshumains.net\/?p=10155"]}]},{"@type":"ImageObject","inLanguage":"fr-FR","@id":"https:\/\/infos-droitshumains.net\/?p=10155#primaryimage","url":"https:\/\/i0.wp.com\/infos-droitshumains.net\/wp-content\/uploads\/2024\/06\/IMG-20240611-WA0063.jpg?fit=1000%2C668&ssl=1","contentUrl":"https:\/\/i0.wp.com\/infos-droitshumains.net\/wp-content\/uploads\/2024\/06\/IMG-20240611-WA0063.jpg?fit=1000%2C668&ssl=1","width":1000,"height":668},{"@type":"BreadcrumbList","@id":"https:\/\/infos-droitshumains.net\/?p=10155#breadcrumb","itemListElement":[{"@type":"ListItem","position":1,"name":"Accueil","item":"https:\/\/infos-droitshumains.net\/"},{"@type":"ListItem","position":2,"name":"Assembl\u00e9e Nationale\u00a0: Judith Suminua pr\u00e9sente le programme d\u2019action gouvernementale 2024-2028 chiffr\u00e9 \u00e0 92,9 Milliards $"}]},{"@type":"WebSite","@id":"https:\/\/infos-droitshumains.net\/#website","url":"https:\/\/infos-droitshumains.net\/","name":"Infos Droits Humains","description":"S&#039;informer est un droit","publisher":{"@id":"https:\/\/infos-droitshumains.net\/#organization"},"potentialAction":[{"@type":"SearchAction","target":{"@type":"EntryPoint","urlTemplate":"https:\/\/infos-droitshumains.net\/?s={search_term_string}"},"query-input":{"@type":"PropertyValueSpecification","valueRequired":true,"valueName":"search_term_string"}}],"inLanguage":"fr-FR"},{"@type":"Organization","@id":"https:\/\/infos-droitshumains.net\/#organization","name":"Infos Droits Humains","url":"https:\/\/infos-droitshumains.net\/","logo":{"@type":"ImageObject","inLanguage":"fr-FR","@id":"https:\/\/infos-droitshumains.net\/#\/schema\/logo\/image\/","url":"https:\/\/i0.wp.com\/infos-droitshumains.net\/wp-content\/uploads\/2022\/05\/Logo.png?fit=333%2C129&ssl=1","contentUrl":"https:\/\/i0.wp.com\/infos-droitshumains.net\/wp-content\/uploads\/2022\/05\/Logo.png?fit=333%2C129&ssl=1","width":333,"height":129,"caption":"Infos Droits Humains"},"image":{"@id":"https:\/\/infos-droitshumains.net\/#\/schema\/logo\/image\/"}},{"@type":"Person","@id":"https:\/\/infos-droitshumains.net\/#\/schema\/person\/3dc5e921c3302172e0ed4362f96faab7","name":"Jo\u00ebl Diawa","image":{"@type":"ImageObject","inLanguage":"fr-FR","@id":"https:\/\/secure.gravatar.com\/avatar\/729bea6ff4604c624417803c477363be8e3c7186deaa65713313f9b4b820f41c?s=96&d=mm&r=g","url":"https:\/\/secure.gravatar.com\/avatar\/729bea6ff4604c624417803c477363be8e3c7186deaa65713313f9b4b820f41c?s=96&d=mm&r=g","contentUrl":"https:\/\/secure.gravatar.com\/avatar\/729bea6ff4604c624417803c477363be8e3c7186deaa65713313f9b4b820f41c?s=96&d=mm&r=g","caption":"Jo\u00ebl Diawa"},"sameAs":["https:\/\/www.infos-droitshumains.net"],"url":"https:\/\/infos-droitshumains.net\/?author=2"}]}},"featured_image_urls":{"full":["https:\/\/i0.wp.com\/infos-droitshumains.net\/wp-content\/uploads\/2024\/06\/IMG-20240611-WA0063.jpg?fit=1000%2C668&ssl=1",1000,668,false],"thumbnail":["https:\/\/i0.wp.com\/infos-droitshumains.net\/wp-content\/uploads\/2024\/06\/IMG-20240611-WA0063.jpg?resize=150%2C150&ssl=1",150,150,true],"medium":["https:\/\/i0.wp.com\/infos-droitshumains.net\/wp-content\/uploads\/2024\/06\/IMG-20240611-WA0063.jpg?fit=300%2C200&ssl=1",300,200,true],"medium_large":["https:\/\/i0.wp.com\/infos-droitshumains.net\/wp-content\/uploads\/2024\/06\/IMG-20240611-WA0063.jpg?fit=640%2C428&ssl=1",640,428,true],"large":["https:\/\/i0.wp.com\/infos-droitshumains.net\/wp-content\/uploads\/2024\/06\/IMG-20240611-WA0063.jpg?fit=640%2C428&ssl=1",640,428,true],"1536x1536":["https:\/\/i0.wp.com\/infos-droitshumains.net\/wp-content\/uploads\/2024\/06\/IMG-20240611-WA0063.jpg?fit=1000%2C668&ssl=1",1000,668,true],"2048x2048":["https:\/\/i0.wp.com\/infos-droitshumains.net\/wp-content\/uploads\/2024\/06\/IMG-20240611-WA0063.jpg?fit=1000%2C668&ssl=1",1000,668,true],"covernews-slider-full":["https:\/\/i0.wp.com\/infos-droitshumains.net\/wp-content\/uploads\/2024\/06\/IMG-20240611-WA0063.jpg?resize=1000%2C668&ssl=1",1000,668,true],"covernews-slider-center":["https:\/\/i0.wp.com\/infos-droitshumains.net\/wp-content\/uploads\/2024\/06\/IMG-20240611-WA0063.jpg?resize=800%2C500&ssl=1",800,500,true],"covernews-featured":["https:\/\/i0.wp.com\/infos-droitshumains.net\/wp-content\/uploads\/2024\/06\/IMG-20240611-WA0063.jpg?fit=1000%2C668&ssl=1",1000,668,true],"covernews-medium":["https:\/\/i0.wp.com\/infos-droitshumains.net\/wp-content\/uploads\/2024\/06\/IMG-20240611-WA0063.jpg?resize=540%2C340&ssl=1",540,340,true],"covernews-medium-square":["https:\/\/i0.wp.com\/infos-droitshumains.net\/wp-content\/uploads\/2024\/06\/IMG-20240611-WA0063.jpg?resize=400%2C250&ssl=1",400,250,true]},"author_info":{"display_name":"Jo\u00ebl Diawa","author_link":"https:\/\/infos-droitshumains.net\/?author=2"},"category_info":"<a href=\"https:\/\/infos-droitshumains.net\/?cat=3\" rel=\"category\">Politique<\/a>","tag_info":"Politique","comment_count":"0","jetpack_featured_media_url":"https:\/\/i0.wp.com\/infos-droitshumains.net\/wp-content\/uploads\/2024\/06\/IMG-20240611-WA0063.jpg?fit=1000%2C668&ssl=1","jetpack-related-posts":[],"jetpack_sharing_enabled":true,"_links":{"self":[{"href":"https:\/\/infos-droitshumains.net\/index.php?rest_route=\/wp\/v2\/posts\/10155","targetHints":{"allow":["GET"]}}],"collection":[{"href":"https:\/\/infos-droitshumains.net\/index.php?rest_route=\/wp\/v2\/posts"}],"about":[{"href":"https:\/\/infos-droitshumains.net\/index.php?rest_route=\/wp\/v2\/types\/post"}],"author":[{"embeddable":true,"href":"https:\/\/infos-droitshumains.net\/index.php?rest_route=\/wp\/v2\/users\/2"}],"replies":[{"embeddable":true,"href":"https:\/\/infos-droitshumains.net\/index.php?rest_route=%2Fwp%2Fv2%2Fcomments&post=10155"}],"version-history":[{"count":2,"href":"https:\/\/infos-droitshumains.net\/index.php?rest_route=\/wp\/v2\/posts\/10155\/revisions"}],"predecessor-version":[{"id":10164,"href":"https:\/\/infos-droitshumains.net\/index.php?rest_route=\/wp\/v2\/posts\/10155\/revisions\/10164"}],"wp:featuredmedia":[{"embeddable":true,"href":"https:\/\/infos-droitshumains.net\/index.php?rest_route=\/wp\/v2\/media\/10158"}],"wp:attachment":[{"href":"https:\/\/infos-droitshumains.net\/index.php?rest_route=%2Fwp%2Fv2%2Fmedia&parent=10155"}],"wp:term":[{"taxonomy":"category","embeddable":true,"href":"https:\/\/infos-droitshumains.net\/index.php?rest_route=%2Fwp%2Fv2%2Fcategories&post=10155"},{"taxonomy":"post_tag","embeddable":true,"href":"https:\/\/infos-droitshumains.net\/index.php?rest_route=%2Fwp%2Fv2%2Ftags&post=10155"}],"curies":[{"name":"wp","href":"https:\/\/api.w.org\/{rel}","templated":true}]}}