{"id":10147,"date":"2024-06-08T20:13:54","date_gmt":"2024-06-08T18:13:54","guid":{"rendered":"https:\/\/infos-droitshumains.net\/?p=10147"},"modified":"2024-06-08T20:13:59","modified_gmt":"2024-06-08T18:13:59","slug":"assemblee-nationale-chiffre-a-928-milliards-usd-le-programme-daction-du-gouvernement-depose-sur-la-table-de-vital-kamerhe","status":"publish","type":"post","link":"https:\/\/infos-droitshumains.net\/?p=10147","title":{"rendered":"Assembl\u00e9e Nationale : Chiffr\u00e9 \u00e0 92,8 milliards USD, le programme d\u2019action du gouvernement d\u00e9pos\u00e9 sur la table de Vital Kamerhe"},"content":{"rendered":"\n<p><strong>R\u00e9daction: +243 817 406 088<\/strong><\/p>\n\n\n\n<h3 class=\"wp-block-heading has-vivid-red-color has-text-color has-link-color wp-elements-f70cbe9e6ca537819e08b3f639e27a6a\">Les choses se pr\u00e9cisent d\u2019avantage sur l\u2019investiture du gouvernement Judith Suminwa. Premi\u00e8re \u00e9tape, le d\u00e9p\u00f4t du programme d\u2019action \u00a0gouvernemental \u00e0 l&rsquo;Assembl\u00e9e Nationale. Ce samedi 8 Juin, la Premi\u00e8re Ministre Judith Suminwa Tuluka, accompagn\u00e9e de quelques membres de son gouvernement, a d\u00e9pos\u00e9 aupr\u00e8s du Bureau de cette chambre parlementaitre, le programme d\u2019action de son Gouvernement en vue de son examen par la pl\u00e9ni\u00e8re.<\/h3>\n\n\n\n<figure class=\"wp-block-image alignfull size-full\"><img data-recalc-dims=\"1\" fetchpriority=\"high\" decoding=\"async\" width=\"640\" height=\"960\" src=\"https:\/\/i0.wp.com\/infos-droitshumains.net\/wp-content\/uploads\/2024\/06\/GOUV7.jpg?resize=640%2C960&#038;ssl=1\" alt=\"\" class=\"wp-image-10149\" srcset=\"https:\/\/i0.wp.com\/infos-droitshumains.net\/wp-content\/uploads\/2024\/06\/GOUV7.jpg?w=667&amp;ssl=1 667w, https:\/\/i0.wp.com\/infos-droitshumains.net\/wp-content\/uploads\/2024\/06\/GOUV7.jpg?resize=200%2C300&amp;ssl=1 200w\" sizes=\"(max-width: 640px) 100vw, 640px\" \/><\/figure>\n\n\n\n<p>Ce programme, chiffr\u00e9 \u00e0 92,8 milliards am\u00e9ricain pour 5 ans, soit 18,471 milliards l\u2019an a rassur\u00e9 la Cheffe du Gouvernement, a \u00e9t\u00e9 con\u00e7u de mani\u00e8re \u00e0 ce que le cadre strat\u00e9gique de sa planification soit structur\u00e9 de mani\u00e8re \u00e0 r\u00e9pondre aux six engagements du deuxi\u00e8me quinquennat du Pr\u00e9sident de la R\u00e9publique, lequel engagement qui s\u2019articule autour de la cr\u00e9ation d\u2019emplois ; la Protection du pouvoir d&rsquo;achat des m\u00e9nages en stabilisant le taux de change ; la s\u00e9curit\u00e9 des populations et de leurs biens ; la poursuite de la diversification de l\u2019\u00e9conomie ; l&rsquo;acc\u00e8s aux services sociaux de base; et le renforcement de l\u2019efficacit\u00e9 des services publics.<\/p>\n\n\n\n<figure class=\"wp-block-image alignfull size-full\"><img data-recalc-dims=\"1\" decoding=\"async\" width=\"640\" height=\"960\" src=\"https:\/\/i0.wp.com\/infos-droitshumains.net\/wp-content\/uploads\/2024\/06\/GOUV6.jpg?resize=640%2C960&#038;ssl=1\" alt=\"\" class=\"wp-image-10150\" srcset=\"https:\/\/i0.wp.com\/infos-droitshumains.net\/wp-content\/uploads\/2024\/06\/GOUV6.jpg?w=667&amp;ssl=1 667w, https:\/\/i0.wp.com\/infos-droitshumains.net\/wp-content\/uploads\/2024\/06\/GOUV6.jpg?resize=200%2C300&amp;ssl=1 200w\" sizes=\"(max-width: 640px) 100vw, 640px\" \/><\/figure>\n\n\n\n<p>Du cot\u00e9 de l&rsquo;Assembl\u00e9e Nationale, aucun obstacle semble se pr\u00e9senter devant cette proc\u00e9dure apr\u00e8s une crise art\u00e9rielle cr\u00e9\u00e9e par quelques frustr\u00e9s de l\u2019Union Sacr\u00e9e, aussit\u00f4t \u00e9teinte par l\u2019esprit pacificateur du Pr\u00e9sident de l\u2019Assembl\u00e9e Nationale. En effet, au cours des concertations des regroupements politiques membres de l&rsquo;Union Sacr\u00e9e de la Nation, Vital Kamerhe et son bureau son parvenu \u00e0 ratisser large en obtenant l\u2019adh\u00e9sion de tous les regroupements.<\/p>\n\n\n\n<figure class=\"wp-block-image alignfull size-full\"><img data-recalc-dims=\"1\" decoding=\"async\" width=\"640\" height=\"428\" src=\"https:\/\/i0.wp.com\/infos-droitshumains.net\/wp-content\/uploads\/2024\/06\/GOUV11.jpg?resize=640%2C428&#038;ssl=1\" alt=\"\" class=\"wp-image-10151\" srcset=\"https:\/\/i0.wp.com\/infos-droitshumains.net\/wp-content\/uploads\/2024\/06\/GOUV11.jpg?w=1000&amp;ssl=1 1000w, https:\/\/i0.wp.com\/infos-droitshumains.net\/wp-content\/uploads\/2024\/06\/GOUV11.jpg?resize=300%2C200&amp;ssl=1 300w, https:\/\/i0.wp.com\/infos-droitshumains.net\/wp-content\/uploads\/2024\/06\/GOUV11.jpg?resize=768%2C513&amp;ssl=1 768w\" sizes=\"(max-width: 640px) 100vw, 640px\" \/><\/figure>\n\n\n\n<p>La pl\u00e9ni\u00e8re consacr\u00e9e \u00e0 l&rsquo;audition du discours programme du gouvernement et probablement son investiture sera sans nul doute convoqu\u00e9e la semaine prochaine comme l\u2019avait promis le Pr\u00e9sident de la chambre basse du parlement au sortir de l\u2019audience lui accord\u00e9 par le Chef de l\u2019Etat. En attendant, ce programme se multipli\u00e9 et distribu\u00e9 \u00e0 tous les D\u00e9put\u00e9s Nationaux qui seront appel\u00e9s \u00e0 l\u2019analyser scrupuleusement afin d\u2019apporter des probables amendements.<\/p>\n\n\n\n<p>Jo\u00ebl Diawa<\/p>\n","protected":false},"excerpt":{"rendered":"<p>R\u00e9daction: +243 817 406 088 Les choses se pr\u00e9cisent d\u2019avantage sur l\u2019investiture du gouvernement Judith&#8230;<\/p>\n","protected":false},"author":2,"featured_media":10148,"comment_status":"open","ping_status":"open","sticky":false,"template":"","format":"standard","meta":{"_jetpack_memberships_contains_paid_content":false,"footnotes":""},"categories":[3],"tags":[],"class_list":["post-10147","post","type-post","status-publish","format-standard","has-post-thumbnail","hentry","category-politique"],"yoast_head":"<!-- This site is optimized with the Yoast SEO plugin v27.5 - https:\/\/yoast.com\/product\/yoast-seo-wordpress\/ -->\n<title>Assembl\u00e9e Nationale : Chiffr\u00e9 \u00e0 92,8 milliards USD, le programme d\u2019action du gouvernement d\u00e9pos\u00e9 sur la table de Vital Kamerhe - Infos Droits Humains<\/title>\n<meta name=\"robots\" content=\"index, follow, max-snippet:-1, max-image-preview:large, max-video-preview:-1\" \/>\n<link rel=\"canonical\" href=\"https:\/\/infos-droitshumains.net\/?p=10147\" \/>\n<meta property=\"og:locale\" content=\"fr_FR\" \/>\n<meta property=\"og:type\" content=\"article\" \/>\n<meta property=\"og:title\" content=\"Assembl\u00e9e Nationale : Chiffr\u00e9 \u00e0 92,8 milliards USD, le programme d\u2019action du gouvernement d\u00e9pos\u00e9 sur la table de Vital Kamerhe - Infos Droits Humains\" \/>\n<meta property=\"og:description\" content=\"R\u00e9daction: +243 817 406 088 Les choses se pr\u00e9cisent d\u2019avantage sur l\u2019investiture du gouvernement Judith...\" \/>\n<meta property=\"og:url\" content=\"https:\/\/infos-droitshumains.net\/?p=10147\" \/>\n<meta property=\"og:site_name\" content=\"Infos Droits Humains\" \/>\n<meta property=\"article:published_time\" content=\"2024-06-08T18:13:54+00:00\" \/>\n<meta property=\"article:modified_time\" content=\"2024-06-08T18:13:59+00:00\" \/>\n<meta property=\"og:image\" content=\"https:\/\/infos-droitshumains.net\/wp-content\/uploads\/2024\/06\/GOUV5.jpg\" \/>\n\t<meta property=\"og:image:width\" content=\"1000\" \/>\n\t<meta property=\"og:image:height\" content=\"667\" \/>\n\t<meta property=\"og:image:type\" content=\"image\/jpeg\" \/>\n<meta name=\"author\" content=\"Jo\u00ebl Diawa\" \/>\n<meta name=\"twitter:card\" content=\"summary_large_image\" \/>\n<meta name=\"twitter:label1\" content=\"\u00c9crit par\" \/>\n\t<meta name=\"twitter:data1\" content=\"Jo\u00ebl Diawa\" \/>\n\t<meta name=\"twitter:label2\" content=\"Dur\u00e9e de lecture estim\u00e9e\" \/>\n\t<meta name=\"twitter:data2\" content=\"3 minutes\" \/>\n<script type=\"application\/ld+json\" class=\"yoast-schema-graph\">{\"@context\":\"https:\\\/\\\/schema.org\",\"@graph\":[{\"@type\":\"Article\",\"@id\":\"https:\\\/\\\/infos-droitshumains.net\\\/?p=10147#article\",\"isPartOf\":{\"@id\":\"https:\\\/\\\/infos-droitshumains.net\\\/?p=10147\"},\"author\":{\"name\":\"Jo\u00ebl Diawa\",\"@id\":\"https:\\\/\\\/infos-droitshumains.net\\\/#\\\/schema\\\/person\\\/3dc5e921c3302172e0ed4362f96faab7\"},\"headline\":\"Assembl\u00e9e Nationale : Chiffr\u00e9 \u00e0 92,8 milliards USD, le programme d\u2019action du gouvernement d\u00e9pos\u00e9 sur la table de Vital Kamerhe\",\"datePublished\":\"2024-06-08T18:13:54+00:00\",\"dateModified\":\"2024-06-08T18:13:59+00:00\",\"mainEntityOfPage\":{\"@id\":\"https:\\\/\\\/infos-droitshumains.net\\\/?p=10147\"},\"wordCount\":375,\"commentCount\":0,\"publisher\":{\"@id\":\"https:\\\/\\\/infos-droitshumains.net\\\/#organization\"},\"image\":{\"@id\":\"https:\\\/\\\/infos-droitshumains.net\\\/?p=10147#primaryimage\"},\"thumbnailUrl\":\"https:\\\/\\\/i0.wp.com\\\/infos-droitshumains.net\\\/wp-content\\\/uploads\\\/2024\\\/06\\\/GOUV5.jpg?fit=1000%2C667&ssl=1\",\"articleSection\":[\"Politique\"],\"inLanguage\":\"fr-FR\",\"potentialAction\":[{\"@type\":\"CommentAction\",\"name\":\"Comment\",\"target\":[\"https:\\\/\\\/infos-droitshumains.net\\\/?p=10147#respond\"]}]},{\"@type\":\"WebPage\",\"@id\":\"https:\\\/\\\/infos-droitshumains.net\\\/?p=10147\",\"url\":\"https:\\\/\\\/infos-droitshumains.net\\\/?p=10147\",\"name\":\"Assembl\u00e9e Nationale : Chiffr\u00e9 \u00e0 92,8 milliards USD, le programme d\u2019action du gouvernement d\u00e9pos\u00e9 sur la table de Vital Kamerhe - Infos Droits Humains\",\"isPartOf\":{\"@id\":\"https:\\\/\\\/infos-droitshumains.net\\\/#website\"},\"primaryImageOfPage\":{\"@id\":\"https:\\\/\\\/infos-droitshumains.net\\\/?p=10147#primaryimage\"},\"image\":{\"@id\":\"https:\\\/\\\/infos-droitshumains.net\\\/?p=10147#primaryimage\"},\"thumbnailUrl\":\"https:\\\/\\\/i0.wp.com\\\/infos-droitshumains.net\\\/wp-content\\\/uploads\\\/2024\\\/06\\\/GOUV5.jpg?fit=1000%2C667&ssl=1\",\"datePublished\":\"2024-06-08T18:13:54+00:00\",\"dateModified\":\"2024-06-08T18:13:59+00:00\",\"breadcrumb\":{\"@id\":\"https:\\\/\\\/infos-droitshumains.net\\\/?p=10147#breadcrumb\"},\"inLanguage\":\"fr-FR\",\"potentialAction\":[{\"@type\":\"ReadAction\",\"target\":[\"https:\\\/\\\/infos-droitshumains.net\\\/?p=10147\"]}]},{\"@type\":\"ImageObject\",\"inLanguage\":\"fr-FR\",\"@id\":\"https:\\\/\\\/infos-droitshumains.net\\\/?p=10147#primaryimage\",\"url\":\"https:\\\/\\\/i0.wp.com\\\/infos-droitshumains.net\\\/wp-content\\\/uploads\\\/2024\\\/06\\\/GOUV5.jpg?fit=1000%2C667&ssl=1\",\"contentUrl\":\"https:\\\/\\\/i0.wp.com\\\/infos-droitshumains.net\\\/wp-content\\\/uploads\\\/2024\\\/06\\\/GOUV5.jpg?fit=1000%2C667&ssl=1\",\"width\":1000,\"height\":667},{\"@type\":\"BreadcrumbList\",\"@id\":\"https:\\\/\\\/infos-droitshumains.net\\\/?p=10147#breadcrumb\",\"itemListElement\":[{\"@type\":\"ListItem\",\"position\":1,\"name\":\"Accueil\",\"item\":\"https:\\\/\\\/infos-droitshumains.net\\\/\"},{\"@type\":\"ListItem\",\"position\":2,\"name\":\"Assembl\u00e9e Nationale : Chiffr\u00e9 \u00e0 92,8 milliards USD, le programme d\u2019action du gouvernement d\u00e9pos\u00e9 sur la table de Vital Kamerhe\"}]},{\"@type\":\"WebSite\",\"@id\":\"https:\\\/\\\/infos-droitshumains.net\\\/#website\",\"url\":\"https:\\\/\\\/infos-droitshumains.net\\\/\",\"name\":\"Infos Droits Humains\",\"description\":\"S&#039;informer est un droit\",\"publisher\":{\"@id\":\"https:\\\/\\\/infos-droitshumains.net\\\/#organization\"},\"potentialAction\":[{\"@type\":\"SearchAction\",\"target\":{\"@type\":\"EntryPoint\",\"urlTemplate\":\"https:\\\/\\\/infos-droitshumains.net\\\/?s={search_term_string}\"},\"query-input\":{\"@type\":\"PropertyValueSpecification\",\"valueRequired\":true,\"valueName\":\"search_term_string\"}}],\"inLanguage\":\"fr-FR\"},{\"@type\":\"Organization\",\"@id\":\"https:\\\/\\\/infos-droitshumains.net\\\/#organization\",\"name\":\"Infos Droits Humains\",\"url\":\"https:\\\/\\\/infos-droitshumains.net\\\/\",\"logo\":{\"@type\":\"ImageObject\",\"inLanguage\":\"fr-FR\",\"@id\":\"https:\\\/\\\/infos-droitshumains.net\\\/#\\\/schema\\\/logo\\\/image\\\/\",\"url\":\"https:\\\/\\\/i0.wp.com\\\/infos-droitshumains.net\\\/wp-content\\\/uploads\\\/2022\\\/05\\\/Logo.png?fit=333%2C129&ssl=1\",\"contentUrl\":\"https:\\\/\\\/i0.wp.com\\\/infos-droitshumains.net\\\/wp-content\\\/uploads\\\/2022\\\/05\\\/Logo.png?fit=333%2C129&ssl=1\",\"width\":333,\"height\":129,\"caption\":\"Infos Droits Humains\"},\"image\":{\"@id\":\"https:\\\/\\\/infos-droitshumains.net\\\/#\\\/schema\\\/logo\\\/image\\\/\"}},{\"@type\":\"Person\",\"@id\":\"https:\\\/\\\/infos-droitshumains.net\\\/#\\\/schema\\\/person\\\/3dc5e921c3302172e0ed4362f96faab7\",\"name\":\"Jo\u00ebl Diawa\",\"image\":{\"@type\":\"ImageObject\",\"inLanguage\":\"fr-FR\",\"@id\":\"https:\\\/\\\/secure.gravatar.com\\\/avatar\\\/729bea6ff4604c624417803c477363be8e3c7186deaa65713313f9b4b820f41c?s=96&d=mm&r=g\",\"url\":\"https:\\\/\\\/secure.gravatar.com\\\/avatar\\\/729bea6ff4604c624417803c477363be8e3c7186deaa65713313f9b4b820f41c?s=96&d=mm&r=g\",\"contentUrl\":\"https:\\\/\\\/secure.gravatar.com\\\/avatar\\\/729bea6ff4604c624417803c477363be8e3c7186deaa65713313f9b4b820f41c?s=96&d=mm&r=g\",\"caption\":\"Jo\u00ebl Diawa\"},\"sameAs\":[\"https:\\\/\\\/www.infos-droitshumains.net\"],\"url\":\"https:\\\/\\\/infos-droitshumains.net\\\/?author=2\"}]}<\/script>\n<!-- \/ Yoast SEO plugin. -->","yoast_head_json":{"title":"Assembl\u00e9e Nationale : Chiffr\u00e9 \u00e0 92,8 milliards USD, le programme d\u2019action du gouvernement d\u00e9pos\u00e9 sur la table de Vital Kamerhe - Infos Droits Humains","robots":{"index":"index","follow":"follow","max-snippet":"max-snippet:-1","max-image-preview":"max-image-preview:large","max-video-preview":"max-video-preview:-1"},"canonical":"https:\/\/infos-droitshumains.net\/?p=10147","og_locale":"fr_FR","og_type":"article","og_title":"Assembl\u00e9e Nationale : Chiffr\u00e9 \u00e0 92,8 milliards USD, le programme d\u2019action du gouvernement d\u00e9pos\u00e9 sur la table de Vital Kamerhe - Infos Droits Humains","og_description":"R\u00e9daction: +243 817 406 088 Les choses se pr\u00e9cisent d\u2019avantage sur l\u2019investiture du gouvernement Judith...","og_url":"https:\/\/infos-droitshumains.net\/?p=10147","og_site_name":"Infos Droits Humains","article_published_time":"2024-06-08T18:13:54+00:00","article_modified_time":"2024-06-08T18:13:59+00:00","og_image":[{"width":1000,"height":667,"url":"https:\/\/infos-droitshumains.net\/wp-content\/uploads\/2024\/06\/GOUV5.jpg","type":"image\/jpeg"}],"author":"Jo\u00ebl Diawa","twitter_card":"summary_large_image","twitter_misc":{"\u00c9crit par":"Jo\u00ebl Diawa","Dur\u00e9e de lecture estim\u00e9e":"3 minutes"},"schema":{"@context":"https:\/\/schema.org","@graph":[{"@type":"Article","@id":"https:\/\/infos-droitshumains.net\/?p=10147#article","isPartOf":{"@id":"https:\/\/infos-droitshumains.net\/?p=10147"},"author":{"name":"Jo\u00ebl Diawa","@id":"https:\/\/infos-droitshumains.net\/#\/schema\/person\/3dc5e921c3302172e0ed4362f96faab7"},"headline":"Assembl\u00e9e Nationale : Chiffr\u00e9 \u00e0 92,8 milliards USD, le programme d\u2019action du gouvernement d\u00e9pos\u00e9 sur la table de Vital Kamerhe","datePublished":"2024-06-08T18:13:54+00:00","dateModified":"2024-06-08T18:13:59+00:00","mainEntityOfPage":{"@id":"https:\/\/infos-droitshumains.net\/?p=10147"},"wordCount":375,"commentCount":0,"publisher":{"@id":"https:\/\/infos-droitshumains.net\/#organization"},"image":{"@id":"https:\/\/infos-droitshumains.net\/?p=10147#primaryimage"},"thumbnailUrl":"https:\/\/i0.wp.com\/infos-droitshumains.net\/wp-content\/uploads\/2024\/06\/GOUV5.jpg?fit=1000%2C667&ssl=1","articleSection":["Politique"],"inLanguage":"fr-FR","potentialAction":[{"@type":"CommentAction","name":"Comment","target":["https:\/\/infos-droitshumains.net\/?p=10147#respond"]}]},{"@type":"WebPage","@id":"https:\/\/infos-droitshumains.net\/?p=10147","url":"https:\/\/infos-droitshumains.net\/?p=10147","name":"Assembl\u00e9e Nationale : Chiffr\u00e9 \u00e0 92,8 milliards USD, le programme d\u2019action du gouvernement d\u00e9pos\u00e9 sur la table de Vital Kamerhe - Infos Droits Humains","isPartOf":{"@id":"https:\/\/infos-droitshumains.net\/#website"},"primaryImageOfPage":{"@id":"https:\/\/infos-droitshumains.net\/?p=10147#primaryimage"},"image":{"@id":"https:\/\/infos-droitshumains.net\/?p=10147#primaryimage"},"thumbnailUrl":"https:\/\/i0.wp.com\/infos-droitshumains.net\/wp-content\/uploads\/2024\/06\/GOUV5.jpg?fit=1000%2C667&ssl=1","datePublished":"2024-06-08T18:13:54+00:00","dateModified":"2024-06-08T18:13:59+00:00","breadcrumb":{"@id":"https:\/\/infos-droitshumains.net\/?p=10147#breadcrumb"},"inLanguage":"fr-FR","potentialAction":[{"@type":"ReadAction","target":["https:\/\/infos-droitshumains.net\/?p=10147"]}]},{"@type":"ImageObject","inLanguage":"fr-FR","@id":"https:\/\/infos-droitshumains.net\/?p=10147#primaryimage","url":"https:\/\/i0.wp.com\/infos-droitshumains.net\/wp-content\/uploads\/2024\/06\/GOUV5.jpg?fit=1000%2C667&ssl=1","contentUrl":"https:\/\/i0.wp.com\/infos-droitshumains.net\/wp-content\/uploads\/2024\/06\/GOUV5.jpg?fit=1000%2C667&ssl=1","width":1000,"height":667},{"@type":"BreadcrumbList","@id":"https:\/\/infos-droitshumains.net\/?p=10147#breadcrumb","itemListElement":[{"@type":"ListItem","position":1,"name":"Accueil","item":"https:\/\/infos-droitshumains.net\/"},{"@type":"ListItem","position":2,"name":"Assembl\u00e9e Nationale : Chiffr\u00e9 \u00e0 92,8 milliards USD, le programme d\u2019action du gouvernement d\u00e9pos\u00e9 sur la table de Vital Kamerhe"}]},{"@type":"WebSite","@id":"https:\/\/infos-droitshumains.net\/#website","url":"https:\/\/infos-droitshumains.net\/","name":"Infos Droits Humains","description":"S&#039;informer est un droit","publisher":{"@id":"https:\/\/infos-droitshumains.net\/#organization"},"potentialAction":[{"@type":"SearchAction","target":{"@type":"EntryPoint","urlTemplate":"https:\/\/infos-droitshumains.net\/?s={search_term_string}"},"query-input":{"@type":"PropertyValueSpecification","valueRequired":true,"valueName":"search_term_string"}}],"inLanguage":"fr-FR"},{"@type":"Organization","@id":"https:\/\/infos-droitshumains.net\/#organization","name":"Infos Droits Humains","url":"https:\/\/infos-droitshumains.net\/","logo":{"@type":"ImageObject","inLanguage":"fr-FR","@id":"https:\/\/infos-droitshumains.net\/#\/schema\/logo\/image\/","url":"https:\/\/i0.wp.com\/infos-droitshumains.net\/wp-content\/uploads\/2022\/05\/Logo.png?fit=333%2C129&ssl=1","contentUrl":"https:\/\/i0.wp.com\/infos-droitshumains.net\/wp-content\/uploads\/2022\/05\/Logo.png?fit=333%2C129&ssl=1","width":333,"height":129,"caption":"Infos Droits Humains"},"image":{"@id":"https:\/\/infos-droitshumains.net\/#\/schema\/logo\/image\/"}},{"@type":"Person","@id":"https:\/\/infos-droitshumains.net\/#\/schema\/person\/3dc5e921c3302172e0ed4362f96faab7","name":"Jo\u00ebl Diawa","image":{"@type":"ImageObject","inLanguage":"fr-FR","@id":"https:\/\/secure.gravatar.com\/avatar\/729bea6ff4604c624417803c477363be8e3c7186deaa65713313f9b4b820f41c?s=96&d=mm&r=g","url":"https:\/\/secure.gravatar.com\/avatar\/729bea6ff4604c624417803c477363be8e3c7186deaa65713313f9b4b820f41c?s=96&d=mm&r=g","contentUrl":"https:\/\/secure.gravatar.com\/avatar\/729bea6ff4604c624417803c477363be8e3c7186deaa65713313f9b4b820f41c?s=96&d=mm&r=g","caption":"Jo\u00ebl Diawa"},"sameAs":["https:\/\/www.infos-droitshumains.net"],"url":"https:\/\/infos-droitshumains.net\/?author=2"}]}},"featured_image_urls":{"full":["https:\/\/i0.wp.com\/infos-droitshumains.net\/wp-content\/uploads\/2024\/06\/GOUV5.jpg?fit=1000%2C667&ssl=1",1000,667,false],"thumbnail":["https:\/\/i0.wp.com\/infos-droitshumains.net\/wp-content\/uploads\/2024\/06\/GOUV5.jpg?resize=150%2C150&ssl=1",150,150,true],"medium":["https:\/\/i0.wp.com\/infos-droitshumains.net\/wp-content\/uploads\/2024\/06\/GOUV5.jpg?fit=300%2C200&ssl=1",300,200,true],"medium_large":["https:\/\/i0.wp.com\/infos-droitshumains.net\/wp-content\/uploads\/2024\/06\/GOUV5.jpg?fit=640%2C427&ssl=1",640,427,true],"large":["https:\/\/i0.wp.com\/infos-droitshumains.net\/wp-content\/uploads\/2024\/06\/GOUV5.jpg?fit=640%2C427&ssl=1",640,427,true],"1536x1536":["https:\/\/i0.wp.com\/infos-droitshumains.net\/wp-content\/uploads\/2024\/06\/GOUV5.jpg?fit=1000%2C667&ssl=1",1000,667,true],"2048x2048":["https:\/\/i0.wp.com\/infos-droitshumains.net\/wp-content\/uploads\/2024\/06\/GOUV5.jpg?fit=1000%2C667&ssl=1",1000,667,true],"covernews-slider-full":["https:\/\/i0.wp.com\/infos-droitshumains.net\/wp-content\/uploads\/2024\/06\/GOUV5.jpg?resize=1000%2C667&ssl=1",1000,667,true],"covernews-slider-center":["https:\/\/i0.wp.com\/infos-droitshumains.net\/wp-content\/uploads\/2024\/06\/GOUV5.jpg?resize=800%2C500&ssl=1",800,500,true],"covernews-featured":["https:\/\/i0.wp.com\/infos-droitshumains.net\/wp-content\/uploads\/2024\/06\/GOUV5.jpg?fit=1000%2C667&ssl=1",1000,667,true],"covernews-medium":["https:\/\/i0.wp.com\/infos-droitshumains.net\/wp-content\/uploads\/2024\/06\/GOUV5.jpg?resize=540%2C340&ssl=1",540,340,true],"covernews-medium-square":["https:\/\/i0.wp.com\/infos-droitshumains.net\/wp-content\/uploads\/2024\/06\/GOUV5.jpg?resize=400%2C250&ssl=1",400,250,true]},"author_info":{"display_name":"Jo\u00ebl Diawa","author_link":"https:\/\/infos-droitshumains.net\/?author=2"},"category_info":"<a href=\"https:\/\/infos-droitshumains.net\/?cat=3\" rel=\"category\">Politique<\/a>","tag_info":"Politique","comment_count":"0","jetpack_featured_media_url":"https:\/\/i0.wp.com\/infos-droitshumains.net\/wp-content\/uploads\/2024\/06\/GOUV5.jpg?fit=1000%2C667&ssl=1","jetpack-related-posts":[],"jetpack_sharing_enabled":true,"_links":{"self":[{"href":"https:\/\/infos-droitshumains.net\/index.php?rest_route=\/wp\/v2\/posts\/10147","targetHints":{"allow":["GET"]}}],"collection":[{"href":"https:\/\/infos-droitshumains.net\/index.php?rest_route=\/wp\/v2\/posts"}],"about":[{"href":"https:\/\/infos-droitshumains.net\/index.php?rest_route=\/wp\/v2\/types\/post"}],"author":[{"embeddable":true,"href":"https:\/\/infos-droitshumains.net\/index.php?rest_route=\/wp\/v2\/users\/2"}],"replies":[{"embeddable":true,"href":"https:\/\/infos-droitshumains.net\/index.php?rest_route=%2Fwp%2Fv2%2Fcomments&post=10147"}],"version-history":[{"count":1,"href":"https:\/\/infos-droitshumains.net\/index.php?rest_route=\/wp\/v2\/posts\/10147\/revisions"}],"predecessor-version":[{"id":10152,"href":"https:\/\/infos-droitshumains.net\/index.php?rest_route=\/wp\/v2\/posts\/10147\/revisions\/10152"}],"wp:featuredmedia":[{"embeddable":true,"href":"https:\/\/infos-droitshumains.net\/index.php?rest_route=\/wp\/v2\/media\/10148"}],"wp:attachment":[{"href":"https:\/\/infos-droitshumains.net\/index.php?rest_route=%2Fwp%2Fv2%2Fmedia&parent=10147"}],"wp:term":[{"taxonomy":"category","embeddable":true,"href":"https:\/\/infos-droitshumains.net\/index.php?rest_route=%2Fwp%2Fv2%2Fcategories&post=10147"},{"taxonomy":"post_tag","embeddable":true,"href":"https:\/\/infos-droitshumains.net\/index.php?rest_route=%2Fwp%2Fv2%2Ftags&post=10147"}],"curies":[{"name":"wp","href":"https:\/\/api.w.org\/{rel}","templated":true}]}}