{"id":10056,"date":"2024-06-01T15:31:43","date_gmt":"2024-06-01T13:31:43","guid":{"rendered":"https:\/\/infos-droitshumains.net\/?p=10056"},"modified":"2024-06-01T15:40:32","modified_gmt":"2024-06-01T13:40:32","slug":"rdc-me-jacquemain-shabani-ou-la-consecration-dun-long-combat-parseme-dembuches-dune-fidelite-sans-faille-et-dun-militantisme-abouti-chronique-de-joel-diawa","status":"publish","type":"post","link":"https:\/\/infos-droitshumains.net\/?p=10056","title":{"rendered":"RDC\u00a0: Me. Jacquemain Shabani ou la cons\u00e9cration d&rsquo;un long combat parsem\u00e9 d&#8217;emb\u00fbches, d&rsquo;une fid\u00e9lit\u00e9 sans faille et d&rsquo;un militantisme abouti (Chronique de Jo\u00ebl Diawa)"},"content":{"rendered":"\n<p><strong>R\u00e9daction: +243 817 406 088<\/strong><\/p>\n\n\n\n<h3 class=\"wp-block-heading has-vivid-red-color has-text-color has-link-color wp-elements-174f51715e75aa4f68fcad7a565c4c26\">Le premier gouvernement du deuxi\u00e8me quinquennat de F\u00e9lix Tshisekedi a \u00e9t\u00e9 publi\u00e9 le mercredi 29 mai tard dans la soir\u00e9e, Jacquemain Shabani Lukoo s\u2019est vu \u00eatre nomm\u00e9 Vice Premier-Ministre, Ministre de l\u2019int\u00e9rieur, s\u00e9curit\u00e9, d\u00e9centralisation et affaires coutumi\u00e8res. A ce titre, cet avocat de profession est, selon la pr\u00e9s\u00e9ance, la deuxi\u00e8me personnalit\u00e9 du gouvernement apr\u00e8s la Premi\u00e8re Ministre Judith Suminwa Tuluka. Cette cons\u00e9cration est sans aucun doute, la r\u00e9sultante d&rsquo;une longue lutte au sein de l\u2019Union pour la D\u00e9mocratie et le Progr\u00e8s Social, parsem\u00e9 d&#8217;emb\u00fbches et d&rsquo;une fid\u00e9lit\u00e9 sans faille vis-\u00e0-vis du Pr\u00e9sident de la R\u00e9publique. Aujourd\u2019hui, c\u2019est un militant abouti devenue patron du territorial.<\/h3>\n\n\n\n<p>Jusqu\u2019avant sa nomination \u00e0 la t\u00eate de ce minist\u00e8re, Jacquemain Shabani, \u00e9tait conseiller principal au cabinet du Pr\u00e9sident de la R\u00e9publique au coll\u00e8ge Politique et processus \u00e9lectoral, poste qu\u2019il occupe depuis le mercredi 21 D\u00e9cembre 2022. Ce poste strat\u00e9gique l\u2019a conduit \u00e0 la Co-direction de la campagne \u00e9lectorale de F\u00e9lix Tshisekedi. A ce titre, il a le m\u00e9rite d\u2019\u00eatre artisan majeur de sa victoire \u00e9crasante \u00e0 la pr\u00e9sidentielle de d\u00e9cembre 2023 avec 73,34% des suffrages exprim\u00e9s.<\/p>\n\n\n\n<p>Militant de premi\u00e8re heure au sein de l\u2019Union pour la D\u00e9mocratie et le Progr\u00e8s Social, ce fils de Masisi dans le Nord-Kivu a int\u00e9gr\u00e9 le parti d\u00e8s ses jeunes \u00e2ges. En 1997, il est nomm\u00e9 pr\u00e9sident sectionnaire de l\u2019UDPS \u00e0 l\u2019Unikin, mais c\u2019est en 2004 qu\u2019il int\u00e9gra l\u2019ex\u00e9cutif national en assumant le poste de secr\u00e9taire national charg\u00e9 de l\u2019id\u00e9ologie et de la formation\u00a0 politique.<\/p>\n\n\n\n<p>Ayant gravi tous les \u00e9chelons il sera en 2011, nomm\u00e9 Secr\u00e9taire G\u00e9n\u00e9ral du parti dans un contexte \u00e9lectoral tr\u00e8s critique. C\u2019est alors que le monde connaitre sa capacit\u00e9 mobilisatrice avec des manifestations pacifiques cycliques devant le si\u00e8ge de la CENI pour r\u00e9clamer la transparence du processus \u00e9lectorale. Ces actions de terrain lui ont valu le surnom de \u2018<em>\u2019jeudi saint\u2019\u2019.<\/em><\/p>\n\n\n\n<p>Mais son mandat au Secr\u00e9tariat G\u00e9n\u00e9ral \u00a0de l\u2019udps n\u2019a pas \u00e9t\u00e9 si rose, puisque combattu \u00e0 l\u2019externe tout comme \u00e0 l\u2019interne.<\/p>\n\n\n\n<p>D\u2019aucun se souvient de cette s\u00e9quence du mardi 7 f\u00e9vrier 2012 \u00e0 l\u2019a\u00e9roport international de N\u2019djili \u00e0 Kinshasa\u00a0; alors qu\u2019il s\u2019appr\u00eatait \u00e0 se rendre en Belgique, Jacquemain Shabani a \u00e9t\u00e9 arr\u00eat\u00e9 et pass\u00e9 \u00e0 tabac par les services de s\u00e9curit\u00e9, puis lib\u00e9r\u00e9 quelques heures plus tard. Le r\u00e9gime de Joseph Kabila l\u2019avait accus\u00e9 d\u2019\u00eatre porteur de\u00a0<em>\u00ab\u00a0documents inutilement subversifs et offensants\u00a0\u00bb, avait d\u00e9clar\u00e9 Lambert Mende alors porte-parole du gouvernement.<\/em><\/p>\n\n\n\n<p>Pendant qu\u2019il \u00e9tait harcel\u00e9 par le pouvoir, il subissait le m\u00eame sort au sein m\u00eame de son parti qui l\u2019avait demi de ses fonctions l\u2019accusant non seulement d\u2019avoir pr\u00e9tendument d\u00e9tourn\u00e9 une somme d\u2019argent, mais aussi d\u2019entretenir des liens obscures avec le pouvoir en place. Des accusations non-fond\u00e9es qui sans aucun doute sont venues des personnes qui dig\u00e9raient mal la mont\u00e9e fulgurante d\u2019un jeune dans un parti aussi historique\u00a0; mais toutes ces p\u00e9rip\u00e9ties n\u2019ont fait qu\u2019amplifier la d\u00e9termination d\u2019un homme politique imbu d\u2019une bonne moralit\u00e9 et toujours disponible \u00e0 servir son parti en tout honneur, dignit\u00e9 et loyaut\u00e9.<\/p>\n\n\n\n<p>En mai 2018, \u00e0 l\u2019approche des \u00e9lections, Me. Jacquemain Shabani sera port\u00e9 \u00e0 la t\u00eate de la Commission Electorale permanante \u00a0de l\u2019udps. En cette qualit\u00e9, il m\u00e8nera un projet titanesque de surveillance \u00e9lectorale d\u00e9nomm\u00e9 <em>\u2018\u2019formation en cascade de 27 0000 t\u00e9moins de l\u2019udps\u2019\u2019<\/em> et formera avec son \u00e9quipe, les t\u00e9moins dans 21 provinces du pays. Co-directeur de la centrale \u00e9lectorale du Cap pour le changement (CACH), il r\u00e9coltera un nombre important des proc\u00e8s-verbaux des r\u00e9sultats \u00e9lectoraux de 2018 qui ont port\u00e9s F\u00e9lix Tshisekedi \u00e0 la tete du pays pour la premi\u00e8re fois.<\/p>\n\n\n\n<p>En d\u00e9pit de ses comp\u00e9tences et de son sens r\u00e9publicain ind\u00e9niable, Jacquemain Shabani \u00e9tait contraint de rester sur le banc de touche apr\u00e8s la prise du pouvoir par son parti au terme des \u00e9lections de d\u00e9cembre 2018. Cela ne faisait l\u2019ombre d\u2019aucun doute que c\u2019\u00e9tait l\u2019un des ministrables les plus m\u00e9ritants, mais son diff\u00e9rend avec la hi\u00e9rarchie de son parti lui avait cout\u00e9 cette mise \u00e0 l\u2019\u00e9cart.<\/p>\n\n\n\n<p>Fort est de constat\u00e9 qu&rsquo;en d\u00e9pit de son travail  titanesque aux cot\u00e9 du Pr\u00e9sident F\u00e9lix Tshisekedi, de ses comp\u00e9tences et de son sens r\u00e9publicain ind\u00e9niable, il sera contraint de rester sur <strong>\u2018\u2019le banc de touche\u2019\u2019<\/strong> vraisemblablement \u00e0 cause du diff\u00e9rend qui l\u2019a oppos\u00e9 \u00e0 la hi\u00e9rarchie du parti. Ce diff\u00e9rend \u00e9tait d\u00fb au fait qu\u2019en l\u00e9galiste, Jacquemain Shabani \u00e9tait \u00e0 la t\u00eate d\u2019une frange des cadres de l\u2019UDPS qui tenaient au respect de l\u2019article 26 des statuts du parti qui exigent la mise place d\u2019un directoire (apr\u00e8s la constatation de l\u2019emp\u00eachement du Pr\u00e9sident du parti \u00e9lu Chef de l\u2019Etat) pour pr\u00e9sider \u00e0 la destin\u00e9e du parti.<\/p>\n\n\n\n<p>C\u2019est alors \u00a0qu\u2019il subira la flagellation de Jean-Marc Kabund, alors secr\u00e9taire G\u00e9n\u00e9ral qui cherchait \u00e0 tout pris \u00e0 le r\u00e9duire en silence en d\u00e9pit de quoi, il n\u2019a jamais \u00a0abdiqu\u00e9 et a poursuivi \u00a0cette cause noble et l\u00e9gale jusqu\u2019\u00e0 obtenir gain de cause.<\/p>\n\n\n\n<p>Sa nomination \u00e0 la t\u00eate du minist\u00e8re de l\u2019int\u00e9rieur est en fait la symbiose de tout et, le concern\u00e9 reste conscient des d\u00e9fis qui l\u2019attendent, il s\u2019est engag\u00e9 avec<em> \u00ab\u00a0d\u00e9votion et patriotisme\u00a0\u00bb <\/em>\u00e0<em> \u00ab\u00a0porter cette lourde responsabilit\u00e9 dans la perspective de traduire en acte la vision du Chef de l\u2019\u00c9tat\u00a0\u00bb<\/em>.<\/p>\n\n\n\n<p>Dans le cadre de ses nouvelles fonctions, il est \u00e9vident que Me. Jacquemain Shabani Lukoo marche sur les traces de son p\u00e8re, le Professeur C\u00e9lestin Shabani, ancien Ministre de l\u2019int\u00e9rieur au gouvernement Etienne Tshiesekedi Wa Mulumba.<\/p>\n\n\n\n<p>Jo\u00ebl Diawa<\/p>\n","protected":false},"excerpt":{"rendered":"<p>R\u00e9daction: +243 817 406 088 Le premier gouvernement du deuxi\u00e8me quinquennat de F\u00e9lix Tshisekedi a&#8230;<\/p>\n","protected":false},"author":2,"featured_media":10057,"comment_status":"open","ping_status":"open","sticky":false,"template":"","format":"standard","meta":{"_jetpack_memberships_contains_paid_content":false,"footnotes":""},"categories":[3],"tags":[],"class_list":["post-10056","post","type-post","status-publish","format-standard","has-post-thumbnail","hentry","category-politique"],"yoast_head":"<!-- This site is optimized with the Yoast SEO plugin v27.5 - https:\/\/yoast.com\/product\/yoast-seo-wordpress\/ -->\n<title>RDC\u00a0: Me. Jacquemain Shabani ou la cons\u00e9cration d&#039;un long combat parsem\u00e9 d&#039;emb\u00fbches, d&#039;une fid\u00e9lit\u00e9 sans faille et d&#039;un militantisme abouti (Chronique de Jo\u00ebl Diawa) - Infos Droits Humains<\/title>\n<meta name=\"robots\" content=\"index, follow, max-snippet:-1, max-image-preview:large, max-video-preview:-1\" \/>\n<link rel=\"canonical\" href=\"https:\/\/infos-droitshumains.net\/?p=10056\" \/>\n<meta property=\"og:locale\" content=\"fr_FR\" \/>\n<meta property=\"og:type\" content=\"article\" \/>\n<meta property=\"og:title\" content=\"RDC\u00a0: Me. Jacquemain Shabani ou la cons\u00e9cration d&#039;un long combat parsem\u00e9 d&#039;emb\u00fbches, d&#039;une fid\u00e9lit\u00e9 sans faille et d&#039;un militantisme abouti (Chronique de Jo\u00ebl Diawa) - Infos Droits Humains\" \/>\n<meta property=\"og:description\" content=\"R\u00e9daction: +243 817 406 088 Le premier gouvernement du deuxi\u00e8me quinquennat de F\u00e9lix Tshisekedi a...\" \/>\n<meta property=\"og:url\" content=\"https:\/\/infos-droitshumains.net\/?p=10056\" \/>\n<meta property=\"og:site_name\" content=\"Infos Droits Humains\" \/>\n<meta property=\"article:published_time\" content=\"2024-06-01T13:31:43+00:00\" \/>\n<meta property=\"article:modified_time\" content=\"2024-06-01T13:40:32+00:00\" \/>\n<meta property=\"og:image\" content=\"https:\/\/infos-droitshumains.net\/wp-content\/uploads\/2024\/06\/SHABANI-1.jpg\" \/>\n\t<meta property=\"og:image:width\" content=\"970\" \/>\n\t<meta property=\"og:image:height\" content=\"644\" \/>\n\t<meta property=\"og:image:type\" content=\"image\/jpeg\" \/>\n<meta name=\"author\" content=\"Jo\u00ebl Diawa\" \/>\n<meta name=\"twitter:card\" content=\"summary_large_image\" \/>\n<meta name=\"twitter:label1\" content=\"\u00c9crit par\" \/>\n\t<meta name=\"twitter:data1\" content=\"Jo\u00ebl Diawa\" \/>\n\t<meta name=\"twitter:label2\" content=\"Dur\u00e9e de lecture estim\u00e9e\" \/>\n\t<meta name=\"twitter:data2\" content=\"5 minutes\" \/>\n<script type=\"application\/ld+json\" class=\"yoast-schema-graph\">{\"@context\":\"https:\\\/\\\/schema.org\",\"@graph\":[{\"@type\":\"Article\",\"@id\":\"https:\\\/\\\/infos-droitshumains.net\\\/?p=10056#article\",\"isPartOf\":{\"@id\":\"https:\\\/\\\/infos-droitshumains.net\\\/?p=10056\"},\"author\":{\"name\":\"Jo\u00ebl Diawa\",\"@id\":\"https:\\\/\\\/infos-droitshumains.net\\\/#\\\/schema\\\/person\\\/3dc5e921c3302172e0ed4362f96faab7\"},\"headline\":\"RDC\u00a0: Me. Jacquemain Shabani ou la cons\u00e9cration d&rsquo;un long combat parsem\u00e9 d&#8217;emb\u00fbches, d&rsquo;une fid\u00e9lit\u00e9 sans faille et d&rsquo;un militantisme abouti (Chronique de Jo\u00ebl Diawa)\",\"datePublished\":\"2024-06-01T13:31:43+00:00\",\"dateModified\":\"2024-06-01T13:40:32+00:00\",\"mainEntityOfPage\":{\"@id\":\"https:\\\/\\\/infos-droitshumains.net\\\/?p=10056\"},\"wordCount\":1061,\"commentCount\":0,\"publisher\":{\"@id\":\"https:\\\/\\\/infos-droitshumains.net\\\/#organization\"},\"image\":{\"@id\":\"https:\\\/\\\/infos-droitshumains.net\\\/?p=10056#primaryimage\"},\"thumbnailUrl\":\"https:\\\/\\\/i0.wp.com\\\/infos-droitshumains.net\\\/wp-content\\\/uploads\\\/2024\\\/06\\\/SHABANI-1.jpg?fit=970%2C644&ssl=1\",\"articleSection\":[\"Politique\"],\"inLanguage\":\"fr-FR\",\"potentialAction\":[{\"@type\":\"CommentAction\",\"name\":\"Comment\",\"target\":[\"https:\\\/\\\/infos-droitshumains.net\\\/?p=10056#respond\"]}]},{\"@type\":\"WebPage\",\"@id\":\"https:\\\/\\\/infos-droitshumains.net\\\/?p=10056\",\"url\":\"https:\\\/\\\/infos-droitshumains.net\\\/?p=10056\",\"name\":\"RDC\u00a0: Me. Jacquemain Shabani ou la cons\u00e9cration d'un long combat parsem\u00e9 d'emb\u00fbches, d'une fid\u00e9lit\u00e9 sans faille et d'un militantisme abouti (Chronique de Jo\u00ebl Diawa) - Infos Droits Humains\",\"isPartOf\":{\"@id\":\"https:\\\/\\\/infos-droitshumains.net\\\/#website\"},\"primaryImageOfPage\":{\"@id\":\"https:\\\/\\\/infos-droitshumains.net\\\/?p=10056#primaryimage\"},\"image\":{\"@id\":\"https:\\\/\\\/infos-droitshumains.net\\\/?p=10056#primaryimage\"},\"thumbnailUrl\":\"https:\\\/\\\/i0.wp.com\\\/infos-droitshumains.net\\\/wp-content\\\/uploads\\\/2024\\\/06\\\/SHABANI-1.jpg?fit=970%2C644&ssl=1\",\"datePublished\":\"2024-06-01T13:31:43+00:00\",\"dateModified\":\"2024-06-01T13:40:32+00:00\",\"breadcrumb\":{\"@id\":\"https:\\\/\\\/infos-droitshumains.net\\\/?p=10056#breadcrumb\"},\"inLanguage\":\"fr-FR\",\"potentialAction\":[{\"@type\":\"ReadAction\",\"target\":[\"https:\\\/\\\/infos-droitshumains.net\\\/?p=10056\"]}]},{\"@type\":\"ImageObject\",\"inLanguage\":\"fr-FR\",\"@id\":\"https:\\\/\\\/infos-droitshumains.net\\\/?p=10056#primaryimage\",\"url\":\"https:\\\/\\\/i0.wp.com\\\/infos-droitshumains.net\\\/wp-content\\\/uploads\\\/2024\\\/06\\\/SHABANI-1.jpg?fit=970%2C644&ssl=1\",\"contentUrl\":\"https:\\\/\\\/i0.wp.com\\\/infos-droitshumains.net\\\/wp-content\\\/uploads\\\/2024\\\/06\\\/SHABANI-1.jpg?fit=970%2C644&ssl=1\",\"width\":970,\"height\":644},{\"@type\":\"BreadcrumbList\",\"@id\":\"https:\\\/\\\/infos-droitshumains.net\\\/?p=10056#breadcrumb\",\"itemListElement\":[{\"@type\":\"ListItem\",\"position\":1,\"name\":\"Accueil\",\"item\":\"https:\\\/\\\/infos-droitshumains.net\\\/\"},{\"@type\":\"ListItem\",\"position\":2,\"name\":\"RDC\u00a0: Me. Jacquemain Shabani ou la cons\u00e9cration d&rsquo;un long combat parsem\u00e9 d&#8217;emb\u00fbches, d&rsquo;une fid\u00e9lit\u00e9 sans faille et d&rsquo;un militantisme abouti (Chronique de Jo\u00ebl Diawa)\"}]},{\"@type\":\"WebSite\",\"@id\":\"https:\\\/\\\/infos-droitshumains.net\\\/#website\",\"url\":\"https:\\\/\\\/infos-droitshumains.net\\\/\",\"name\":\"Infos Droits Humains\",\"description\":\"S&#039;informer est un droit\",\"publisher\":{\"@id\":\"https:\\\/\\\/infos-droitshumains.net\\\/#organization\"},\"potentialAction\":[{\"@type\":\"SearchAction\",\"target\":{\"@type\":\"EntryPoint\",\"urlTemplate\":\"https:\\\/\\\/infos-droitshumains.net\\\/?s={search_term_string}\"},\"query-input\":{\"@type\":\"PropertyValueSpecification\",\"valueRequired\":true,\"valueName\":\"search_term_string\"}}],\"inLanguage\":\"fr-FR\"},{\"@type\":\"Organization\",\"@id\":\"https:\\\/\\\/infos-droitshumains.net\\\/#organization\",\"name\":\"Infos Droits Humains\",\"url\":\"https:\\\/\\\/infos-droitshumains.net\\\/\",\"logo\":{\"@type\":\"ImageObject\",\"inLanguage\":\"fr-FR\",\"@id\":\"https:\\\/\\\/infos-droitshumains.net\\\/#\\\/schema\\\/logo\\\/image\\\/\",\"url\":\"https:\\\/\\\/i0.wp.com\\\/infos-droitshumains.net\\\/wp-content\\\/uploads\\\/2022\\\/05\\\/Logo.png?fit=333%2C129&ssl=1\",\"contentUrl\":\"https:\\\/\\\/i0.wp.com\\\/infos-droitshumains.net\\\/wp-content\\\/uploads\\\/2022\\\/05\\\/Logo.png?fit=333%2C129&ssl=1\",\"width\":333,\"height\":129,\"caption\":\"Infos Droits Humains\"},\"image\":{\"@id\":\"https:\\\/\\\/infos-droitshumains.net\\\/#\\\/schema\\\/logo\\\/image\\\/\"}},{\"@type\":\"Person\",\"@id\":\"https:\\\/\\\/infos-droitshumains.net\\\/#\\\/schema\\\/person\\\/3dc5e921c3302172e0ed4362f96faab7\",\"name\":\"Jo\u00ebl Diawa\",\"image\":{\"@type\":\"ImageObject\",\"inLanguage\":\"fr-FR\",\"@id\":\"https:\\\/\\\/secure.gravatar.com\\\/avatar\\\/729bea6ff4604c624417803c477363be8e3c7186deaa65713313f9b4b820f41c?s=96&d=mm&r=g\",\"url\":\"https:\\\/\\\/secure.gravatar.com\\\/avatar\\\/729bea6ff4604c624417803c477363be8e3c7186deaa65713313f9b4b820f41c?s=96&d=mm&r=g\",\"contentUrl\":\"https:\\\/\\\/secure.gravatar.com\\\/avatar\\\/729bea6ff4604c624417803c477363be8e3c7186deaa65713313f9b4b820f41c?s=96&d=mm&r=g\",\"caption\":\"Jo\u00ebl Diawa\"},\"sameAs\":[\"https:\\\/\\\/www.infos-droitshumains.net\"],\"url\":\"https:\\\/\\\/infos-droitshumains.net\\\/?author=2\"}]}<\/script>\n<!-- \/ Yoast SEO plugin. -->","yoast_head_json":{"title":"RDC\u00a0: Me. Jacquemain Shabani ou la cons\u00e9cration d'un long combat parsem\u00e9 d'emb\u00fbches, d'une fid\u00e9lit\u00e9 sans faille et d'un militantisme abouti (Chronique de Jo\u00ebl Diawa) - Infos Droits Humains","robots":{"index":"index","follow":"follow","max-snippet":"max-snippet:-1","max-image-preview":"max-image-preview:large","max-video-preview":"max-video-preview:-1"},"canonical":"https:\/\/infos-droitshumains.net\/?p=10056","og_locale":"fr_FR","og_type":"article","og_title":"RDC\u00a0: Me. Jacquemain Shabani ou la cons\u00e9cration d'un long combat parsem\u00e9 d'emb\u00fbches, d'une fid\u00e9lit\u00e9 sans faille et d'un militantisme abouti (Chronique de Jo\u00ebl Diawa) - Infos Droits Humains","og_description":"R\u00e9daction: +243 817 406 088 Le premier gouvernement du deuxi\u00e8me quinquennat de F\u00e9lix Tshisekedi a...","og_url":"https:\/\/infos-droitshumains.net\/?p=10056","og_site_name":"Infos Droits Humains","article_published_time":"2024-06-01T13:31:43+00:00","article_modified_time":"2024-06-01T13:40:32+00:00","og_image":[{"width":970,"height":644,"url":"https:\/\/infos-droitshumains.net\/wp-content\/uploads\/2024\/06\/SHABANI-1.jpg","type":"image\/jpeg"}],"author":"Jo\u00ebl Diawa","twitter_card":"summary_large_image","twitter_misc":{"\u00c9crit par":"Jo\u00ebl Diawa","Dur\u00e9e de lecture estim\u00e9e":"5 minutes"},"schema":{"@context":"https:\/\/schema.org","@graph":[{"@type":"Article","@id":"https:\/\/infos-droitshumains.net\/?p=10056#article","isPartOf":{"@id":"https:\/\/infos-droitshumains.net\/?p=10056"},"author":{"name":"Jo\u00ebl Diawa","@id":"https:\/\/infos-droitshumains.net\/#\/schema\/person\/3dc5e921c3302172e0ed4362f96faab7"},"headline":"RDC\u00a0: Me. Jacquemain Shabani ou la cons\u00e9cration d&rsquo;un long combat parsem\u00e9 d&#8217;emb\u00fbches, d&rsquo;une fid\u00e9lit\u00e9 sans faille et d&rsquo;un militantisme abouti (Chronique de Jo\u00ebl Diawa)","datePublished":"2024-06-01T13:31:43+00:00","dateModified":"2024-06-01T13:40:32+00:00","mainEntityOfPage":{"@id":"https:\/\/infos-droitshumains.net\/?p=10056"},"wordCount":1061,"commentCount":0,"publisher":{"@id":"https:\/\/infos-droitshumains.net\/#organization"},"image":{"@id":"https:\/\/infos-droitshumains.net\/?p=10056#primaryimage"},"thumbnailUrl":"https:\/\/i0.wp.com\/infos-droitshumains.net\/wp-content\/uploads\/2024\/06\/SHABANI-1.jpg?fit=970%2C644&ssl=1","articleSection":["Politique"],"inLanguage":"fr-FR","potentialAction":[{"@type":"CommentAction","name":"Comment","target":["https:\/\/infos-droitshumains.net\/?p=10056#respond"]}]},{"@type":"WebPage","@id":"https:\/\/infos-droitshumains.net\/?p=10056","url":"https:\/\/infos-droitshumains.net\/?p=10056","name":"RDC\u00a0: Me. Jacquemain Shabani ou la cons\u00e9cration d'un long combat parsem\u00e9 d'emb\u00fbches, d'une fid\u00e9lit\u00e9 sans faille et d'un militantisme abouti (Chronique de Jo\u00ebl Diawa) - Infos Droits Humains","isPartOf":{"@id":"https:\/\/infos-droitshumains.net\/#website"},"primaryImageOfPage":{"@id":"https:\/\/infos-droitshumains.net\/?p=10056#primaryimage"},"image":{"@id":"https:\/\/infos-droitshumains.net\/?p=10056#primaryimage"},"thumbnailUrl":"https:\/\/i0.wp.com\/infos-droitshumains.net\/wp-content\/uploads\/2024\/06\/SHABANI-1.jpg?fit=970%2C644&ssl=1","datePublished":"2024-06-01T13:31:43+00:00","dateModified":"2024-06-01T13:40:32+00:00","breadcrumb":{"@id":"https:\/\/infos-droitshumains.net\/?p=10056#breadcrumb"},"inLanguage":"fr-FR","potentialAction":[{"@type":"ReadAction","target":["https:\/\/infos-droitshumains.net\/?p=10056"]}]},{"@type":"ImageObject","inLanguage":"fr-FR","@id":"https:\/\/infos-droitshumains.net\/?p=10056#primaryimage","url":"https:\/\/i0.wp.com\/infos-droitshumains.net\/wp-content\/uploads\/2024\/06\/SHABANI-1.jpg?fit=970%2C644&ssl=1","contentUrl":"https:\/\/i0.wp.com\/infos-droitshumains.net\/wp-content\/uploads\/2024\/06\/SHABANI-1.jpg?fit=970%2C644&ssl=1","width":970,"height":644},{"@type":"BreadcrumbList","@id":"https:\/\/infos-droitshumains.net\/?p=10056#breadcrumb","itemListElement":[{"@type":"ListItem","position":1,"name":"Accueil","item":"https:\/\/infos-droitshumains.net\/"},{"@type":"ListItem","position":2,"name":"RDC\u00a0: Me. Jacquemain Shabani ou la cons\u00e9cration d&rsquo;un long combat parsem\u00e9 d&#8217;emb\u00fbches, d&rsquo;une fid\u00e9lit\u00e9 sans faille et d&rsquo;un militantisme abouti (Chronique de Jo\u00ebl Diawa)"}]},{"@type":"WebSite","@id":"https:\/\/infos-droitshumains.net\/#website","url":"https:\/\/infos-droitshumains.net\/","name":"Infos Droits Humains","description":"S&#039;informer est un droit","publisher":{"@id":"https:\/\/infos-droitshumains.net\/#organization"},"potentialAction":[{"@type":"SearchAction","target":{"@type":"EntryPoint","urlTemplate":"https:\/\/infos-droitshumains.net\/?s={search_term_string}"},"query-input":{"@type":"PropertyValueSpecification","valueRequired":true,"valueName":"search_term_string"}}],"inLanguage":"fr-FR"},{"@type":"Organization","@id":"https:\/\/infos-droitshumains.net\/#organization","name":"Infos Droits Humains","url":"https:\/\/infos-droitshumains.net\/","logo":{"@type":"ImageObject","inLanguage":"fr-FR","@id":"https:\/\/infos-droitshumains.net\/#\/schema\/logo\/image\/","url":"https:\/\/i0.wp.com\/infos-droitshumains.net\/wp-content\/uploads\/2022\/05\/Logo.png?fit=333%2C129&ssl=1","contentUrl":"https:\/\/i0.wp.com\/infos-droitshumains.net\/wp-content\/uploads\/2022\/05\/Logo.png?fit=333%2C129&ssl=1","width":333,"height":129,"caption":"Infos Droits Humains"},"image":{"@id":"https:\/\/infos-droitshumains.net\/#\/schema\/logo\/image\/"}},{"@type":"Person","@id":"https:\/\/infos-droitshumains.net\/#\/schema\/person\/3dc5e921c3302172e0ed4362f96faab7","name":"Jo\u00ebl Diawa","image":{"@type":"ImageObject","inLanguage":"fr-FR","@id":"https:\/\/secure.gravatar.com\/avatar\/729bea6ff4604c624417803c477363be8e3c7186deaa65713313f9b4b820f41c?s=96&d=mm&r=g","url":"https:\/\/secure.gravatar.com\/avatar\/729bea6ff4604c624417803c477363be8e3c7186deaa65713313f9b4b820f41c?s=96&d=mm&r=g","contentUrl":"https:\/\/secure.gravatar.com\/avatar\/729bea6ff4604c624417803c477363be8e3c7186deaa65713313f9b4b820f41c?s=96&d=mm&r=g","caption":"Jo\u00ebl Diawa"},"sameAs":["https:\/\/www.infos-droitshumains.net"],"url":"https:\/\/infos-droitshumains.net\/?author=2"}]}},"featured_image_urls":{"full":["https:\/\/i0.wp.com\/infos-droitshumains.net\/wp-content\/uploads\/2024\/06\/SHABANI-1.jpg?fit=970%2C644&ssl=1",970,644,false],"thumbnail":["https:\/\/i0.wp.com\/infos-droitshumains.net\/wp-content\/uploads\/2024\/06\/SHABANI-1.jpg?resize=150%2C150&ssl=1",150,150,true],"medium":["https:\/\/i0.wp.com\/infos-droitshumains.net\/wp-content\/uploads\/2024\/06\/SHABANI-1.jpg?fit=300%2C199&ssl=1",300,199,true],"medium_large":["https:\/\/i0.wp.com\/infos-droitshumains.net\/wp-content\/uploads\/2024\/06\/SHABANI-1.jpg?fit=640%2C425&ssl=1",640,425,true],"large":["https:\/\/i0.wp.com\/infos-droitshumains.net\/wp-content\/uploads\/2024\/06\/SHABANI-1.jpg?fit=640%2C425&ssl=1",640,425,true],"1536x1536":["https:\/\/i0.wp.com\/infos-droitshumains.net\/wp-content\/uploads\/2024\/06\/SHABANI-1.jpg?fit=970%2C644&ssl=1",970,644,true],"2048x2048":["https:\/\/i0.wp.com\/infos-droitshumains.net\/wp-content\/uploads\/2024\/06\/SHABANI-1.jpg?fit=970%2C644&ssl=1",970,644,true],"covernews-slider-full":["https:\/\/i0.wp.com\/infos-droitshumains.net\/wp-content\/uploads\/2024\/06\/SHABANI-1.jpg?resize=970%2C644&ssl=1",970,644,true],"covernews-slider-center":["https:\/\/i0.wp.com\/infos-droitshumains.net\/wp-content\/uploads\/2024\/06\/SHABANI-1.jpg?resize=800%2C500&ssl=1",800,500,true],"covernews-featured":["https:\/\/i0.wp.com\/infos-droitshumains.net\/wp-content\/uploads\/2024\/06\/SHABANI-1.jpg?fit=970%2C644&ssl=1",970,644,true],"covernews-medium":["https:\/\/i0.wp.com\/infos-droitshumains.net\/wp-content\/uploads\/2024\/06\/SHABANI-1.jpg?resize=540%2C340&ssl=1",540,340,true],"covernews-medium-square":["https:\/\/i0.wp.com\/infos-droitshumains.net\/wp-content\/uploads\/2024\/06\/SHABANI-1.jpg?resize=400%2C250&ssl=1",400,250,true]},"author_info":{"display_name":"Jo\u00ebl Diawa","author_link":"https:\/\/infos-droitshumains.net\/?author=2"},"category_info":"<a href=\"https:\/\/infos-droitshumains.net\/?cat=3\" rel=\"category\">Politique<\/a>","tag_info":"Politique","comment_count":"0","jetpack_featured_media_url":"https:\/\/i0.wp.com\/infos-droitshumains.net\/wp-content\/uploads\/2024\/06\/SHABANI-1.jpg?fit=970%2C644&ssl=1","jetpack-related-posts":[],"jetpack_sharing_enabled":true,"_links":{"self":[{"href":"https:\/\/infos-droitshumains.net\/index.php?rest_route=\/wp\/v2\/posts\/10056","targetHints":{"allow":["GET"]}}],"collection":[{"href":"https:\/\/infos-droitshumains.net\/index.php?rest_route=\/wp\/v2\/posts"}],"about":[{"href":"https:\/\/infos-droitshumains.net\/index.php?rest_route=\/wp\/v2\/types\/post"}],"author":[{"embeddable":true,"href":"https:\/\/infos-droitshumains.net\/index.php?rest_route=\/wp\/v2\/users\/2"}],"replies":[{"embeddable":true,"href":"https:\/\/infos-droitshumains.net\/index.php?rest_route=%2Fwp%2Fv2%2Fcomments&post=10056"}],"version-history":[{"count":5,"href":"https:\/\/infos-droitshumains.net\/index.php?rest_route=\/wp\/v2\/posts\/10056\/revisions"}],"predecessor-version":[{"id":10063,"href":"https:\/\/infos-droitshumains.net\/index.php?rest_route=\/wp\/v2\/posts\/10056\/revisions\/10063"}],"wp:featuredmedia":[{"embeddable":true,"href":"https:\/\/infos-droitshumains.net\/index.php?rest_route=\/wp\/v2\/media\/10057"}],"wp:attachment":[{"href":"https:\/\/infos-droitshumains.net\/index.php?rest_route=%2Fwp%2Fv2%2Fmedia&parent=10056"}],"wp:term":[{"taxonomy":"category","embeddable":true,"href":"https:\/\/infos-droitshumains.net\/index.php?rest_route=%2Fwp%2Fv2%2Fcategories&post=10056"},{"taxonomy":"post_tag","embeddable":true,"href":"https:\/\/infos-droitshumains.net\/index.php?rest_route=%2Fwp%2Fv2%2Ftags&post=10056"}],"curies":[{"name":"wp","href":"https:\/\/api.w.org\/{rel}","templated":true}]}}