{"id":10041,"date":"2024-05-30T00:53:31","date_gmt":"2024-05-29T22:53:31","guid":{"rendered":"https:\/\/infos-droitshumains.net\/?p=10041"},"modified":"2024-05-30T10:33:15","modified_gmt":"2024-05-30T08:33:15","slug":"nomme-vice-ministre-de-justice-qui-est-samuel-mbemba-kabuya-tanda","status":"publish","type":"post","link":"https:\/\/infos-droitshumains.net\/?p=10041","title":{"rendered":"Nomm\u00e9 Vice-Ministre de Justice, qui est Samuel Mbemba Kabuya Tanda?"},"content":{"rendered":"\n<p><strong>R\u00e9daction: +243 817 406 088<\/strong><\/p>\n\n\n\n<h3 class=\"wp-block-heading has-vivid-red-color has-text-color has-link-color wp-elements-e2adc4a4590da4400cc58a0aa8bab955\">Notable de Camp Luka, un quartier p\u00e9riph\u00e9rique de la commune de Ngaliema \u00e0 Kinshasa, Samuel Mbemba Kabuya Tanda est nomm\u00e9 Vice-Ministre de Justice et contentieux internationaux au gouvernement Judith Suminwa.<\/h3>\n\n\n\n<p>Doctorant et d\u00e9tenteur d\u2019un dipl\u00f4me de Master en droit \u00e0 l&rsquo;Universit\u00e9 Libre de Bruxelles, Samuel Mbemba Kabuya fait \u00e9galement un Master en th\u00e9ologie \u00e0 l&rsquo;Universit\u00e9 Protestante du Congo.<\/p>\n\n\n\n<p>Si c&rsquo;est aux c\u00f4t\u00e9s du patriarche Christophe Mboso alors Pr\u00e9sident de l\u2019Assembl\u00e9e Nationale qu\u2019il a \u00e9t\u00e9 mis en lumi\u00e8re comme son Directeur de Cabinet depuis 2020, il n&rsquo;en demeure moins qu&rsquo;il a un parcours professionnel \u00e9loquent.<\/p>\n\n\n\n<p>Deux fois \u00e9lu d\u00e9put\u00e9 national (2018 et 2023), Samuel Mbemba Kabuya Tanda a la ma\u00eetrise parfaite des m\u00e9andres de l\u2019administration publique pour avoir travaill\u00e9 dans les cabinets minist\u00e9riels. Il a \u00e9t\u00e9 entre 2017 et 2018, conseiller juridique au Minist\u00e8re des Affaires \u00e9trang\u00e8res au cabinet du Ministre D\u00e9l\u00e9gu\u00e9 en charge des Congolais de l&rsquo;\u00e9tranger. Dans le cadre de ces fonctions, Il avait pour missions de traiter les dossiers juridiques ainsi que les dossiers des Congolais d\u00e9tenus \u00e0 l&rsquo;\u00e9tranger ou n\u00e9cessitant une assistance diplomatique ou consulaire.<\/p>\n\n\n\n<p>Samuel Mbemba Kabuya Tanda Eaussi \u00e9t\u00e9 de 2014 \u00e0 2017, conseiller principal du Ministre de la Justice et Garde des Sceaux. Il \u00e9tait principalement charg\u00e9 des relations avec les organisations internationales. Auparavant, il avait d\u00e9j\u00e0 \u00e9t\u00e9 conseill\u00e9 du Ministre de la Justice et Garde des Sceaux, o\u00f9 il a notamment trait\u00e9 les contentieux fonciers et les dossiers de d\u00e9fense de la RDC devant les instances judiciaires nationales et internationales (2009-2012).<\/p>\n\n\n\n<p>Ayant exerc\u00e9 comme avocat &nbsp;au Barreau de Bruxelles (2010 et 2012), le nouveau Vice-Ministre de la Justice est depuis 2015, avocat au Barreau du Kwilu (ex barreau de Bandundu). Outre sa carri\u00e8re politique et professionnelle, Samuel Mbemba Kabuya Tanda est \u00e9galement serviteur de Dieu&nbsp;; depuis 2003, il est Pasteur \u00e0 l&rsquo;Eglise Cit\u00e9 Bethel.<\/p>\n\n\n\n<p>Lors des l\u00e9gislatives nationales de d\u00e9cembre 2023, Samuel Mbemba Kabuya avait \u00e9t\u00e9 \u00e9lu d\u00e9put\u00e9 national dans la circonscription de &nbsp;Lukunga avec plus de 14.000 voix faisant de lui le deuxi\u00e8me meilleur \u00e9lu de Kinshasa.<\/p>\n\n\n\n<p>Merlin Kamalandua<\/p>\n","protected":false},"excerpt":{"rendered":"<p>R\u00e9daction: +243 817 406 088 Notable de Camp Luka, un quartier p\u00e9riph\u00e9rique de la commune&#8230;<\/p>\n","protected":false},"author":2,"featured_media":10042,"comment_status":"open","ping_status":"open","sticky":false,"template":"","format":"standard","meta":{"_jetpack_memberships_contains_paid_content":false,"footnotes":""},"categories":[3],"tags":[],"class_list":["post-10041","post","type-post","status-publish","format-standard","has-post-thumbnail","hentry","category-politique"],"yoast_head":"<!-- This site is optimized with the Yoast SEO plugin v27.5 - https:\/\/yoast.com\/product\/yoast-seo-wordpress\/ -->\n<title>Nomm\u00e9 Vice-Ministre de Justice, qui est Samuel Mbemba Kabuya Tanda? - Infos Droits Humains<\/title>\n<meta name=\"robots\" content=\"index, follow, max-snippet:-1, max-image-preview:large, max-video-preview:-1\" \/>\n<link rel=\"canonical\" href=\"https:\/\/infos-droitshumains.net\/?p=10041\" \/>\n<meta property=\"og:locale\" content=\"fr_FR\" \/>\n<meta property=\"og:type\" content=\"article\" \/>\n<meta property=\"og:title\" content=\"Nomm\u00e9 Vice-Ministre de Justice, qui est Samuel Mbemba Kabuya Tanda? - Infos Droits Humains\" \/>\n<meta property=\"og:description\" content=\"R\u00e9daction: +243 817 406 088 Notable de Camp Luka, un quartier p\u00e9riph\u00e9rique de la commune...\" \/>\n<meta property=\"og:url\" content=\"https:\/\/infos-droitshumains.net\/?p=10041\" \/>\n<meta property=\"og:site_name\" content=\"Infos Droits Humains\" \/>\n<meta property=\"article:published_time\" content=\"2024-05-29T22:53:31+00:00\" \/>\n<meta property=\"article:modified_time\" content=\"2024-05-30T08:33:15+00:00\" \/>\n<meta property=\"og:image\" content=\"https:\/\/infos-droitshumains.net\/wp-content\/uploads\/2024\/05\/SAMUEL-MBEMBA.jpg\" \/>\n\t<meta property=\"og:image:width\" content=\"634\" \/>\n\t<meta property=\"og:image:height\" content=\"451\" \/>\n\t<meta property=\"og:image:type\" content=\"image\/jpeg\" \/>\n<meta name=\"author\" content=\"Jo\u00ebl Diawa\" \/>\n<meta name=\"twitter:card\" content=\"summary_large_image\" \/>\n<meta name=\"twitter:label1\" content=\"\u00c9crit par\" \/>\n\t<meta name=\"twitter:data1\" content=\"Jo\u00ebl Diawa\" \/>\n\t<meta name=\"twitter:label2\" content=\"Dur\u00e9e de lecture estim\u00e9e\" \/>\n\t<meta name=\"twitter:data2\" content=\"2 minutes\" \/>\n<script type=\"application\/ld+json\" class=\"yoast-schema-graph\">{\"@context\":\"https:\\\/\\\/schema.org\",\"@graph\":[{\"@type\":\"Article\",\"@id\":\"https:\\\/\\\/infos-droitshumains.net\\\/?p=10041#article\",\"isPartOf\":{\"@id\":\"https:\\\/\\\/infos-droitshumains.net\\\/?p=10041\"},\"author\":{\"name\":\"Jo\u00ebl Diawa\",\"@id\":\"https:\\\/\\\/infos-droitshumains.net\\\/#\\\/schema\\\/person\\\/3dc5e921c3302172e0ed4362f96faab7\"},\"headline\":\"Nomm\u00e9 Vice-Ministre de Justice, qui est Samuel Mbemba Kabuya Tanda?\",\"datePublished\":\"2024-05-29T22:53:31+00:00\",\"dateModified\":\"2024-05-30T08:33:15+00:00\",\"mainEntityOfPage\":{\"@id\":\"https:\\\/\\\/infos-droitshumains.net\\\/?p=10041\"},\"wordCount\":366,\"commentCount\":0,\"publisher\":{\"@id\":\"https:\\\/\\\/infos-droitshumains.net\\\/#organization\"},\"image\":{\"@id\":\"https:\\\/\\\/infos-droitshumains.net\\\/?p=10041#primaryimage\"},\"thumbnailUrl\":\"https:\\\/\\\/i0.wp.com\\\/infos-droitshumains.net\\\/wp-content\\\/uploads\\\/2024\\\/05\\\/SAMUEL-MBEMBA.jpg?fit=634%2C451&ssl=1\",\"articleSection\":[\"Politique\"],\"inLanguage\":\"fr-FR\",\"potentialAction\":[{\"@type\":\"CommentAction\",\"name\":\"Comment\",\"target\":[\"https:\\\/\\\/infos-droitshumains.net\\\/?p=10041#respond\"]}]},{\"@type\":\"WebPage\",\"@id\":\"https:\\\/\\\/infos-droitshumains.net\\\/?p=10041\",\"url\":\"https:\\\/\\\/infos-droitshumains.net\\\/?p=10041\",\"name\":\"Nomm\u00e9 Vice-Ministre de Justice, qui est Samuel Mbemba Kabuya Tanda? - Infos Droits Humains\",\"isPartOf\":{\"@id\":\"https:\\\/\\\/infos-droitshumains.net\\\/#website\"},\"primaryImageOfPage\":{\"@id\":\"https:\\\/\\\/infos-droitshumains.net\\\/?p=10041#primaryimage\"},\"image\":{\"@id\":\"https:\\\/\\\/infos-droitshumains.net\\\/?p=10041#primaryimage\"},\"thumbnailUrl\":\"https:\\\/\\\/i0.wp.com\\\/infos-droitshumains.net\\\/wp-content\\\/uploads\\\/2024\\\/05\\\/SAMUEL-MBEMBA.jpg?fit=634%2C451&ssl=1\",\"datePublished\":\"2024-05-29T22:53:31+00:00\",\"dateModified\":\"2024-05-30T08:33:15+00:00\",\"breadcrumb\":{\"@id\":\"https:\\\/\\\/infos-droitshumains.net\\\/?p=10041#breadcrumb\"},\"inLanguage\":\"fr-FR\",\"potentialAction\":[{\"@type\":\"ReadAction\",\"target\":[\"https:\\\/\\\/infos-droitshumains.net\\\/?p=10041\"]}]},{\"@type\":\"ImageObject\",\"inLanguage\":\"fr-FR\",\"@id\":\"https:\\\/\\\/infos-droitshumains.net\\\/?p=10041#primaryimage\",\"url\":\"https:\\\/\\\/i0.wp.com\\\/infos-droitshumains.net\\\/wp-content\\\/uploads\\\/2024\\\/05\\\/SAMUEL-MBEMBA.jpg?fit=634%2C451&ssl=1\",\"contentUrl\":\"https:\\\/\\\/i0.wp.com\\\/infos-droitshumains.net\\\/wp-content\\\/uploads\\\/2024\\\/05\\\/SAMUEL-MBEMBA.jpg?fit=634%2C451&ssl=1\",\"width\":634,\"height\":451},{\"@type\":\"BreadcrumbList\",\"@id\":\"https:\\\/\\\/infos-droitshumains.net\\\/?p=10041#breadcrumb\",\"itemListElement\":[{\"@type\":\"ListItem\",\"position\":1,\"name\":\"Accueil\",\"item\":\"https:\\\/\\\/infos-droitshumains.net\\\/\"},{\"@type\":\"ListItem\",\"position\":2,\"name\":\"Nomm\u00e9 Vice-Ministre de Justice, qui est Samuel Mbemba Kabuya Tanda?\"}]},{\"@type\":\"WebSite\",\"@id\":\"https:\\\/\\\/infos-droitshumains.net\\\/#website\",\"url\":\"https:\\\/\\\/infos-droitshumains.net\\\/\",\"name\":\"Infos Droits Humains\",\"description\":\"S&#039;informer est un droit\",\"publisher\":{\"@id\":\"https:\\\/\\\/infos-droitshumains.net\\\/#organization\"},\"potentialAction\":[{\"@type\":\"SearchAction\",\"target\":{\"@type\":\"EntryPoint\",\"urlTemplate\":\"https:\\\/\\\/infos-droitshumains.net\\\/?s={search_term_string}\"},\"query-input\":{\"@type\":\"PropertyValueSpecification\",\"valueRequired\":true,\"valueName\":\"search_term_string\"}}],\"inLanguage\":\"fr-FR\"},{\"@type\":\"Organization\",\"@id\":\"https:\\\/\\\/infos-droitshumains.net\\\/#organization\",\"name\":\"Infos Droits Humains\",\"url\":\"https:\\\/\\\/infos-droitshumains.net\\\/\",\"logo\":{\"@type\":\"ImageObject\",\"inLanguage\":\"fr-FR\",\"@id\":\"https:\\\/\\\/infos-droitshumains.net\\\/#\\\/schema\\\/logo\\\/image\\\/\",\"url\":\"https:\\\/\\\/i0.wp.com\\\/infos-droitshumains.net\\\/wp-content\\\/uploads\\\/2022\\\/05\\\/Logo.png?fit=333%2C129&ssl=1\",\"contentUrl\":\"https:\\\/\\\/i0.wp.com\\\/infos-droitshumains.net\\\/wp-content\\\/uploads\\\/2022\\\/05\\\/Logo.png?fit=333%2C129&ssl=1\",\"width\":333,\"height\":129,\"caption\":\"Infos Droits Humains\"},\"image\":{\"@id\":\"https:\\\/\\\/infos-droitshumains.net\\\/#\\\/schema\\\/logo\\\/image\\\/\"}},{\"@type\":\"Person\",\"@id\":\"https:\\\/\\\/infos-droitshumains.net\\\/#\\\/schema\\\/person\\\/3dc5e921c3302172e0ed4362f96faab7\",\"name\":\"Jo\u00ebl Diawa\",\"image\":{\"@type\":\"ImageObject\",\"inLanguage\":\"fr-FR\",\"@id\":\"https:\\\/\\\/secure.gravatar.com\\\/avatar\\\/729bea6ff4604c624417803c477363be8e3c7186deaa65713313f9b4b820f41c?s=96&d=mm&r=g\",\"url\":\"https:\\\/\\\/secure.gravatar.com\\\/avatar\\\/729bea6ff4604c624417803c477363be8e3c7186deaa65713313f9b4b820f41c?s=96&d=mm&r=g\",\"contentUrl\":\"https:\\\/\\\/secure.gravatar.com\\\/avatar\\\/729bea6ff4604c624417803c477363be8e3c7186deaa65713313f9b4b820f41c?s=96&d=mm&r=g\",\"caption\":\"Jo\u00ebl Diawa\"},\"sameAs\":[\"https:\\\/\\\/www.infos-droitshumains.net\"],\"url\":\"https:\\\/\\\/infos-droitshumains.net\\\/?author=2\"}]}<\/script>\n<!-- \/ Yoast SEO plugin. -->","yoast_head_json":{"title":"Nomm\u00e9 Vice-Ministre de Justice, qui est Samuel Mbemba Kabuya Tanda? - Infos Droits Humains","robots":{"index":"index","follow":"follow","max-snippet":"max-snippet:-1","max-image-preview":"max-image-preview:large","max-video-preview":"max-video-preview:-1"},"canonical":"https:\/\/infos-droitshumains.net\/?p=10041","og_locale":"fr_FR","og_type":"article","og_title":"Nomm\u00e9 Vice-Ministre de Justice, qui est Samuel Mbemba Kabuya Tanda? - Infos Droits Humains","og_description":"R\u00e9daction: +243 817 406 088 Notable de Camp Luka, un quartier p\u00e9riph\u00e9rique de la commune...","og_url":"https:\/\/infos-droitshumains.net\/?p=10041","og_site_name":"Infos Droits Humains","article_published_time":"2024-05-29T22:53:31+00:00","article_modified_time":"2024-05-30T08:33:15+00:00","og_image":[{"width":634,"height":451,"url":"https:\/\/infos-droitshumains.net\/wp-content\/uploads\/2024\/05\/SAMUEL-MBEMBA.jpg","type":"image\/jpeg"}],"author":"Jo\u00ebl Diawa","twitter_card":"summary_large_image","twitter_misc":{"\u00c9crit par":"Jo\u00ebl Diawa","Dur\u00e9e de lecture estim\u00e9e":"2 minutes"},"schema":{"@context":"https:\/\/schema.org","@graph":[{"@type":"Article","@id":"https:\/\/infos-droitshumains.net\/?p=10041#article","isPartOf":{"@id":"https:\/\/infos-droitshumains.net\/?p=10041"},"author":{"name":"Jo\u00ebl Diawa","@id":"https:\/\/infos-droitshumains.net\/#\/schema\/person\/3dc5e921c3302172e0ed4362f96faab7"},"headline":"Nomm\u00e9 Vice-Ministre de Justice, qui est Samuel Mbemba Kabuya Tanda?","datePublished":"2024-05-29T22:53:31+00:00","dateModified":"2024-05-30T08:33:15+00:00","mainEntityOfPage":{"@id":"https:\/\/infos-droitshumains.net\/?p=10041"},"wordCount":366,"commentCount":0,"publisher":{"@id":"https:\/\/infos-droitshumains.net\/#organization"},"image":{"@id":"https:\/\/infos-droitshumains.net\/?p=10041#primaryimage"},"thumbnailUrl":"https:\/\/i0.wp.com\/infos-droitshumains.net\/wp-content\/uploads\/2024\/05\/SAMUEL-MBEMBA.jpg?fit=634%2C451&ssl=1","articleSection":["Politique"],"inLanguage":"fr-FR","potentialAction":[{"@type":"CommentAction","name":"Comment","target":["https:\/\/infos-droitshumains.net\/?p=10041#respond"]}]},{"@type":"WebPage","@id":"https:\/\/infos-droitshumains.net\/?p=10041","url":"https:\/\/infos-droitshumains.net\/?p=10041","name":"Nomm\u00e9 Vice-Ministre de Justice, qui est Samuel Mbemba Kabuya Tanda? - Infos Droits Humains","isPartOf":{"@id":"https:\/\/infos-droitshumains.net\/#website"},"primaryImageOfPage":{"@id":"https:\/\/infos-droitshumains.net\/?p=10041#primaryimage"},"image":{"@id":"https:\/\/infos-droitshumains.net\/?p=10041#primaryimage"},"thumbnailUrl":"https:\/\/i0.wp.com\/infos-droitshumains.net\/wp-content\/uploads\/2024\/05\/SAMUEL-MBEMBA.jpg?fit=634%2C451&ssl=1","datePublished":"2024-05-29T22:53:31+00:00","dateModified":"2024-05-30T08:33:15+00:00","breadcrumb":{"@id":"https:\/\/infos-droitshumains.net\/?p=10041#breadcrumb"},"inLanguage":"fr-FR","potentialAction":[{"@type":"ReadAction","target":["https:\/\/infos-droitshumains.net\/?p=10041"]}]},{"@type":"ImageObject","inLanguage":"fr-FR","@id":"https:\/\/infos-droitshumains.net\/?p=10041#primaryimage","url":"https:\/\/i0.wp.com\/infos-droitshumains.net\/wp-content\/uploads\/2024\/05\/SAMUEL-MBEMBA.jpg?fit=634%2C451&ssl=1","contentUrl":"https:\/\/i0.wp.com\/infos-droitshumains.net\/wp-content\/uploads\/2024\/05\/SAMUEL-MBEMBA.jpg?fit=634%2C451&ssl=1","width":634,"height":451},{"@type":"BreadcrumbList","@id":"https:\/\/infos-droitshumains.net\/?p=10041#breadcrumb","itemListElement":[{"@type":"ListItem","position":1,"name":"Accueil","item":"https:\/\/infos-droitshumains.net\/"},{"@type":"ListItem","position":2,"name":"Nomm\u00e9 Vice-Ministre de Justice, qui est Samuel Mbemba Kabuya Tanda?"}]},{"@type":"WebSite","@id":"https:\/\/infos-droitshumains.net\/#website","url":"https:\/\/infos-droitshumains.net\/","name":"Infos Droits Humains","description":"S&#039;informer est un droit","publisher":{"@id":"https:\/\/infos-droitshumains.net\/#organization"},"potentialAction":[{"@type":"SearchAction","target":{"@type":"EntryPoint","urlTemplate":"https:\/\/infos-droitshumains.net\/?s={search_term_string}"},"query-input":{"@type":"PropertyValueSpecification","valueRequired":true,"valueName":"search_term_string"}}],"inLanguage":"fr-FR"},{"@type":"Organization","@id":"https:\/\/infos-droitshumains.net\/#organization","name":"Infos Droits Humains","url":"https:\/\/infos-droitshumains.net\/","logo":{"@type":"ImageObject","inLanguage":"fr-FR","@id":"https:\/\/infos-droitshumains.net\/#\/schema\/logo\/image\/","url":"https:\/\/i0.wp.com\/infos-droitshumains.net\/wp-content\/uploads\/2022\/05\/Logo.png?fit=333%2C129&ssl=1","contentUrl":"https:\/\/i0.wp.com\/infos-droitshumains.net\/wp-content\/uploads\/2022\/05\/Logo.png?fit=333%2C129&ssl=1","width":333,"height":129,"caption":"Infos Droits Humains"},"image":{"@id":"https:\/\/infos-droitshumains.net\/#\/schema\/logo\/image\/"}},{"@type":"Person","@id":"https:\/\/infos-droitshumains.net\/#\/schema\/person\/3dc5e921c3302172e0ed4362f96faab7","name":"Jo\u00ebl Diawa","image":{"@type":"ImageObject","inLanguage":"fr-FR","@id":"https:\/\/secure.gravatar.com\/avatar\/729bea6ff4604c624417803c477363be8e3c7186deaa65713313f9b4b820f41c?s=96&d=mm&r=g","url":"https:\/\/secure.gravatar.com\/avatar\/729bea6ff4604c624417803c477363be8e3c7186deaa65713313f9b4b820f41c?s=96&d=mm&r=g","contentUrl":"https:\/\/secure.gravatar.com\/avatar\/729bea6ff4604c624417803c477363be8e3c7186deaa65713313f9b4b820f41c?s=96&d=mm&r=g","caption":"Jo\u00ebl Diawa"},"sameAs":["https:\/\/www.infos-droitshumains.net"],"url":"https:\/\/infos-droitshumains.net\/?author=2"}]}},"featured_image_urls":{"full":["https:\/\/i0.wp.com\/infos-droitshumains.net\/wp-content\/uploads\/2024\/05\/SAMUEL-MBEMBA.jpg?fit=634%2C451&ssl=1",634,451,false],"thumbnail":["https:\/\/i0.wp.com\/infos-droitshumains.net\/wp-content\/uploads\/2024\/05\/SAMUEL-MBEMBA.jpg?resize=150%2C150&ssl=1",150,150,true],"medium":["https:\/\/i0.wp.com\/infos-droitshumains.net\/wp-content\/uploads\/2024\/05\/SAMUEL-MBEMBA.jpg?fit=300%2C213&ssl=1",300,213,true],"medium_large":["https:\/\/i0.wp.com\/infos-droitshumains.net\/wp-content\/uploads\/2024\/05\/SAMUEL-MBEMBA.jpg?fit=634%2C451&ssl=1",634,451,true],"large":["https:\/\/i0.wp.com\/infos-droitshumains.net\/wp-content\/uploads\/2024\/05\/SAMUEL-MBEMBA.jpg?fit=634%2C451&ssl=1",634,451,true],"1536x1536":["https:\/\/i0.wp.com\/infos-droitshumains.net\/wp-content\/uploads\/2024\/05\/SAMUEL-MBEMBA.jpg?fit=634%2C451&ssl=1",634,451,true],"2048x2048":["https:\/\/i0.wp.com\/infos-droitshumains.net\/wp-content\/uploads\/2024\/05\/SAMUEL-MBEMBA.jpg?fit=634%2C451&ssl=1",634,451,true],"covernews-slider-full":["https:\/\/i0.wp.com\/infos-droitshumains.net\/wp-content\/uploads\/2024\/05\/SAMUEL-MBEMBA.jpg?resize=634%2C451&ssl=1",634,451,true],"covernews-slider-center":["https:\/\/i0.wp.com\/infos-droitshumains.net\/wp-content\/uploads\/2024\/05\/SAMUEL-MBEMBA.jpg?resize=634%2C451&ssl=1",634,451,true],"covernews-featured":["https:\/\/i0.wp.com\/infos-droitshumains.net\/wp-content\/uploads\/2024\/05\/SAMUEL-MBEMBA.jpg?fit=634%2C451&ssl=1",634,451,true],"covernews-medium":["https:\/\/i0.wp.com\/infos-droitshumains.net\/wp-content\/uploads\/2024\/05\/SAMUEL-MBEMBA.jpg?resize=540%2C340&ssl=1",540,340,true],"covernews-medium-square":["https:\/\/i0.wp.com\/infos-droitshumains.net\/wp-content\/uploads\/2024\/05\/SAMUEL-MBEMBA.jpg?resize=400%2C250&ssl=1",400,250,true]},"author_info":{"display_name":"Jo\u00ebl Diawa","author_link":"https:\/\/infos-droitshumains.net\/?author=2"},"category_info":"<a href=\"https:\/\/infos-droitshumains.net\/?cat=3\" rel=\"category\">Politique<\/a>","tag_info":"Politique","comment_count":"0","jetpack_featured_media_url":"https:\/\/i0.wp.com\/infos-droitshumains.net\/wp-content\/uploads\/2024\/05\/SAMUEL-MBEMBA.jpg?fit=634%2C451&ssl=1","jetpack-related-posts":[],"jetpack_sharing_enabled":true,"_links":{"self":[{"href":"https:\/\/infos-droitshumains.net\/index.php?rest_route=\/wp\/v2\/posts\/10041","targetHints":{"allow":["GET"]}}],"collection":[{"href":"https:\/\/infos-droitshumains.net\/index.php?rest_route=\/wp\/v2\/posts"}],"about":[{"href":"https:\/\/infos-droitshumains.net\/index.php?rest_route=\/wp\/v2\/types\/post"}],"author":[{"embeddable":true,"href":"https:\/\/infos-droitshumains.net\/index.php?rest_route=\/wp\/v2\/users\/2"}],"replies":[{"embeddable":true,"href":"https:\/\/infos-droitshumains.net\/index.php?rest_route=%2Fwp%2Fv2%2Fcomments&post=10041"}],"version-history":[{"count":1,"href":"https:\/\/infos-droitshumains.net\/index.php?rest_route=\/wp\/v2\/posts\/10041\/revisions"}],"predecessor-version":[{"id":10043,"href":"https:\/\/infos-droitshumains.net\/index.php?rest_route=\/wp\/v2\/posts\/10041\/revisions\/10043"}],"wp:featuredmedia":[{"embeddable":true,"href":"https:\/\/infos-droitshumains.net\/index.php?rest_route=\/wp\/v2\/media\/10042"}],"wp:attachment":[{"href":"https:\/\/infos-droitshumains.net\/index.php?rest_route=%2Fwp%2Fv2%2Fmedia&parent=10041"}],"wp:term":[{"taxonomy":"category","embeddable":true,"href":"https:\/\/infos-droitshumains.net\/index.php?rest_route=%2Fwp%2Fv2%2Fcategories&post=10041"},{"taxonomy":"post_tag","embeddable":true,"href":"https:\/\/infos-droitshumains.net\/index.php?rest_route=%2Fwp%2Fv2%2Ftags&post=10041"}],"curies":[{"name":"wp","href":"https:\/\/api.w.org\/{rel}","templated":true}]}}