{"id":10022,"date":"2024-05-29T11:28:40","date_gmt":"2024-05-29T09:28:40","guid":{"rendered":"https:\/\/infos-droitshumains.net\/?p=10022"},"modified":"2024-05-29T12:37:30","modified_gmt":"2024-05-29T10:37:30","slug":"rdc-tout-savoir-sur-le-gouvernement-suminwa","status":"publish","type":"post","link":"https:\/\/infos-droitshumains.net\/?p=10022","title":{"rendered":"RDC\u00a0: R\u00e9duction de la taille, augmentation du taux de la repr\u00e9sentation f\u00e9minine, tout savoir sur le gouvernement Suminwa"},"content":{"rendered":"\n<p><strong>R\u00e9daction: +243 817 406 088<\/strong><\/p>\n\n\n\n<h3 class=\"wp-block-heading has-vivid-red-color has-text-color has-link-color wp-elements-de7a3dbd6f9ef940e511ab0e8c40cfcd\">L\u2019ordonnance pr\u00e9sidentielle portant nomination des membres du gouvernement Judith Suminwa a \u00e9t\u00e9 lue ce mercredi 29 mai 2024. Comparativement au gouvernement Sama Lukonde, sa taille a \u00e9t\u00e9 relativement r\u00e9duite passant de 57 \u00e0 54 soit, une r\u00e9duction de 6% de l&rsquo;effectif. Avec 18 femmes qui repr\u00e9sente une moyennene de 32%, Il est constitu\u00e9 de 6 Vice Premier-Ministres, 9 Ministres d\u2019Etat, 24 Ministres, 4 Ministres d\u00e9l\u00e9gu\u00e9s et 10 Vice Ministres.<\/h3>\n\n\n\n<p>20 membres du gouvernement Sama II ont \u00e9t\u00e9 reconduits et\/ou permut\u00e9 alors 34 nouvelles figures font leur entr\u00e9e parmi lesquelles, Jacqueman Shabani qui prend la place de Peter Kazadi \u00e0 la vice primature de l\u2019int\u00e9rieure s\u00e9curit\u00e9, d\u00e9centralisation et affaires coutumi\u00e8res il y a \u00e9galement Guylain NYEMBO MBWISA&nbsp;qui quitte le cabinet du Chef de l\u2019Etat pour g\u00e9rer le portefeuille du Plan et de la coordination de l\u2019aide au d\u00e9veloppement. Guy Kabombo Mwadianvita&nbsp;qui jusqu\u2019\u00e0 pr\u00e9sent directeur du journal officiel sera d\u00e9sormais \u00e0 la d\u00e9fense nationale et anciens combattants en remplacement de Jean-Pierre Bemba qui lui s\u2019occupera de la vice primature en charge des transports voies de communications et d\u00e9senclavement. Au&nbsp; nombre des permut\u00e9s il y aussi Aim\u00e9 Molendo Sakombi qui quitte les affaires fonci\u00e8res pour les hydrocarbures portefeuille pilot\u00e9 par Didier Budimbu qui lui a \u00e9t\u00e9 envoy\u00e9 s\u2019occupera des sports et loisirs. Apr\u00e8s environs 8 ans pass\u00e9s au minist\u00e8re du commerce ext\u00e9rieur Jean-Lucien Busa a c\u00e9d\u00e9 le fauteuil \u00e0 Julien Paluku qui \u00e9tait ministre de l\u2019industrie, il s\u2019occupera d\u00e9sormais du minist\u00e8re du portefeuille.<\/p>\n\n\n\n<p>Parmi les ministres ayant \u00e9t\u00e9 reconduits, il y a Jean-Pierre \u00e0 la&nbsp;fonction publique, modernisation de l\u2019administration et innovation du service public, Eve BAZAIBA au Ministre de l\u2019environnement et d\u00e9veloppement durable, Aim\u00e9 Boji Sangara au&nbsp;budget, Alexis Gisaro aux infrastructures et travaux publics, Guy Loando Mboyo \u00e0 l\u2019am\u00e9nagement du territoire, Gilbert KABANDA \u00e0 la recherche scientifique et innovations technologiques, Patrick Muyaya \u00e0 la communication, m\u00e9dia et porte-parole du gouvernement, Ir\u00e8ne Esambo&nbsp;, Ministre d\u00e9l\u00e9gu\u00e9e pr\u00e8s le Ministre des affaires sociales en charge des personnes vivant avec handicap.<\/p>\n\n\n\n<p>Augustin Kibasa Maliba en plus de son minist\u00e8re&nbsp;des Postes et t\u00e9l\u00e9communications qui a vu les attributions du minist\u00e8re du num\u00e9rique&nbsp;\u00eatre incorpor\u00e9s au sien tandis qu\u2019Elys\u00e9e Bokumuana Maposo, Samy Adubango, Godard Motemona et Wivine Moleka&nbsp;ont conserv\u00e9 leurs vices Minist\u00e8re respectivement au budget, \u00e0 la d\u00e9fense nationale et anciens combattants aux mines&nbsp;et aux hydrocarbures.<\/p>\n\n\n\n<p>Dans les jours qui suivent ce gouvernement qui a attendu un peu plus de quatre mois avant sa publication sera investi par l\u2019Assembl\u00e9e Nationale afin de mettre en \u0153uvre l\u2019action gouvernementale du Pr\u00e9sident F\u00e9lix Tshisekedi.<\/p>\n\n\n\n<p>Voici par ailluers la liste de tous les membres du gouvernement Judith Suminwa:<\/p>\n\n\n\n<div data-wp-interactive=\"core\/file\" class=\"wp-block-file\"><object data-wp-bind--hidden=\"!state.hasPdfPreview\" hidden class=\"wp-block-file__embed\" data=\"https:\/\/infos-droitshumains.net\/wp-content\/uploads\/2024\/05\/LISTE-FIN.pdf\" type=\"application\/pdf\" style=\"width:100%;height:600px\" aria-label=\"Contenu embarqu\u00e9 LISTE-FIN.\"><\/object><a id=\"wp-block-file--media-95e683b6-6698-465c-b314-8efaebbc12d8\" href=\"https:\/\/infos-droitshumains.net\/wp-content\/uploads\/2024\/05\/LISTE-FIN.pdf\">LISTE-FIN<\/a><a href=\"https:\/\/infos-droitshumains.net\/wp-content\/uploads\/2024\/05\/LISTE-FIN.pdf\" class=\"wp-block-file__button wp-element-button\" download aria-describedby=\"wp-block-file--media-95e683b6-6698-465c-b314-8efaebbc12d8\">T\u00e9l\u00e9charger<\/a><\/div>\n\n\n\n<p>Jo\u00ebl Diawa<\/p>\n","protected":false},"excerpt":{"rendered":"<p>R\u00e9daction: +243 817 406 088 L\u2019ordonnance pr\u00e9sidentielle portant nomination des membres du gouvernement Judith Suminwa&#8230;<\/p>\n","protected":false},"author":2,"featured_media":10026,"comment_status":"open","ping_status":"open","sticky":false,"template":"","format":"standard","meta":{"_jetpack_memberships_contains_paid_content":false,"footnotes":""},"categories":[3],"tags":[],"class_list":["post-10022","post","type-post","status-publish","format-standard","has-post-thumbnail","hentry","category-politique"],"yoast_head":"<!-- This site is optimized with the Yoast SEO plugin v27.5 - https:\/\/yoast.com\/product\/yoast-seo-wordpress\/ -->\n<title>RDC\u00a0: R\u00e9duction de la taille, augmentation du taux de la repr\u00e9sentation f\u00e9minine, tout savoir sur le gouvernement Suminwa - Infos Droits Humains<\/title>\n<meta name=\"robots\" content=\"index, follow, max-snippet:-1, max-image-preview:large, max-video-preview:-1\" \/>\n<link rel=\"canonical\" href=\"https:\/\/infos-droitshumains.net\/?p=10022\" \/>\n<meta property=\"og:locale\" content=\"fr_FR\" \/>\n<meta property=\"og:type\" content=\"article\" \/>\n<meta property=\"og:title\" content=\"RDC\u00a0: R\u00e9duction de la taille, augmentation du taux de la repr\u00e9sentation f\u00e9minine, tout savoir sur le gouvernement Suminwa - Infos Droits Humains\" \/>\n<meta property=\"og:description\" content=\"R\u00e9daction: +243 817 406 088 L\u2019ordonnance pr\u00e9sidentielle portant nomination des membres du gouvernement Judith Suminwa...\" \/>\n<meta property=\"og:url\" content=\"https:\/\/infos-droitshumains.net\/?p=10022\" \/>\n<meta property=\"og:site_name\" content=\"Infos Droits Humains\" \/>\n<meta property=\"article:published_time\" content=\"2024-05-29T09:28:40+00:00\" \/>\n<meta property=\"article:modified_time\" content=\"2024-05-29T10:37:30+00:00\" \/>\n<meta property=\"og:image\" content=\"https:\/\/infos-droitshumains.net\/wp-content\/uploads\/2024\/05\/SUMINWA.jpg\" \/>\n\t<meta property=\"og:image:width\" content=\"1200\" \/>\n\t<meta property=\"og:image:height\" content=\"900\" \/>\n\t<meta property=\"og:image:type\" content=\"image\/jpeg\" \/>\n<meta name=\"author\" content=\"Jo\u00ebl Diawa\" \/>\n<meta name=\"twitter:card\" content=\"summary_large_image\" \/>\n<meta name=\"twitter:label1\" content=\"\u00c9crit par\" \/>\n\t<meta name=\"twitter:data1\" content=\"Jo\u00ebl Diawa\" \/>\n\t<meta name=\"twitter:label2\" content=\"Dur\u00e9e de lecture estim\u00e9e\" \/>\n\t<meta name=\"twitter:data2\" content=\"3 minutes\" \/>\n<script type=\"application\/ld+json\" class=\"yoast-schema-graph\">{\"@context\":\"https:\\\/\\\/schema.org\",\"@graph\":[{\"@type\":\"Article\",\"@id\":\"https:\\\/\\\/infos-droitshumains.net\\\/?p=10022#article\",\"isPartOf\":{\"@id\":\"https:\\\/\\\/infos-droitshumains.net\\\/?p=10022\"},\"author\":{\"name\":\"Jo\u00ebl Diawa\",\"@id\":\"https:\\\/\\\/infos-droitshumains.net\\\/#\\\/schema\\\/person\\\/3dc5e921c3302172e0ed4362f96faab7\"},\"headline\":\"RDC\u00a0: R\u00e9duction de la taille, augmentation du taux de la repr\u00e9sentation f\u00e9minine, tout savoir sur le gouvernement Suminwa\",\"datePublished\":\"2024-05-29T09:28:40+00:00\",\"dateModified\":\"2024-05-29T10:37:30+00:00\",\"mainEntityOfPage\":{\"@id\":\"https:\\\/\\\/infos-droitshumains.net\\\/?p=10022\"},\"wordCount\":511,\"commentCount\":0,\"publisher\":{\"@id\":\"https:\\\/\\\/infos-droitshumains.net\\\/#organization\"},\"image\":{\"@id\":\"https:\\\/\\\/infos-droitshumains.net\\\/?p=10022#primaryimage\"},\"thumbnailUrl\":\"https:\\\/\\\/i0.wp.com\\\/infos-droitshumains.net\\\/wp-content\\\/uploads\\\/2024\\\/05\\\/SUMINWA.jpg?fit=1200%2C900&ssl=1\",\"articleSection\":[\"Politique\"],\"inLanguage\":\"fr-FR\",\"potentialAction\":[{\"@type\":\"CommentAction\",\"name\":\"Comment\",\"target\":[\"https:\\\/\\\/infos-droitshumains.net\\\/?p=10022#respond\"]}]},{\"@type\":\"WebPage\",\"@id\":\"https:\\\/\\\/infos-droitshumains.net\\\/?p=10022\",\"url\":\"https:\\\/\\\/infos-droitshumains.net\\\/?p=10022\",\"name\":\"RDC\u00a0: R\u00e9duction de la taille, augmentation du taux de la repr\u00e9sentation f\u00e9minine, tout savoir sur le gouvernement Suminwa - Infos Droits Humains\",\"isPartOf\":{\"@id\":\"https:\\\/\\\/infos-droitshumains.net\\\/#website\"},\"primaryImageOfPage\":{\"@id\":\"https:\\\/\\\/infos-droitshumains.net\\\/?p=10022#primaryimage\"},\"image\":{\"@id\":\"https:\\\/\\\/infos-droitshumains.net\\\/?p=10022#primaryimage\"},\"thumbnailUrl\":\"https:\\\/\\\/i0.wp.com\\\/infos-droitshumains.net\\\/wp-content\\\/uploads\\\/2024\\\/05\\\/SUMINWA.jpg?fit=1200%2C900&ssl=1\",\"datePublished\":\"2024-05-29T09:28:40+00:00\",\"dateModified\":\"2024-05-29T10:37:30+00:00\",\"breadcrumb\":{\"@id\":\"https:\\\/\\\/infos-droitshumains.net\\\/?p=10022#breadcrumb\"},\"inLanguage\":\"fr-FR\",\"potentialAction\":[{\"@type\":\"ReadAction\",\"target\":[\"https:\\\/\\\/infos-droitshumains.net\\\/?p=10022\"]}]},{\"@type\":\"ImageObject\",\"inLanguage\":\"fr-FR\",\"@id\":\"https:\\\/\\\/infos-droitshumains.net\\\/?p=10022#primaryimage\",\"url\":\"https:\\\/\\\/i0.wp.com\\\/infos-droitshumains.net\\\/wp-content\\\/uploads\\\/2024\\\/05\\\/SUMINWA.jpg?fit=1200%2C900&ssl=1\",\"contentUrl\":\"https:\\\/\\\/i0.wp.com\\\/infos-droitshumains.net\\\/wp-content\\\/uploads\\\/2024\\\/05\\\/SUMINWA.jpg?fit=1200%2C900&ssl=1\",\"width\":1200,\"height\":900},{\"@type\":\"BreadcrumbList\",\"@id\":\"https:\\\/\\\/infos-droitshumains.net\\\/?p=10022#breadcrumb\",\"itemListElement\":[{\"@type\":\"ListItem\",\"position\":1,\"name\":\"Accueil\",\"item\":\"https:\\\/\\\/infos-droitshumains.net\\\/\"},{\"@type\":\"ListItem\",\"position\":2,\"name\":\"RDC\u00a0: R\u00e9duction de la taille, augmentation du taux de la repr\u00e9sentation f\u00e9minine, tout savoir sur le gouvernement Suminwa\"}]},{\"@type\":\"WebSite\",\"@id\":\"https:\\\/\\\/infos-droitshumains.net\\\/#website\",\"url\":\"https:\\\/\\\/infos-droitshumains.net\\\/\",\"name\":\"Infos Droits Humains\",\"description\":\"S&#039;informer est un droit\",\"publisher\":{\"@id\":\"https:\\\/\\\/infos-droitshumains.net\\\/#organization\"},\"potentialAction\":[{\"@type\":\"SearchAction\",\"target\":{\"@type\":\"EntryPoint\",\"urlTemplate\":\"https:\\\/\\\/infos-droitshumains.net\\\/?s={search_term_string}\"},\"query-input\":{\"@type\":\"PropertyValueSpecification\",\"valueRequired\":true,\"valueName\":\"search_term_string\"}}],\"inLanguage\":\"fr-FR\"},{\"@type\":\"Organization\",\"@id\":\"https:\\\/\\\/infos-droitshumains.net\\\/#organization\",\"name\":\"Infos Droits Humains\",\"url\":\"https:\\\/\\\/infos-droitshumains.net\\\/\",\"logo\":{\"@type\":\"ImageObject\",\"inLanguage\":\"fr-FR\",\"@id\":\"https:\\\/\\\/infos-droitshumains.net\\\/#\\\/schema\\\/logo\\\/image\\\/\",\"url\":\"https:\\\/\\\/i0.wp.com\\\/infos-droitshumains.net\\\/wp-content\\\/uploads\\\/2022\\\/05\\\/Logo.png?fit=333%2C129&ssl=1\",\"contentUrl\":\"https:\\\/\\\/i0.wp.com\\\/infos-droitshumains.net\\\/wp-content\\\/uploads\\\/2022\\\/05\\\/Logo.png?fit=333%2C129&ssl=1\",\"width\":333,\"height\":129,\"caption\":\"Infos Droits Humains\"},\"image\":{\"@id\":\"https:\\\/\\\/infos-droitshumains.net\\\/#\\\/schema\\\/logo\\\/image\\\/\"}},{\"@type\":\"Person\",\"@id\":\"https:\\\/\\\/infos-droitshumains.net\\\/#\\\/schema\\\/person\\\/3dc5e921c3302172e0ed4362f96faab7\",\"name\":\"Jo\u00ebl Diawa\",\"image\":{\"@type\":\"ImageObject\",\"inLanguage\":\"fr-FR\",\"@id\":\"https:\\\/\\\/secure.gravatar.com\\\/avatar\\\/729bea6ff4604c624417803c477363be8e3c7186deaa65713313f9b4b820f41c?s=96&d=mm&r=g\",\"url\":\"https:\\\/\\\/secure.gravatar.com\\\/avatar\\\/729bea6ff4604c624417803c477363be8e3c7186deaa65713313f9b4b820f41c?s=96&d=mm&r=g\",\"contentUrl\":\"https:\\\/\\\/secure.gravatar.com\\\/avatar\\\/729bea6ff4604c624417803c477363be8e3c7186deaa65713313f9b4b820f41c?s=96&d=mm&r=g\",\"caption\":\"Jo\u00ebl Diawa\"},\"sameAs\":[\"https:\\\/\\\/www.infos-droitshumains.net\"],\"url\":\"https:\\\/\\\/infos-droitshumains.net\\\/?author=2\"}]}<\/script>\n<!-- \/ Yoast SEO plugin. -->","yoast_head_json":{"title":"RDC\u00a0: R\u00e9duction de la taille, augmentation du taux de la repr\u00e9sentation f\u00e9minine, tout savoir sur le gouvernement Suminwa - Infos Droits Humains","robots":{"index":"index","follow":"follow","max-snippet":"max-snippet:-1","max-image-preview":"max-image-preview:large","max-video-preview":"max-video-preview:-1"},"canonical":"https:\/\/infos-droitshumains.net\/?p=10022","og_locale":"fr_FR","og_type":"article","og_title":"RDC\u00a0: R\u00e9duction de la taille, augmentation du taux de la repr\u00e9sentation f\u00e9minine, tout savoir sur le gouvernement Suminwa - Infos Droits Humains","og_description":"R\u00e9daction: +243 817 406 088 L\u2019ordonnance pr\u00e9sidentielle portant nomination des membres du gouvernement Judith Suminwa...","og_url":"https:\/\/infos-droitshumains.net\/?p=10022","og_site_name":"Infos Droits Humains","article_published_time":"2024-05-29T09:28:40+00:00","article_modified_time":"2024-05-29T10:37:30+00:00","og_image":[{"width":1200,"height":900,"url":"https:\/\/infos-droitshumains.net\/wp-content\/uploads\/2024\/05\/SUMINWA.jpg","type":"image\/jpeg"}],"author":"Jo\u00ebl Diawa","twitter_card":"summary_large_image","twitter_misc":{"\u00c9crit par":"Jo\u00ebl Diawa","Dur\u00e9e de lecture estim\u00e9e":"3 minutes"},"schema":{"@context":"https:\/\/schema.org","@graph":[{"@type":"Article","@id":"https:\/\/infos-droitshumains.net\/?p=10022#article","isPartOf":{"@id":"https:\/\/infos-droitshumains.net\/?p=10022"},"author":{"name":"Jo\u00ebl Diawa","@id":"https:\/\/infos-droitshumains.net\/#\/schema\/person\/3dc5e921c3302172e0ed4362f96faab7"},"headline":"RDC\u00a0: R\u00e9duction de la taille, augmentation du taux de la repr\u00e9sentation f\u00e9minine, tout savoir sur le gouvernement Suminwa","datePublished":"2024-05-29T09:28:40+00:00","dateModified":"2024-05-29T10:37:30+00:00","mainEntityOfPage":{"@id":"https:\/\/infos-droitshumains.net\/?p=10022"},"wordCount":511,"commentCount":0,"publisher":{"@id":"https:\/\/infos-droitshumains.net\/#organization"},"image":{"@id":"https:\/\/infos-droitshumains.net\/?p=10022#primaryimage"},"thumbnailUrl":"https:\/\/i0.wp.com\/infos-droitshumains.net\/wp-content\/uploads\/2024\/05\/SUMINWA.jpg?fit=1200%2C900&ssl=1","articleSection":["Politique"],"inLanguage":"fr-FR","potentialAction":[{"@type":"CommentAction","name":"Comment","target":["https:\/\/infos-droitshumains.net\/?p=10022#respond"]}]},{"@type":"WebPage","@id":"https:\/\/infos-droitshumains.net\/?p=10022","url":"https:\/\/infos-droitshumains.net\/?p=10022","name":"RDC\u00a0: R\u00e9duction de la taille, augmentation du taux de la repr\u00e9sentation f\u00e9minine, tout savoir sur le gouvernement Suminwa - Infos Droits Humains","isPartOf":{"@id":"https:\/\/infos-droitshumains.net\/#website"},"primaryImageOfPage":{"@id":"https:\/\/infos-droitshumains.net\/?p=10022#primaryimage"},"image":{"@id":"https:\/\/infos-droitshumains.net\/?p=10022#primaryimage"},"thumbnailUrl":"https:\/\/i0.wp.com\/infos-droitshumains.net\/wp-content\/uploads\/2024\/05\/SUMINWA.jpg?fit=1200%2C900&ssl=1","datePublished":"2024-05-29T09:28:40+00:00","dateModified":"2024-05-29T10:37:30+00:00","breadcrumb":{"@id":"https:\/\/infos-droitshumains.net\/?p=10022#breadcrumb"},"inLanguage":"fr-FR","potentialAction":[{"@type":"ReadAction","target":["https:\/\/infos-droitshumains.net\/?p=10022"]}]},{"@type":"ImageObject","inLanguage":"fr-FR","@id":"https:\/\/infos-droitshumains.net\/?p=10022#primaryimage","url":"https:\/\/i0.wp.com\/infos-droitshumains.net\/wp-content\/uploads\/2024\/05\/SUMINWA.jpg?fit=1200%2C900&ssl=1","contentUrl":"https:\/\/i0.wp.com\/infos-droitshumains.net\/wp-content\/uploads\/2024\/05\/SUMINWA.jpg?fit=1200%2C900&ssl=1","width":1200,"height":900},{"@type":"BreadcrumbList","@id":"https:\/\/infos-droitshumains.net\/?p=10022#breadcrumb","itemListElement":[{"@type":"ListItem","position":1,"name":"Accueil","item":"https:\/\/infos-droitshumains.net\/"},{"@type":"ListItem","position":2,"name":"RDC\u00a0: R\u00e9duction de la taille, augmentation du taux de la repr\u00e9sentation f\u00e9minine, tout savoir sur le gouvernement Suminwa"}]},{"@type":"WebSite","@id":"https:\/\/infos-droitshumains.net\/#website","url":"https:\/\/infos-droitshumains.net\/","name":"Infos Droits Humains","description":"S&#039;informer est un droit","publisher":{"@id":"https:\/\/infos-droitshumains.net\/#organization"},"potentialAction":[{"@type":"SearchAction","target":{"@type":"EntryPoint","urlTemplate":"https:\/\/infos-droitshumains.net\/?s={search_term_string}"},"query-input":{"@type":"PropertyValueSpecification","valueRequired":true,"valueName":"search_term_string"}}],"inLanguage":"fr-FR"},{"@type":"Organization","@id":"https:\/\/infos-droitshumains.net\/#organization","name":"Infos Droits Humains","url":"https:\/\/infos-droitshumains.net\/","logo":{"@type":"ImageObject","inLanguage":"fr-FR","@id":"https:\/\/infos-droitshumains.net\/#\/schema\/logo\/image\/","url":"https:\/\/i0.wp.com\/infos-droitshumains.net\/wp-content\/uploads\/2022\/05\/Logo.png?fit=333%2C129&ssl=1","contentUrl":"https:\/\/i0.wp.com\/infos-droitshumains.net\/wp-content\/uploads\/2022\/05\/Logo.png?fit=333%2C129&ssl=1","width":333,"height":129,"caption":"Infos Droits Humains"},"image":{"@id":"https:\/\/infos-droitshumains.net\/#\/schema\/logo\/image\/"}},{"@type":"Person","@id":"https:\/\/infos-droitshumains.net\/#\/schema\/person\/3dc5e921c3302172e0ed4362f96faab7","name":"Jo\u00ebl Diawa","image":{"@type":"ImageObject","inLanguage":"fr-FR","@id":"https:\/\/secure.gravatar.com\/avatar\/729bea6ff4604c624417803c477363be8e3c7186deaa65713313f9b4b820f41c?s=96&d=mm&r=g","url":"https:\/\/secure.gravatar.com\/avatar\/729bea6ff4604c624417803c477363be8e3c7186deaa65713313f9b4b820f41c?s=96&d=mm&r=g","contentUrl":"https:\/\/secure.gravatar.com\/avatar\/729bea6ff4604c624417803c477363be8e3c7186deaa65713313f9b4b820f41c?s=96&d=mm&r=g","caption":"Jo\u00ebl Diawa"},"sameAs":["https:\/\/www.infos-droitshumains.net"],"url":"https:\/\/infos-droitshumains.net\/?author=2"}]}},"featured_image_urls":{"full":["https:\/\/i0.wp.com\/infos-droitshumains.net\/wp-content\/uploads\/2024\/05\/SUMINWA.jpg?fit=1200%2C900&ssl=1",1200,900,false],"thumbnail":["https:\/\/i0.wp.com\/infos-droitshumains.net\/wp-content\/uploads\/2024\/05\/SUMINWA.jpg?resize=150%2C150&ssl=1",150,150,true],"medium":["https:\/\/i0.wp.com\/infos-droitshumains.net\/wp-content\/uploads\/2024\/05\/SUMINWA.jpg?fit=300%2C225&ssl=1",300,225,true],"medium_large":["https:\/\/i0.wp.com\/infos-droitshumains.net\/wp-content\/uploads\/2024\/05\/SUMINWA.jpg?fit=640%2C480&ssl=1",640,480,true],"large":["https:\/\/i0.wp.com\/infos-droitshumains.net\/wp-content\/uploads\/2024\/05\/SUMINWA.jpg?fit=640%2C480&ssl=1",640,480,true],"1536x1536":["https:\/\/i0.wp.com\/infos-droitshumains.net\/wp-content\/uploads\/2024\/05\/SUMINWA.jpg?fit=1200%2C900&ssl=1",1200,900,true],"2048x2048":["https:\/\/i0.wp.com\/infos-droitshumains.net\/wp-content\/uploads\/2024\/05\/SUMINWA.jpg?fit=1200%2C900&ssl=1",1200,900,true],"covernews-slider-full":["https:\/\/i0.wp.com\/infos-droitshumains.net\/wp-content\/uploads\/2024\/05\/SUMINWA.jpg?resize=1115%2C715&ssl=1",1115,715,true],"covernews-slider-center":["https:\/\/i0.wp.com\/infos-droitshumains.net\/wp-content\/uploads\/2024\/05\/SUMINWA.jpg?resize=800%2C500&ssl=1",800,500,true],"covernews-featured":["https:\/\/i0.wp.com\/infos-droitshumains.net\/wp-content\/uploads\/2024\/05\/SUMINWA.jpg?fit=1024%2C768&ssl=1",1024,768,true],"covernews-medium":["https:\/\/i0.wp.com\/infos-droitshumains.net\/wp-content\/uploads\/2024\/05\/SUMINWA.jpg?resize=540%2C340&ssl=1",540,340,true],"covernews-medium-square":["https:\/\/i0.wp.com\/infos-droitshumains.net\/wp-content\/uploads\/2024\/05\/SUMINWA.jpg?resize=400%2C250&ssl=1",400,250,true]},"author_info":{"display_name":"Jo\u00ebl Diawa","author_link":"https:\/\/infos-droitshumains.net\/?author=2"},"category_info":"<a href=\"https:\/\/infos-droitshumains.net\/?cat=3\" rel=\"category\">Politique<\/a>","tag_info":"Politique","comment_count":"0","jetpack_featured_media_url":"https:\/\/i0.wp.com\/infos-droitshumains.net\/wp-content\/uploads\/2024\/05\/SUMINWA.jpg?fit=1200%2C900&ssl=1","jetpack-related-posts":[],"jetpack_sharing_enabled":true,"_links":{"self":[{"href":"https:\/\/infos-droitshumains.net\/index.php?rest_route=\/wp\/v2\/posts\/10022","targetHints":{"allow":["GET"]}}],"collection":[{"href":"https:\/\/infos-droitshumains.net\/index.php?rest_route=\/wp\/v2\/posts"}],"about":[{"href":"https:\/\/infos-droitshumains.net\/index.php?rest_route=\/wp\/v2\/types\/post"}],"author":[{"embeddable":true,"href":"https:\/\/infos-droitshumains.net\/index.php?rest_route=\/wp\/v2\/users\/2"}],"replies":[{"embeddable":true,"href":"https:\/\/infos-droitshumains.net\/index.php?rest_route=%2Fwp%2Fv2%2Fcomments&post=10022"}],"version-history":[{"count":5,"href":"https:\/\/infos-droitshumains.net\/index.php?rest_route=\/wp\/v2\/posts\/10022\/revisions"}],"predecessor-version":[{"id":10038,"href":"https:\/\/infos-droitshumains.net\/index.php?rest_route=\/wp\/v2\/posts\/10022\/revisions\/10038"}],"wp:featuredmedia":[{"embeddable":true,"href":"https:\/\/infos-droitshumains.net\/index.php?rest_route=\/wp\/v2\/media\/10026"}],"wp:attachment":[{"href":"https:\/\/infos-droitshumains.net\/index.php?rest_route=%2Fwp%2Fv2%2Fmedia&parent=10022"}],"wp:term":[{"taxonomy":"category","embeddable":true,"href":"https:\/\/infos-droitshumains.net\/index.php?rest_route=%2Fwp%2Fv2%2Fcategories&post=10022"},{"taxonomy":"post_tag","embeddable":true,"href":"https:\/\/infos-droitshumains.net\/index.php?rest_route=%2Fwp%2Fv2%2Ftags&post=10022"}],"curies":[{"name":"wp","href":"https:\/\/api.w.org\/{rel}","templated":true}]}}